{"id":661297,"date":"2026-01-13T19:40:21","date_gmt":"2026-01-13T19:40:21","guid":{"rendered":"https:\/\/www.europesays.com\/fr\/661297\/"},"modified":"2026-01-13T19:40:21","modified_gmt":"2026-01-13T19:40:21","slug":"2025-est-la-pire-annee-pour-le-marche-du-neuf-en-ile-de-france-motos-et-scooters-se-vendent-de-moins-en-moins","status":"publish","type":"post","link":"https:\/\/www.europesays.com\/fr\/661297\/","title":{"rendered":"\u00ab\u00a02025 est la pire ann\u00e9e pour le march\u00e9 du neuf\u00a0\u00bb\u00a0: en \u00cele-de-France, motos et scooters se vendent de moins en moins"},"content":{"rendered":"<p class=\"\">Les analystes qui ont compar\u00e9 les immatriculations de 2025 avec celles enregistr\u00e9es l\u2019ann\u00e9e pr\u00e9c\u00e9dente ont not\u00e9 un \u00ab\u00a0tassement\u00a0\u00bb de l\u2019activit\u00e9 \u2014 toutes r\u00e9gions et toutes motorisations confondues \u2014 de 7\u00a0% par rapport \u00e0 2024, alors que les chiffres \u00e9taient d\u00e9j\u00e0 en baisse de 9\u00a0% par rapport \u00e0 2023. \u00ab\u00a0Il y a eu une contraction globale\u00a0\u00bb du secteur, r\u00e9sume Marie-Laure Nivot, directrice des \u00e9tudes mobilit\u00e9s de AAA Data. \u00ab\u00a02025 est la pire ann\u00e9e pour le march\u00e9 du neuf, peut-\u00eatre depuis une d\u00e9cennie\u00a0\u00bb, compl\u00e8te Philippe Saby, directeur g\u00e9n\u00e9ral de Solly Azar, en justifiant ce constat par le contexte national d\u2019incertitude \u00e9conomique.<\/p>\n","protected":false},"excerpt":{"rendered":"Les analystes qui ont compar\u00e9 les immatriculations de 2025 avec celles enregistr\u00e9es l\u2019ann\u00e9e pr\u00e9c\u00e9dente ont not\u00e9 un \u00ab\u00a0tassement\u00a0\u00bb&hellip;\n","protected":false},"author":2,"featured_media":661298,"comment_status":"","ping_status":"","sticky":false,"template":"","format":"standard","meta":{"footnotes":""},"categories":[1592],"tags":[1111,11,33,1777,674,1011,27,662,1944,12,626,25,2382],"class_list":{"0":"post-661297","1":"post","2":"type-post","3":"status-publish","4":"format-standard","5":"has-post-thumbnail","7":"category-ile-de-france","8":"tag-actu","9":"tag-actualites","10":"tag-economie","11":"tag-eu","12":"tag-europe","13":"tag-fr","14":"tag-france","15":"tag-ile-de-france","16":"tag-ma-ville","17":"tag-news","18":"tag-paris","19":"tag-republique-francaise","20":"tag-transport-idf-oise"},"share_on_mastodon":{"url":"https:\/\/pubeurope.com\/@fr\/115889492771293341","error":""},"_links":{"self":[{"href":"https:\/\/www.europesays.com\/fr\/wp-json\/wp\/v2\/posts\/661297","targetHints":{"allow":["GET"]}}],"collection":[{"href":"https:\/\/www.europesays.com\/fr\/wp-json\/wp\/v2\/posts"}],"about":[{"href":"https:\/\/www.europesays.com\/fr\/wp-json\/wp\/v2\/types\/post"}],"author":[{"embeddable":true,"href":"https:\/\/www.europesays.com\/fr\/wp-json\/wp\/v2\/users\/2"}],"replies":[{"embeddable":true,"href":"https:\/\/www.europesays.com\/fr\/wp-json\/wp\/v2\/comments?post=661297"}],"version-history":[{"count":0,"href":"https:\/\/www.europesays.com\/fr\/wp-json\/wp\/v2\/posts\/661297\/revisions"}],"wp:featuredmedia":[{"embeddable":true,"href":"https:\/\/www.europesays.com\/fr\/wp-json\/wp\/v2\/media\/661298"}],"wp:attachment":[{"href":"https:\/\/www.europesays.com\/fr\/wp-json\/wp\/v2\/media?parent=661297"}],"wp:term":[{"taxonomy":"category","embeddable":true,"href":"https:\/\/www.europesays.com\/fr\/wp-json\/wp\/v2\/categories?post=661297"},{"taxonomy":"post_tag","embeddable":true,"href":"https:\/\/www.europesays.com\/fr\/wp-json\/wp\/v2\/tags?post=661297"}],"curies":[{"name":"wp","href":"https:\/\/api.w.org\/{rel}","templated":true}]}}