{"id":661299,"date":"2026-01-13T19:41:18","date_gmt":"2026-01-13T19:41:18","guid":{"rendered":"https:\/\/www.europesays.com\/fr\/661299\/"},"modified":"2026-01-13T19:41:18","modified_gmt":"2026-01-13T19:41:18","slug":"en-direct-agriculture-la-fnsea-campe-pres-de-lassemblee-sebastien-lecornu-annonce-une-loi-durgence-agricole","status":"publish","type":"post","link":"https:\/\/www.europesays.com\/fr\/661299\/","title":{"rendered":"En direct Agriculture. La FNSEA campe pr\u00e8s de l&rsquo;Assembl\u00e9e, S\u00e9bastien Lecornu annonce \u00ab\u00a0une loi d\u2019urgence agricole\u00a0\u00bb"},"content":{"rendered":"<p>Le coordinateur de La France insoumise Manuel Bompard\u00a0annonce\u00a0que son parti va saisir l&rsquo;Arcom et la justice <a href=\"https:\/\/www.ledauphine.com\/economie\/2026\/01\/13\/pas-facile-face-a-des-agriculteurs-blancs-les-propos-de-pascal-praud-font-un-tolle\" target=\"_blank\" rel=\"noopener\">apr\u00e8s des propos de l&rsquo;animateur Pascal Praud<\/a>. Sur CNews,\u00a0il a \u00e9voqu\u00e9\u00a0les policiers pour lesquels il ne serait \u00ab pas facile \u00bb de s&rsquo;interposer face \u00e0 des agriculteurs \u00ab blancs \u00bb. Pascal Praud assure\u00a0que la s\u00e9quence a\u00a0\u00e9t\u00e9 \u00ab sortie de son contexte pour (lui) faire dire l&rsquo;exact contraire de ce (qu&rsquo;il a) exprim\u00e9 \u00e0 l&rsquo;antenne \u00bb.<\/p>\n<p>La pol\u00e9mique est partie d&rsquo;une s\u00e9quence de l&rsquo;\u00e9mission de Pascal Praud, \u00ab\u00a0L&rsquo;Heure des Pros\u00a0\u00bb, ce mardi matin\u00a0: \u00ab Manifestement les policiers font leur travail et les gens en face sont blancs. Non mais c&rsquo;est important de le dire, parce que c&rsquo;est pas facile pour les policiers, ils sont oblig\u00e9s de s&rsquo;interposer en plus avec des gens de qui ils partagent parfois les convictions ou\u00a0[&#8230;]\u00a0les origines \u00bb, dit\u00a0Pascal Praud.\u00a0\u00ab En France, n&rsquo;en d\u00e9plaise \u00e0 Pascal Praud, la police n&rsquo;a pas \u00e0 agir en fonction de la couleur de peau. Ces propos sont des propos racistes inacceptables. Nous saisissons l&rsquo;Arcom [le r\u00e9gulateur de l&rsquo;audiovisuel, NDLR] et le procureur de la R\u00e9publique \u00bb, a \u00e9crit sur X Manuel Bompard.<\/p>\n<p>Ce contenu est bloqu\u00e9 car vous n&rsquo;avez pas accept\u00e9 les cookies et autres traceurs.<\/p>\n<p>En cliquant sur \u00ab J\u2019accepte \u00bb, les cookies et autres traceurs seront d\u00e9pos\u00e9s et vous pourrez visualiser les contenus  (<a href=\"\" class=\"consentModule_policy\" target=\"_blank\" title=\"Consulter la politique de protection des donn\u00e9es du fournisseur\">plus d&rsquo;informations<\/a>).<\/p>\n<p>En cliquant sur \u00ab J\u2019accepte tous les cookies \u00bb, vous autorisez des d\u00e9p\u00f4ts de cookies et autres traceurs pour le stockage de vos donn\u00e9es sur nos sites et applications \u00e0 des fins de personnalisation et de ciblage publicitaire.<\/p>\n<p class=\"consentModule_secondaryText\">Vous gardez la possibilit\u00e9 de retirer votre consentement \u00e0 tout moment en consultant notre <a href=\"https:\/\/www.ledauphine.com\/protection-des-donnees\" target=\"_blank\" title=\"Consulter notre politique de protection des donn\u00e9es\" rel=\"noopener\">politique de protection des donn\u00e9es<\/a>. <br \/>&#13;<br \/>\n            <a href=\"https:\/\/www.ledauphine.com\/economie\/2026\/01\/13\/javascript:Didomi.notice.show()\" class=\"consentModule_cmp\" target=\"_blank\" rel=\"noopener\">G\u00e9rer mes choix<\/a>&#13;\n        <\/p>\n<p>&#13;<br \/>\n                        J&rsquo;accepte&#13;<br \/>\n            J&rsquo;accepte tous les cookies&#13;\n        <\/p>\n","protected":false},"excerpt":{"rendered":"Le coordinateur de La France insoumise Manuel Bompard\u00a0annonce\u00a0que son parti va saisir l&rsquo;Arcom et la justice apr\u00e8s des&hellip;\n","protected":false},"author":2,"featured_media":661300,"comment_status":"","ping_status":"","sticky":false,"template":"","format":"standard","meta":{"footnotes":""},"categories":[1888],"tags":[1111,1928,11,1927,327,12255,33,1777,674,107,1011,27,329,12,1926,626,1925,316,25,801],"class_list":{"0":"post-661299","1":"post","2":"type-post","3":"status-publish","4":"format-standard","5":"has-post-thumbnail","7":"category-paris","8":"tag-actu","9":"tag-actu-paris","10":"tag-actualites","11":"tag-actualites-paris","12":"tag-agriculture","13":"tag-direct-actualite","14":"tag-economie","15":"tag-eu","16":"tag-europe","17":"tag-fil-info","18":"tag-fr","19":"tag-france","20":"tag-france-monde","21":"tag-news","22":"tag-news-paris","23":"tag-paris","24":"tag-paris-news","25":"tag-politique","26":"tag-republique-francaise","27":"tag-social"},"share_on_mastodon":{"url":"https:\/\/pubeurope.com\/@fr\/115889496566025650","error":""},"_links":{"self":[{"href":"https:\/\/www.europesays.com\/fr\/wp-json\/wp\/v2\/posts\/661299","targetHints":{"allow":["GET"]}}],"collection":[{"href":"https:\/\/www.europesays.com\/fr\/wp-json\/wp\/v2\/posts"}],"about":[{"href":"https:\/\/www.europesays.com\/fr\/wp-json\/wp\/v2\/types\/post"}],"author":[{"embeddable":true,"href":"https:\/\/www.europesays.com\/fr\/wp-json\/wp\/v2\/users\/2"}],"replies":[{"embeddable":true,"href":"https:\/\/www.europesays.com\/fr\/wp-json\/wp\/v2\/comments?post=661299"}],"version-history":[{"count":0,"href":"https:\/\/www.europesays.com\/fr\/wp-json\/wp\/v2\/posts\/661299\/revisions"}],"wp:featuredmedia":[{"embeddable":true,"href":"https:\/\/www.europesays.com\/fr\/wp-json\/wp\/v2\/media\/661300"}],"wp:attachment":[{"href":"https:\/\/www.europesays.com\/fr\/wp-json\/wp\/v2\/media?parent=661299"}],"wp:term":[{"taxonomy":"category","embeddable":true,"href":"https:\/\/www.europesays.com\/fr\/wp-json\/wp\/v2\/categories?post=661299"},{"taxonomy":"post_tag","embeddable":true,"href":"https:\/\/www.europesays.com\/fr\/wp-json\/wp\/v2\/tags?post=661299"}],"curies":[{"name":"wp","href":"https:\/\/api.w.org\/{rel}","templated":true}]}}