{"id":661303,"date":"2026-01-13T19:43:40","date_gmt":"2026-01-13T19:43:40","guid":{"rendered":"https:\/\/www.europesays.com\/fr\/661303\/"},"modified":"2026-01-13T19:43:40","modified_gmt":"2026-01-13T19:43:40","slug":"les-10-snobismes-de-la-parisienne-pour-bien-commencer-lannee-2026","status":"publish","type":"post","link":"https:\/\/www.europesays.com\/fr\/661303\/","title":{"rendered":"Les 10 snobismes de la parisienne pour bien commencer l\u2019ann\u00e9e 2026"},"content":{"rendered":"<p class=\"has-text-align-center\">Petit guide ultra-select pour celles et ceux qui aiment \u00eatre au bon endroit, au bon moment.<br \/><strong>\u00c0 Paris, le vrai snobisme ne consiste plus \u00e0 suivre la tendance, mais \u00e0 la comprendre avant qu\u2019elle n\u2019explose. Lire, observer, anticiper, rep\u00e9rer les signaux faibles, savoir pourquoi l\u2019on va quelque part et ce que l\u2019on en retient. Cette posture, presque intellectuelle, est devenue la base d\u2019un art de vivre parisien plus subtil, plus cultiv\u00e9, plus personnel. \u00catre capable d\u2019en parler ensuite, avec justesse et naturel, voil\u00e0 le v\u00e9ritable luxe.<\/strong><\/p>\n<p>Voir l\u2019exposition La Collection Dior d\u2019Azzedine Ala\u00efa <\/p>\n<p><img loading=\"lazy\" decoding=\"async\" width=\"880\" height=\"587\" src=\"data:image\/svg+xml,%3Csvg%20xmlns=\" http:=\"\" alt=\"\" class=\"wp-image-205525\" data-lazy- data-lazy- data-lazy-src=\"https:\/\/www.europesays.com\/fr\/wp-content\/uploads\/2026\/01\/DIOR_02\u00a9-ADRIEN-DIRAND-24-880x587.jpg\"\/><\/p>\n<p class=\"has-text-align-left\">Voir cette exposition avant tout le monde, c\u2019est le <strong>snobisme culturel parfait<\/strong> pour bien commencer l\u2019ann\u00e9e. \u00c0 la <strong><a href=\"https:\/\/www.galeriedior.com\/agenda\/la-collection-dior-dazzedine-alaia\" target=\"_blank\" rel=\"noreferrer noopener\">Galerie Dior<\/a><\/strong>, La Collection Dior d\u2019Azzedine Ala\u00efa d\u00e9voile le regard passionn\u00e9 du couturier tunisien sur l\u2019\u0153uvre de <strong>Christian Dior<\/strong>, \u00e0 travers une s\u00e9lection exceptionnelle de pi\u00e8ces issues de sa collection personnelle. Une immersion rare dans l\u2019histoire de la haute couture, entre admiration, transmission et dialogue stylistique. On y va pour affiner son regard, nourrir sa culture mode et pouvoir ensuite en parler avec justesse. Expo jusqu\u2019au 3 mai 2026<br \/><strong>Infos pratiques :<\/strong> la Galerie Dior 11 rue Fran\u00e7ois-Ier, Paris 8\u1d49. R\u00e9servation vivement conseill\u00e9e.<\/p>\n<p>Sourcer son huile d\u2019olive chez Saint-P\u00e8res \u00e0 Saint-Germain-des-Pr\u00e9s<\/p>\n<p><img loading=\"lazy\" decoding=\"async\" width=\"880\" height=\"496\" src=\"data:image\/svg+xml,%3Csvg%20xmlns=\" http:=\"\" alt=\"\" class=\"wp-image-205527\" data-lazy- data-lazy- data-lazy-src=\"https:\/\/www.europesays.com\/fr\/wp-content\/uploads\/2026\/01\/Capture-decran-2025-10-22-a-13.43.42-880x496-1.png\"\/><\/p>\n<p>Acheter son huile d\u2019olive chez <strong>Saint-P\u00e8res<\/strong>, c\u2019est faire le choix du d\u00e9tail juste et de l\u2019excellence. Ici, les huiles sont s\u00e9lectionn\u00e9es pour leur terroir, leur fra\u00eecheur et leur complexit\u00e9 aromatique. Un geste discret, mais hautement parisien, qui dit beaucoup sur la mani\u00e8re de recevoir, de cuisiner et l\u2019Art de vivre.<br \/><strong>Infos pratiques :<\/strong> 23 rue des Saint P\u00e8res Quartier Saint-Germain-des-Pr\u00e9s, Paris 6\u1d49.<\/p>\n<p>R\u00e9server ses restaurants \u00e0 l\u2019avance pour la Fashion Week<\/p>\n<p><img loading=\"lazy\" decoding=\"async\" width=\"880\" height=\"495\" src=\"data:image\/svg+xml,%3Csvg%20xmlns=\" http:=\"\" alt=\"\" class=\"wp-image-205529\" data-lazy- data-lazy- data-lazy-src=\"https:\/\/www.europesays.com\/fr\/wp-content\/uploads\/2026\/01\/retouche-photo-word-press-18-880x495.jpg\"\/><\/p>\n<p>Pendant la Fashion Week, rien n\u2019est laiss\u00e9 au hasard. Les initi\u00e9s r\u00e9servent leurs tables longtemps \u00e0 l\u2019avance, ciblent les bons cr\u00e9neaux et choisissent des lieux o\u00f9 l\u2019on peut autant observer que se faire remarquer. Restaurants d\u2019h\u00f4tels, nouvelles tables confidentielles, institutions bien plac\u00e9es : tout se joue en amont. Les dates de la Paris Haute\u00a0Couture Week\u00a0:\u00a0<strong>printemps\/\u00e9t\u00e9 2026 : du 26 au 29 janvier<\/strong><br \/><strong>Infos pratiques :<\/strong> Consulter notre article \u00a0\u00bb les meilleurs restaurants \u00e0 r\u00e9server pendant la FW\u00a0\u00bb<\/p>\n<p>S\u2019initier au Mat Pilates chez \u00d4RA studio, le must du bien-\u00eatre rive droite<\/p>\n<p><img loading=\"lazy\" decoding=\"async\" width=\"880\" height=\"521\" src=\"data:image\/svg+xml,%3Csvg%20xmlns=\" http:=\"\" alt=\"\" class=\"wp-image-205555\" data-lazy- data-lazy- data-lazy-src=\"https:\/\/www.europesays.com\/fr\/wp-content\/uploads\/2026\/01\/Capture-decran-2025-09-18-a-11.23.46-880x521-1.png\"\/><\/p>\n<p>Chez <strong>\u00d4RA<\/strong>, le bien-\u00eatre se vit comme une exp\u00e9rience esth\u00e9tique et holistique. Yoga, pilates, respiration, alignement du corps et de l\u2019esprit : tout est pens\u00e9 avec \u00e9l\u00e9gance, dans un cadre apaisant et ultra-soign\u00e9.<br \/><strong>Infos pratiques :<\/strong> Studio \u00d4RA, 78 rue du Faubourg Saint-Honor\u00e9, planning accessible en ligne.<\/p>\n<p>S\u2019informer sur tout ce qui compte en design avec Maison &amp; Objet In The City<\/p>\n<p><img loading=\"lazy\" decoding=\"async\" width=\"2048\" height=\"1152\" src=\"data:image\/svg+xml,%3Csvg%20xmlns=\" http:=\"\" alt=\"\" class=\"wp-image-205549\" data-lazy- data-lazy- data-lazy-src=\"https:\/\/www.europesays.com\/fr\/wp-content\/uploads\/2026\/01\/Mar2022_MaisonObjet-InTheCity__RedaAmalouDesignSecretGallery_029_GregSevaz_0-1-edited-scaled.jpg\"\/><\/p>\n<p><strong><a href=\"https:\/\/www.parisselectbook.com\/2026\/01\/09\/maison-objet-janvier-2026-paris-cette-annee-de-nouveau-au-coeur-du-design-international\/\" target=\"_blank\" rel=\"noreferrer noopener\">Maison &amp; Objet In The <\/a><a href=\"https:\/\/www.parisselectbook.com\/2026\/01\/09\/maison-objet-janvier-2026-paris-cette-annee-de-nouveau-au-coeur-du-design-international\/\" target=\"_blank\" rel=\"noopener\">City<\/a><\/strong> est le rendez-vous id\u00e9al pour comprendre les grandes lignes du design contemporain sans quitter Paris. Du 15 au 19 janvier, Showrooms, galeries, installations et parcours urbains permettent de garder un regard aff\u00fbt\u00e9 sur la cr\u00e9ation actuelle.<br \/><strong>Infos pratiques :<\/strong> \u00c9v\u00e9nement diffus dans tout Paris, notre recommandation : le Quartier St Germain-des-Pr\u00e8s<\/p>\n<p>Se ressourcer par une th\u00e9rapie holistique \u00e0 l\u2019h\u00f4tel HOY<\/p>\n<p><img loading=\"lazy\" decoding=\"async\" width=\"880\" height=\"560\" src=\"data:image\/svg+xml,%3Csvg%20xmlns=\" http:=\"\" alt=\"\" class=\"wp-image-205535\" data-lazy- data-lazy- data-lazy-src=\"https:\/\/www.europesays.com\/fr\/wp-content\/uploads\/2026\/01\/ScreenShot2023-02-09at12.08.38-880x560.webp.webp\"\/><\/p>\n<p>Au <strong><a href=\"https:\/\/www.hoyparis.com\/\" target=\"_blank\" rel=\"noreferrer noopener\">HOY H\u00f4tel<\/a><\/strong>, le bien-\u00eatre s\u2019inscrit dans une vision globale. Soins holistiques, m\u00e9ditation, pratiques \u00e9nerg\u00e9tiques : une approche douce et contemporaine, parfaitement align\u00e9e avec les nouvelles attentes du luxe.<br \/><strong>Infos pratiques :<\/strong> 68 rue des Martyrs, Paris 9\u1d49.<\/p>\n<p>    S\u2019immerger dans un march\u00e9 japonais en plein Paris chez Kodawari Ramen<\/p>\n<p><img loading=\"lazy\" decoding=\"async\" width=\"600\" height=\"338\" src=\"data:image\/svg+xml,%3Csvg%20xmlns=\" http:=\"\" alt=\"\" class=\"wp-image-205539\" style=\"width:840px;height:auto\" data-lazy- data-lazy- data-lazy-src=\"https:\/\/www.europesays.com\/fr\/wp-content\/uploads\/2026\/01\/kodawari-yokocho-homepage-edited.jpg\"\/><\/p>\n<p>Chez <a href=\"https:\/\/www.kodawari-ramen.com\/\" target=\"_blank\" rel=\"noreferrer noopener\"><strong>Kodawari<\/strong>,<\/a> on ne vient pas seulement pour manger. On vit une immersion totale dans un march\u00e9 japonais reconstitu\u00e9, avec des ramen profonds, pr\u00e9cis et ultra-ma\u00eetris\u00e9s.<br \/><strong>Infos pratiques :<\/strong> 29 rue Mazarine, Paris 6 ( forte affluence aux heures de pointe).<\/p>\n<p>Visiter l\u2019installation de Song Dong au Bon March\u00e9<\/p>\n<p><img loading=\"lazy\" decoding=\"async\" width=\"880\" height=\"527\" src=\"data:image\/svg+xml,%3Csvg%20xmlns=\" http:=\"\" alt=\"\" class=\"wp-image-205553\" data-lazy- data-lazy- data-lazy-src=\"https:\/\/www.europesays.com\/fr\/wp-content\/uploads\/2026\/01\/Capture-decran-2026-01-13-a-16.05.57-880x527.png\"\/><\/p>\n<p>Au <strong><a href=\"https:\/\/www.lebonmarche.com\/\" target=\"_blank\" rel=\"noreferrer noopener\"> Bon March\u00e9 Rive Gauche<\/a><\/strong>, l\u2019artiste chinois <strong>Song Dong<\/strong> invite \u00e0 regarder autrement les objets du quotidien. Son travail, fond\u00e9 sur l\u2019accumulation, la m\u00e9moire et l\u2019intime, met en sc\u00e8ne des <strong>objets simples, parfois anodins<\/strong>, devenus porteurs d\u2019histoire et d\u2019\u00e9motion. Cette installation brouille les fronti\u00e8res entre art contemporain, artisanat et vie domestique. On s\u2019y prom\u00e8ne avec curiosit\u00e9, sensible \u00e0 la po\u00e9sie discr\u00e8te de ces objets transform\u00e9s en \u0153uvre. Une visite \u00e0 faire pour nourrir son regard et affiner sa culture artistique.<br \/><strong>Infos pratiques :<\/strong> Le Bon March\u00e9 Rive Gauche, 24 rue de S\u00e8vres, Paris 7\u1d49.<\/p>\n<p>Prendre son petit-d\u00e9jeuner chez Sant Ambroeus, le snobisme \u00e0 l\u2019italienne<\/p>\n<p><img loading=\"lazy\" decoding=\"async\" width=\"780\" height=\"439\" src=\"data:image\/svg+xml,%3Csvg%20xmlns=\" http:=\"\" alt=\"\" class=\"wp-image-205559\" style=\"width:840px;height:auto\" data-lazy- data-lazy- data-lazy-src=\"https:\/\/www.europesays.com\/fr\/wp-content\/uploads\/2026\/01\/Screen_Shot_2022-10-21_at_12.32.09_PM_a9d7908a-5e29-4f56-ac0a-9db0c08fa969-edited.webp.webp\"\/><\/p>\n<p>N\u00e9e \u00e0 <strong>Milan en 1936<\/strong>, puis consacr\u00e9e \u00e0 <strong>New York<\/strong> d\u00e8s 2003, <strong>Sant Ambroeus<\/strong> est devenue une institution pris\u00e9e de la sph\u00e8re mode et arty internationale. Tout juste arriv\u00e9e \u00e0 Paris, l\u2019adresse s\u2019installe \u00e0 l\u2019angle de la <strong>rue Saint-Beno\u00eet<\/strong>, dans l\u2019ancien Silencio des Pr\u00e9s, avec un d\u00e9cor feutr\u00e9 sign\u00e9 <strong>Fabrizio Casiraghi<\/strong> : velours vert, boiseries sculpt\u00e9es et accents Art Nouveau. D\u00e8s le matin, on s\u2019y retrouve pour un <strong>petit-d\u00e9jeuner parfaitement ex\u00e9cut\u00e9<\/strong> : espresso, cornetto, porridge, avocado toast ou \u0153ufs. Chic, discret, \u00e9vident.<br \/><strong>Infos pratiques :<\/strong> <a href=\"https:\/\/www.santambroeus.com\/fr-fr\/pages\/location-paris\" target=\"_blank\" rel=\"noreferrer noopener\">Sant Ambroeus<\/a>, rue Saint-Beno\u00eet, Paris 6\u1d49. Ouvert du matin au soir.<\/p>\n<p>Tester les masques LED d\u2019Innerskin, la nouvelle obsession beaut\u00e9<\/p>\n<p><img loading=\"lazy\" decoding=\"async\" width=\"880\" height=\"440\" src=\"data:image\/svg+xml,%3Csvg%20xmlns=\" http:=\"\" alt=\"\" class=\"wp-image-205547\" data-lazy- data-lazy- data-lazy-src=\"https:\/\/www.europesays.com\/fr\/wp-content\/uploads\/2026\/01\/67dd73a83d83bc1a78df6183_DEVANTURE_SEVRES_SITE-880x440.jpg\"\/><\/p>\n<p>Les <strong>masques LED<\/strong> s\u2019imposent comme la <strong>m\u00e9thode beaut\u00e9 incontournable du moment<\/strong>. Pl\u00e9biscit\u00e9s pour leurs r\u00e9sultats visibles, ils allient <strong>technologie de pointe<\/strong>, efficacit\u00e9 cibl\u00e9e et ritualisation du soin, transformant la routine skincare en v\u00e9ritable exp\u00e9rience experte. Pour une approche encadr\u00e9e et ultra-qualitative, on recommande <strong>Innerskin<\/strong>, r\u00e9f\u00e9rence pointue en mati\u00e8re de soins innovants.<br \/><strong>Infos pratiques :<\/strong> <a href=\"https:\/\/www.innerskin.com\/\" target=\"_blank\" rel=\"noreferrer noopener\">Innerskin<\/a> 59 rue des Francs-Bourgeois, 75004 Paris<\/p>\n<p>Vous l\u2019aurez compris, le vrai snobisme parisien commence par l\u2019anticipation. Cultiver l\u2019art de la s\u00e9lection avant la tendanceAvant m\u00eame de parler d\u2019adresses ou d\u2019\u00e9v\u00e9nements, il s\u2019agit de <strong>choisir avec intention<\/strong>. Lire, observer, \u00e9couter, rep\u00e9rer les signaux faibles. Savoir pourquoi on va quelque part, et pas seulement parce que tout le monde y va. Cette posture, presque intellectuelle, est devenue essentielle. Elle permet d\u2019aborder la ville avec \u00e9l\u00e9gance et curiosit\u00e9, et d\u2019entrer dans l\u2019ann\u00e9e avec une longueur d\u2019avance.<br \/>Restez inform\u00e9 via nos articles pointus et inscrivez- vous \u00e0 nos newsletters pour recevoir les nouveaut\u00e9s cibl\u00e9es !<\/p>\n","protected":false},"excerpt":{"rendered":"Petit guide ultra-select pour celles et ceux qui aiment \u00eatre au bon endroit, au bon moment.\u00c0 Paris, le&hellip;\n","protected":false},"author":2,"featured_media":661304,"comment_status":"","ping_status":"","sticky":false,"template":"","format":"standard","meta":{"footnotes":""},"categories":[1888],"tags":[11,17888,2424,1777,674,1011,27,2425,12,626,25,1340,6720],"class_list":{"0":"post-661303","1":"post","2":"type-post","3":"status-publish","4":"format-standard","5":"has-post-thumbnail","7":"category-paris","8":"tag-actualites","9":"tag-adresses","10":"tag-beaute","11":"tag-eu","12":"tag-europe","13":"tag-fr","14":"tag-france","15":"tag-luxe","16":"tag-news","17":"tag-paris","18":"tag-republique-francaise","19":"tag-restaurant","20":"tag-shopping"},"share_on_mastodon":{"url":"https:\/\/pubeurope.com\/@fr\/115889504521439981","error":""},"_links":{"self":[{"href":"https:\/\/www.europesays.com\/fr\/wp-json\/wp\/v2\/posts\/661303","targetHints":{"allow":["GET"]}}],"collection":[{"href":"https:\/\/www.europesays.com\/fr\/wp-json\/wp\/v2\/posts"}],"about":[{"href":"https:\/\/www.europesays.com\/fr\/wp-json\/wp\/v2\/types\/post"}],"author":[{"embeddable":true,"href":"https:\/\/www.europesays.com\/fr\/wp-json\/wp\/v2\/users\/2"}],"replies":[{"embeddable":true,"href":"https:\/\/www.europesays.com\/fr\/wp-json\/wp\/v2\/comments?post=661303"}],"version-history":[{"count":0,"href":"https:\/\/www.europesays.com\/fr\/wp-json\/wp\/v2\/posts\/661303\/revisions"}],"wp:featuredmedia":[{"embeddable":true,"href":"https:\/\/www.europesays.com\/fr\/wp-json\/wp\/v2\/media\/661304"}],"wp:attachment":[{"href":"https:\/\/www.europesays.com\/fr\/wp-json\/wp\/v2\/media?parent=661303"}],"wp:term":[{"taxonomy":"category","embeddable":true,"href":"https:\/\/www.europesays.com\/fr\/wp-json\/wp\/v2\/categories?post=661303"},{"taxonomy":"post_tag","embeddable":true,"href":"https:\/\/www.europesays.com\/fr\/wp-json\/wp\/v2\/tags?post=661303"}],"curies":[{"name":"wp","href":"https:\/\/api.w.org\/{rel}","templated":true}]}}