{"id":661305,"date":"2026-01-13T19:44:19","date_gmt":"2026-01-13T19:44:19","guid":{"rendered":"https:\/\/www.europesays.com\/fr\/661305\/"},"modified":"2026-01-13T19:44:19","modified_gmt":"2026-01-13T19:44:19","slug":"face-aux-tracteurs-de-la-fnsea-et-des-ja-a-paris-sebastien-lecornu-annonce-une-loi-durgence-agricole","status":"publish","type":"post","link":"https:\/\/www.europesays.com\/fr\/661305\/","title":{"rendered":"Face aux tracteurs de la FNSEA et des JA \u00e0 Paris, S\u00e9bastien Lecornu annonce une \u00ab\u00a0loi d\u2019urgence agricole\u00a0\u00bb"},"content":{"rendered":"<p>Depuis plusieurs semaines, la FNSEA et les Jeunes Agricultures (JA) r\u00e9clamaient au gouvernement \u00ab\u00a0une loi sp\u00e9ciale\u00a0\u00bb et un moratoire \u00ab\u00a0sur l\u2019ensemble des sujets eau\u00a0\u00bb. Mardi 13\u00a0janvier, au terme d\u2019une journ\u00e9e o\u00f9 entre 350 et 500 tracteurs aux couleurs de cette alliance syndicale <a target=\"_self\" href=\"https:\/\/www.lanouvellerepublique.fr\/a-la-une\/direct-colere-agricole-des-tracteurs-de-la-fnsea-et-des-jeunes-agriculteurs-sont-entres-dans-paris-1768285886\" rel=\"noopener\">sont entr\u00e9s dans Paris<\/a>, S\u00e9bastien Lecornu a fait des annonces qui r\u00e9pondent quasiment point par point \u00e0 leurs revendications.<\/p>\n<p>\u00ab\u00a0J\u2019ai demand\u00e9 \u00e0 la ministre Annie Genevard de pr\u00e9parer pour <a target=\"_self\" href=\"https:\/\/www.lanouvellerepublique.fr\/a-la-une\/c-est-un-coup-dur-il-n-y-aura-aucun-bovin-et-pas-d-egerie-au-salon-de-l-agriculture-2026-en-raison-de-la-dnc-1768298710\" rel=\"noopener\">le Salon de l\u2019agriculture<\/a> une loi d\u2019urgence agricole autour de plusieurs priorit\u00e9s\u00a0: eau, pr\u00e9dation, moyens de production\u00a0\u00bb, a indiqu\u00e9 le premier ministre sur X.<\/p>\n<p>Les textes fixant les volumes d\u2019eau pr\u00e9levables suspendus<\/p>\n<p>\u00ab\u00a0Ce texte sera inscrit \u00e0 l\u2019ordre du jour du conseil des ministres au mois de mars et sera ensuite examin\u00e9 par le Parlement avant l\u2019\u00e9t\u00e9\u00a0\u00bb, a promis S\u00e9bastien Lecornu. Il a demand\u00e9, avant la pr\u00e9sentation du projet de loi, un \u00ab\u00a0moratoire sur toutes les d\u00e9cisions relatives\u00a0\u00bb \u00e0 la question de l\u2019eau et la suspension des \u00ab\u00a0textes fixant les volumes d\u2019eau pr\u00e9levables [\u2026] jusqu\u2019\u00e0 septembre\u00a0\u00bb.<\/p>\n<p>Le chef du gouvernement a \u00e9galement \u00e9voqu\u00e9 des r\u00e9unions pour \u00e9tudier \u00ab\u00a0les possibilit\u00e9s de d\u00e9rogation\u00a0\u00bb \u00e0 la directive europ\u00e9enne sur les nitrates, qui encadre notamment les \u00e9pandages d\u2019engrais par les agriculteurs. Cela s\u2019ajoute \u00e0 un paquet de \u00ab\u00a0300\u00a0millions d\u2019euros\u00a0\u00bb <a target=\"_self\" href=\"https:\/\/www.lanouvellerepublique.fr\/a-la-une\/l-europe-va-signer-l-accord-avec-le-mercosur-en-france-le-gouvernement-tente-de-calmer-la-colere-agricole-1767987426\" rel=\"noopener\">annonc\u00e9 vendredi<\/a> par la ministre de l\u2019Agriculture, Annie Genevard, et qui contient notamment des mesures qui ne pourront \u00ab\u00a0entrer en vigueur qu\u2019avec l\u2019adoption du budget\u00a0\u00bb, a gliss\u00e9 le premier ministre \u00e0 l\u2019adresse des parlementaires.<\/p>\n<p>En fin de semaine derni\u00e8re, ces annonces n\u2019avaient pas suffi \u00e0 calmer la col\u00e8re des agriculteurs de la Coordination rurale (CR) et de la Conf\u00e9d\u00e9ration paysanne, qui venaient de <a target=\"_self\" href=\"https:\/\/www.lanouvellerepublique.fr\/indre-et-loire\/colere-agricole-des-tracteurs-d-indre-et-loire-au-pied-de-la-tour-eiffel-1767855930\" rel=\"noopener\">d\u00e9filer dans les rues de la capitale<\/a>. La CR a d\u2019ailleurs d\u00e9nonc\u00e9 sur X \u00ab\u00a0la diff\u00e9rence de traitement du gouvernement face \u00e0 [ses] mobilisations\u00a0\u00bb, en r\u00e9f\u00e9rence aux interdictions auxquelles le deuxi\u00e8me syndicat a fait face en cherchant \u00e0 faire entrer ses tracteurs dans Paris, jeudi dernier.<\/p>\n<p>Le barrage de Carbonne lev\u00e9<\/p>\n<p>Entr\u00e9s \u00e0 l\u2019aube dans Paris, les tracteurs ont descendu les Champs-\u00c9lys\u00e9es avant de s\u2019\u00e9tablir devant l\u2019Assembl\u00e9e, avec duvets et matelas, conditionnant leur d\u00e9part \u00e0 un rendez-vous \u00e0 Matignon qui a eu lieu dans l\u2019apr\u00e8s-midi. Apr\u00e8s les annonces du premier ministre, les responsables de la FNSEA se concertaient sur la suite \u00e0 donner au mouvement.<\/p>\n<p>Au m\u00eame moment, \u00e0 travers la France, <a target=\"_self\" href=\"https:\/\/www.lanouvellerepublique.fr\/a-la-une\/direct-colere-agricole-des-tracteurs-de-la-fnsea-et-des-jeunes-agriculteurs-sont-entres-dans-paris-1768285886\" rel=\"noopener\">des op\u00e9rations se poursuivaient<\/a>, notamment sous la houlette de la Coordination rurale\u00a0au p\u00e9age de Fresnes-l\u00e8s-Montauban (Pas-de-Calais) <a target=\"_self\" href=\"https:\/\/www.lanouvellerepublique.fr\/a-la-une\/agriculteurs-en-colere-barrage-filtrant-au-port-du-havre-et-operation-sur-l-a1-1768160813\" rel=\"noopener\">sur l\u2019A1<\/a>. Plus t\u00f4t dans la journ\u00e9e, \u00e0 La\u00a0Rochelle (Charente-Maritime), les CRS ont mis fin au <a target=\"_self\" href=\"https:\/\/www.lanouvellerepublique.fr\/poitiers\/plusieurs-stations-service-sans-carburant-ce-mardi-matin-dans-la-vienne-1768304313\" rel=\"noopener\">blocage du d\u00e9p\u00f4t p\u00e9trolier du port de la Pallice<\/a>, mis en place lundi par la CR 17.\u00a0Pr\u00e8s de Toulouse (Haute-Garonne), les \u00ab\u00a0Ultras de l\u2019A64\u00a0\u00bb ont quant \u00e0 eux accept\u00e9 de lever le barrage embl\u00e9matique de Carbonne, en place depuis le d\u00e9but de la mobilisation d\u00e9but d\u00e9cembre. Mais, \u00e0 quelques jours de la signature de <a target=\"_self\" href=\"https:\/\/www.lanouvellerepublique.fr\/a-la-une\/mercosur-une-majorite-qualifiee-de-pays-de-l-ue-donne-son-feu-vert-pour-une-signature-de-l-accord-1767957187\" rel=\"noopener\">l\u2019accord UE-Mercosur<\/a>, qui doit intervenir samedi, ils \u00e9taient nombreux, partout en France, \u00e0 promettre \u00ab\u00a0de ne rien l\u00e2cher\u00a0\u00bb.<\/p>\n<p><strong>A<\/strong><strong>vec AFP\ufeff<\/strong><\/p>\n","protected":false},"excerpt":{"rendered":"Depuis plusieurs semaines, la FNSEA et les Jeunes Agricultures (JA) r\u00e9clamaient au gouvernement \u00ab\u00a0une loi sp\u00e9ciale\u00a0\u00bb et un&hellip;\n","protected":false},"author":2,"featured_media":661306,"comment_status":"","ping_status":"","sticky":false,"template":"","format":"standard","meta":{"footnotes":""},"categories":[1888],"tags":[328,11,327,5165,416,19398,1777,674,1011,27,329,418,12,626,316,25,364],"class_list":{"0":"post-661305","1":"post","2":"type-post","3":"status-publish","4":"format-standard","5":"has-post-thumbnail","7":"category-paris","8":"tag-a-la-une","9":"tag-actualites","10":"tag-agriculture","11":"tag-amerique-du-sud","12":"tag-assemblee-nationale","13":"tag-elevage","14":"tag-eu","15":"tag-europe","16":"tag-fr","17":"tag-france","18":"tag-france-monde","19":"tag-gouvernement","20":"tag-news","21":"tag-paris","22":"tag-politique","23":"tag-republique-francaise","24":"tag-union-europeenne"},"share_on_mastodon":{"url":"https:\/\/pubeurope.com\/@fr\/115889508390710014","error":""},"_links":{"self":[{"href":"https:\/\/www.europesays.com\/fr\/wp-json\/wp\/v2\/posts\/661305","targetHints":{"allow":["GET"]}}],"collection":[{"href":"https:\/\/www.europesays.com\/fr\/wp-json\/wp\/v2\/posts"}],"about":[{"href":"https:\/\/www.europesays.com\/fr\/wp-json\/wp\/v2\/types\/post"}],"author":[{"embeddable":true,"href":"https:\/\/www.europesays.com\/fr\/wp-json\/wp\/v2\/users\/2"}],"replies":[{"embeddable":true,"href":"https:\/\/www.europesays.com\/fr\/wp-json\/wp\/v2\/comments?post=661305"}],"version-history":[{"count":0,"href":"https:\/\/www.europesays.com\/fr\/wp-json\/wp\/v2\/posts\/661305\/revisions"}],"wp:featuredmedia":[{"embeddable":true,"href":"https:\/\/www.europesays.com\/fr\/wp-json\/wp\/v2\/media\/661306"}],"wp:attachment":[{"href":"https:\/\/www.europesays.com\/fr\/wp-json\/wp\/v2\/media?parent=661305"}],"wp:term":[{"taxonomy":"category","embeddable":true,"href":"https:\/\/www.europesays.com\/fr\/wp-json\/wp\/v2\/categories?post=661305"},{"taxonomy":"post_tag","embeddable":true,"href":"https:\/\/www.europesays.com\/fr\/wp-json\/wp\/v2\/tags?post=661305"}],"curies":[{"name":"wp","href":"https:\/\/api.w.org\/{rel}","templated":true}]}}