{"id":66131,"date":"2025-05-01T05:15:11","date_gmt":"2025-05-01T05:15:11","guid":{"rendered":"https:\/\/www.europesays.com\/fr\/66131\/"},"modified":"2025-05-01T05:15:11","modified_gmt":"2025-05-01T05:15:11","slug":"marseille-le-tennisman-benoit-paire-soffre-une-nouvelle-aventure-etonnante-loin-des-courts","status":"publish","type":"post","link":"https:\/\/www.europesays.com\/fr\/66131\/","title":{"rendered":"Marseille. Le tennisman Beno\u00eet Paire s&rsquo;offre une nouvelle aventure \u00e9tonnante loin des courts"},"content":{"rendered":"<p>            Par<br \/>\n        <strong><br \/>\n            <a href=\"https:\/\/actu.fr\/auteur\/benjamin-cohenroyer\" title=\"Consulter tous les articles de Benjamin Cohen Royer\" rel=\"nofollow noopener\" target=\"_blank\">Benjamin Cohen Royer<\/a><br \/>\n        <\/strong><\/p>\n<p>        Publi\u00e9 le<\/p>\n<p>            1 mai 2025 \u00e0 6h28        <\/p>\n<p>On le connaissait pour ses coups de sang sur les courts et son revers lift\u00e9.<\/p>\n<p class=\" wall-content\">\u00c0\u00a034\u00a0ans, <strong>Beno\u00eet Paire surprend encore et s\u2019offre un nouveau d\u00e9fi\u2009: <\/strong>il laisse un peu tomber la petite balle jaune pour le ballon rond du c\u00f4t\u00e9 de Marseille.<\/p>\n<p>Dans un club amateur<\/p>\n<p class=\" wall-content\">En effet, le tennisman fran\u00e7ais vient de s\u2019inscrire en tant que joueur v\u00e9t\u00e9ran, \u00e0 l\u2019<a href=\"https:\/\/uga-ardziv.footeo.com\/\" rel=\"nofollow noopener\" target=\"_blank\">EUGA Ardziv<\/a>, un club de football amateur, bas\u00e9 dans le 12e arrondissement de la cit\u00e9 phoc\u00e9enne, apprend actu Marseille, confirmant une information de <a href=\"https:\/\/www.laprovence.com\/article\/sports\/7314011121454714\/tennis-benoit-paire-a-signe-une-licence-de-football-a-marseille-pour-jouer-en-veterans-a-leuga-ardziv\" rel=\"nofollow noopener\" target=\"_blank\">La Provence.<\/a><\/p>\n<p class=\" wall-content\">Une d\u00e9cision qui en dit long sur sa volont\u00e9 de prendre ses distances avec le tennis professionnel, sans pour autant se couper du sport.<\/p>\n<p>Une passion ancienne<\/p>\n<p class=\" wall-content\">Originaire d\u2019Avignon, Paire n\u2019a jamais cach\u00e9 son amour pour le football. Derri\u00e8re les raquettes, il y avait d\u00e9j\u00e0 les crampons.<\/p>\n<p>Vid\u00e9os : en ce moment sur Actu<\/p>\n<p class=\" wall-content\">Effectivement, dans sa jeunesse, le <strong>jeune Benoit Paire avait m\u00eame \u00e9t\u00e9 rep\u00e9r\u00e9 par le centre de formation de l\u2019OM.<\/strong><\/p>\n<p class=\" wall-content\">Si le tennis a fini par s\u2019imposer, le ballon rond n\u2019a jamais quitt\u00e9 son c\u0153ur. Aujourd\u2019hui, il revient \u00e0 cette passion en toute simplicit\u00e9\u2009:<\/p>\n<blockquote class=\"ac-article-quote wall-content\">\n<p>\u00ab\u00a0J\u2019ai un pote qui joue l\u00e0-bas, ils avaient besoin d\u2019un joueur. J\u2019ai dit go.\u00a0\u00bb<\/p>\n<p>    <strong>Beno\u00eet Paire, \u00e0 La Provence<\/strong>\n            <\/p><\/blockquote>\n<p class=\" wall-content\">Depuis, il a d\u00e9j\u00e0 disput\u00e9 plusieurs matchs.<\/p>\n<p>La raquette au placard\u2009?<\/p>\n<p class=\" wall-content\">Loin de son meilleur niveau sur le circuit ATP, Beno\u00eet Paire s\u2019est r\u00e9cemment plus fait remarquer pour ses sorties m\u00e9diatiques que pour son jeu au filet.<\/p>\n<p class=\" wall-content\">Class\u00e9e au-del\u00e0 de la 500e place mondiale, sa carri\u00e8re de tennisman semble derri\u00e8re lui.<\/p>\n<p class=\" wall-content\">\u00ab\u2009Le tennis est devenu terrible pour moi\u2009\u00bb, a-t-il l\u00e2ch\u00e9 r\u00e9cemment \u00e0 nos confr\u00e8res du Dauphin\u00e9 Lib\u00e9r\u00e9. <strong>\u00ab\u2009Jouer au foot \u00e0 Marseille, c\u2019est aussi une mani\u00e8re de souffler, de retrouver le plaisir du jeu\u2009\u00bb,<\/strong> a-t-il ajout\u00e9.<\/p>\n<p>Football-plaisir<\/p>\n<p class=\" wall-content\">Entre deux tournois, Beno\u00eet Paire trouve une nouvelle forme d\u2019\u00e9quilibre sur les terrains marseillais.<\/p>\n<p class=\" wall-content\">Sans pression, mais avec passion, il renoue avec un sport qu\u2019il aurait pu choisir bien plus t\u00f4t.<\/p>\n<p class=\" wall-content\">Une mani\u00e8re de rappeler qu\u2019au-del\u00e0 des r\u00e9sultats, <strong>l\u2019essentiel reste le plaisir du jeu.<\/strong><\/p>\n<p class=\" wall-content\">Suivez toute l\u2019actualit\u00e9 de vos villes et m\u00e9dias favoris en vous inscrivant \u00e0 <a href=\"https:\/\/moncompte.actu.fr\" title=\"D\u00e9couvez Mon Actu\" rel=\"nofollow noopener\" data-trk=\"{&quot;cta&quot;:{&quot;action&quot;:&quot;https:\\\/\\\/moncompte.actu.fr&quot;,&quot;category&quot;:&quot;mon compte&quot;,&quot;from&quot;:&quot;article footer&quot;,&quot;name&quot;:&quot;Mon actu&quot;,&quot;type&quot;:&quot;cta&quot;}}\" target=\"_blank\">Mon Actu<\/a>.<\/p>\n","protected":false},"excerpt":{"rendered":"Par Benjamin Cohen Royer Publi\u00e9 le 1 mai 2025 \u00e0 6h28 On le connaissait pour ses coups de&hellip;\n","protected":false},"author":2,"featured_media":66132,"comment_status":"","ping_status":"","sticky":false,"template":"","format":"standard","meta":{"footnotes":""},"categories":[2814],"tags":[1111,11,1777,674,1011,27,884,12,882,6046,25,104],"class_list":{"0":"post-66131","1":"post","2":"type-post","3":"status-publish","4":"format-standard","5":"has-post-thumbnail","7":"category-marseille","8":"tag-actu","9":"tag-actualites","10":"tag-eu","11":"tag-europe","12":"tag-fr","13":"tag-france","14":"tag-marseille","15":"tag-news","16":"tag-provence-alpes-cote-dazur","17":"tag-reconversion","18":"tag-republique-francaise","19":"tag-societe"},"share_on_mastodon":{"url":"https:\/\/pubeurope.com\/@fr\/114430877924289750","error":""},"_links":{"self":[{"href":"https:\/\/www.europesays.com\/fr\/wp-json\/wp\/v2\/posts\/66131","targetHints":{"allow":["GET"]}}],"collection":[{"href":"https:\/\/www.europesays.com\/fr\/wp-json\/wp\/v2\/posts"}],"about":[{"href":"https:\/\/www.europesays.com\/fr\/wp-json\/wp\/v2\/types\/post"}],"author":[{"embeddable":true,"href":"https:\/\/www.europesays.com\/fr\/wp-json\/wp\/v2\/users\/2"}],"replies":[{"embeddable":true,"href":"https:\/\/www.europesays.com\/fr\/wp-json\/wp\/v2\/comments?post=66131"}],"version-history":[{"count":0,"href":"https:\/\/www.europesays.com\/fr\/wp-json\/wp\/v2\/posts\/66131\/revisions"}],"wp:featuredmedia":[{"embeddable":true,"href":"https:\/\/www.europesays.com\/fr\/wp-json\/wp\/v2\/media\/66132"}],"wp:attachment":[{"href":"https:\/\/www.europesays.com\/fr\/wp-json\/wp\/v2\/media?parent=66131"}],"wp:term":[{"taxonomy":"category","embeddable":true,"href":"https:\/\/www.europesays.com\/fr\/wp-json\/wp\/v2\/categories?post=66131"},{"taxonomy":"post_tag","embeddable":true,"href":"https:\/\/www.europesays.com\/fr\/wp-json\/wp\/v2\/tags?post=66131"}],"curies":[{"name":"wp","href":"https:\/\/api.w.org\/{rel}","templated":true}]}}