{"id":661310,"date":"2026-01-13T19:47:19","date_gmt":"2026-01-13T19:47:19","guid":{"rendered":"https:\/\/www.europesays.com\/fr\/661310\/"},"modified":"2026-01-13T19:47:19","modified_gmt":"2026-01-13T19:47:19","slug":"etats-unis-iran-des-decennies-dhostilite-regarder-le-documentaire-complet","status":"publish","type":"post","link":"https:\/\/www.europesays.com\/fr\/661310\/","title":{"rendered":"Etats-Unis\/Iran, des d\u00e9cennies d&rsquo;hostilit\u00e9 &#8211; Regarder le documentaire complet"},"content":{"rendered":"<p>Etats-Unis\/Iran, des d\u00e9cennies d&rsquo;hostilit\u00e9 &#8211; Regarder le documentaire complet | ARTE<\/p>\n<p class=\"ds-6406tu\">2 min<\/p>\n<p class=\"ds-6406tu\">Disponible jusqu&rsquo;au 20 janvier 2026 \u00e0 20:00<\/p>\n<p class=\"ds-6406tu\">Plus que 7 jours<\/p>\n<p>A l&rsquo;occasion de la r\u00e9volte populaire d\u00e9but\u00e9e fin d\u00e9cembre 2025 en Iran, retour sur des d\u00e9cennies de relations hostiles entre la R\u00e9publique islamique et son ennemi am\u00e9ricain, consid\u00e9r\u00e9 par T\u00e9h\u00e9ran comme le \u00ab\u00a0Grand Satan\u00a0\u00bb.<\/p>\n<p>Vous pourriez aimer aussi<\/p>\n<p>Les vid\u00e9os les plus vues sur ARTE<\/p>\n<p>arte.tv sur tous vos \u00e9crans<\/p>\n<p class=\"ds-934w7j\">Retrouvez nos programmes sur votre ordinateur, smartphone, tablette ou TV connect\u00e9e<\/p>\n<p><a class=\"ds-tthazw\" href=\"https:\/\/apps.apple.com\/app\/apple-store\/id405028510?pt=398281&amp;ct=install-app-btn&amp;mt=8\" target=\"_self\" rel=\"noopener\"><img decoding=\"async\" class=\"ds-111g4a3\" alt=\"T\u00e9l\u00e9charger dans l'App Store\" loading=\"lazy\" src=\"https:\/\/www.europesays.com\/fr\/wp-content\/uploads\/2025\/04\/AppStore_fr.png\"\/><\/a><a class=\"ds-tthazw\" href=\"https:\/\/play.google.com\/store\/apps\/details?id=tv.arte.plus7&amp;utm_campaign=install-app-btn\" target=\"_self\" rel=\"noopener\"><img decoding=\"async\" class=\"ds-111g4a3\" alt=\"Disponible sur Google Play\" loading=\"lazy\" src=\"https:\/\/www.europesays.com\/fr\/wp-content\/uploads\/2025\/04\/PlayStore_fr.png\"\/><\/a><\/p>\n<ul class=\"ds-17acktf\">\n<li class=\"ds-7m7syb\">Sites<\/li>\n<li class=\"ds-1cscmpv\">Entreprise<\/li>\n<li class=\"ds-zl6jy0\">Infos l\u00e9gales<\/li>\n<li class=\"ds-1sbkvid\">R\u00e9seaux sociaux<\/li>\n<li class=\"ds-1f682iq\"\/>\n<li class=\"ds-1xmg5id\" data-testid=\"newsletter\">NewsletterAdresse e-mail<\/li>\n<\/ul>\n<p class=\"ds-8tdfc6\">Tous droits de reproduction et de diffusion r\u00e9serv\u00e9s \u00a9 2026 ARTE G.E.I.E. &#8211; ARTE G.E.I.E. 4, quai du chanoine Winterer CS 20035 &#8211; 67080 Strasbourg Cedex<\/p>\n","protected":false},"excerpt":{"rendered":"Etats-Unis\/Iran, des d\u00e9cennies d&rsquo;hostilit\u00e9 &#8211; Regarder le documentaire complet | ARTE 2 min Disponible jusqu&rsquo;au 20 janvier 2026&hellip;\n","protected":false},"author":2,"featured_media":661311,"comment_status":"","ping_status":"","sticky":false,"template":"","format":"standard","meta":{"footnotes":""},"categories":[1589],"tags":[11,73,1866,12,1864,1865,1863,308],"class_list":{"0":"post-661310","1":"post","2":"type-post","3":"status-publish","4":"format-standard","5":"has-post-thumbnail","7":"category-etats-unis","8":"tag-actualites","9":"tag-etats-unis","10":"tag-etats-unis-damerique","11":"tag-news","12":"tag-united-states","13":"tag-united-states-of-america","14":"tag-us","15":"tag-usa"},"share_on_mastodon":{"url":"https:\/\/pubeurope.com\/@fr\/115889520318772087","error":""},"_links":{"self":[{"href":"https:\/\/www.europesays.com\/fr\/wp-json\/wp\/v2\/posts\/661310","targetHints":{"allow":["GET"]}}],"collection":[{"href":"https:\/\/www.europesays.com\/fr\/wp-json\/wp\/v2\/posts"}],"about":[{"href":"https:\/\/www.europesays.com\/fr\/wp-json\/wp\/v2\/types\/post"}],"author":[{"embeddable":true,"href":"https:\/\/www.europesays.com\/fr\/wp-json\/wp\/v2\/users\/2"}],"replies":[{"embeddable":true,"href":"https:\/\/www.europesays.com\/fr\/wp-json\/wp\/v2\/comments?post=661310"}],"version-history":[{"count":0,"href":"https:\/\/www.europesays.com\/fr\/wp-json\/wp\/v2\/posts\/661310\/revisions"}],"wp:featuredmedia":[{"embeddable":true,"href":"https:\/\/www.europesays.com\/fr\/wp-json\/wp\/v2\/media\/661311"}],"wp:attachment":[{"href":"https:\/\/www.europesays.com\/fr\/wp-json\/wp\/v2\/media?parent=661310"}],"wp:term":[{"taxonomy":"category","embeddable":true,"href":"https:\/\/www.europesays.com\/fr\/wp-json\/wp\/v2\/categories?post=661310"},{"taxonomy":"post_tag","embeddable":true,"href":"https:\/\/www.europesays.com\/fr\/wp-json\/wp\/v2\/tags?post=661310"}],"curies":[{"name":"wp","href":"https:\/\/api.w.org\/{rel}","templated":true}]}}