{"id":661314,"date":"2026-01-13T19:49:11","date_gmt":"2026-01-13T19:49:11","guid":{"rendered":"https:\/\/www.europesays.com\/fr\/661314\/"},"modified":"2026-01-13T19:49:11","modified_gmt":"2026-01-13T19:49:11","slug":"berlin-presente-sa-strategie-daide-au-developpement","status":"publish","type":"post","link":"https:\/\/www.europesays.com\/fr\/661314\/","title":{"rendered":"Berlin pr\u00e9sente sa strat\u00e9gie d&rsquo;aide au d\u00e9veloppement"},"content":{"rendered":"<p>En 2026, le minist\u00e8re allemand de la Coop\u00e9ration \u00e9conomique et du D\u00e9veloppement (BMZ) disposera d&rsquo;un peu plus de dix milliards d&rsquo;euros de budget, contre pr\u00e8s de 14 milliards il y a encore quatre ans. C&rsquo;est dans ce contexte financier que la ministre Reem\u00a0Alabali Radovan a pr\u00e9sent\u00e9 la nouvelle strat\u00e9gie du BMZ \u00e0 Berlin ce lundi (12.01).<\/p>\n<p>\u00ab\u00a0Nous ne pouvons pas tout faire partout, c&rsquo;est pourquoi nous rassemblons nos forces\u00a0\u00bb, a d\u00e9clar\u00e9 la social-d\u00e9mocrate. Son plan de r\u00e9forme de 26 pages intitul\u00e9 \u00ab\u00a0Fa\u00e7onner ensemble l&rsquo;avenir \u00e0 l&rsquo;\u00e9chelle mondiale\u00a0\u00bb\u00a0se pr\u00e9sente comme une r\u00e9ponse aux coupes budg\u00e9taires massives dans l&rsquo;aide au d\u00e9veloppement, qui seront suivies d&rsquo;autres baisses de financements d&rsquo;ici 2029.<\/p>\n<p>Dans le m\u00eame temps, les Etats-Unis de Donald Trump, plus grand contributeur \u00e0 l&rsquo;aide internationale, ont r\u00e9duit leurs financements \u00e0 peau de chagrin et d\u00e9mantel\u00e9 l&rsquo;agence d&rsquo;aide au d\u00e9veloppement USAID.<\/p>\n<p>Politique de d\u00e9veloppement, diplomatie, d\u00e9fense<\/p>\n<p>La solidarit\u00e9 internationale est sous une pression \u00e9norme, a regrett\u00e9 Reem\u00a0Alabali Radova. Compte tenu du nombre croissant de crises et de guerres, il faut s&rsquo;adapter aux nouvelles r\u00e9alit\u00e9s : \u00ab\u00a0Parmi les trois piliers, la politique de d\u00e9veloppement devient encore plus une pierre angulaire de la s\u00e9curit\u00e9 allemande, avec la diplomatie et la d\u00e9fense.\u00a0\u00bb<\/p>\n<p>De plus, l&rsquo;argent de plus en plus rare doit \u00eatre davantage utilis\u00e9 pour lutter contre la faim et la pauvret\u00e9. \u00ab\u00a0Nous ne nous retirons d&rsquo;aucun pays partenaire\u00a0\u00bb, a rassur\u00e9 la ministre, en fonction depuis mai 2025. Elle a toutefois ajout\u00e9 qu'\u00a0\u00bbil est parfaitement clair que nous ne pourrons pas \u00e0 nous seuls combler le gap caus\u00e9 par les \u00c9tats-Unis, mais nous ne serons pas non plus en concurrence avec la Chine\u00a0\u00bb.<\/p>\n<p><img data-format=\"MASTER_LANDSCAPE\" data-id=\"67365252\" data-url=\"https:\/\/static.dw.com\/image\/67365252_${formatId}.jpg\" data-aspect-ratio=\"16\/9\" alt=\"Un homme les pieds dans l'eau lors d'inondations \u00e0 Mogadiscio.\" style=\"padding-bottom: 56.25%; height: 0; max-height: 0;\"\/>Les effets du changement climatique se font particuli\u00e8rement ressentir en Afrique, avec des ph\u00e9nom\u00e8nes m\u00e9t\u00e9orologies extr\u00eames de plus en plus r\u00e9currents.Image : Feisal Omar\/REUTERS<\/p>\n<p>Les entreprises allemandes et europ\u00e9ennes en b\u00e9n\u00e9ficieront<\/p>\n<p>La Chine est depuis longtemps investie dans les politiques de d\u00e9veloppement, notamment en Afrique. Cette aide se fait toutefois souvent au d\u00e9triment des pays concern\u00e9s du point de vue des pays occidentaux.<\/p>\n<p>Reem Alabali Radova assure ainsi que l&rsquo;objectif de l&rsquo;Allemagne est de cr\u00e9er de la valeur dans les pays et r\u00e9gions cibl\u00e9s : \u00ab\u00a0De bons emplois, de bonnes conditions conformes aux normes des droits de l&rsquo;homme et aux normes climatiques. Et bien s\u00fbr, de pr\u00e9f\u00e9rence avec des entreprises allemandes ou europ\u00e9ennes.\u00a0\u00bb<\/p>\n<p>Le changement de paradigme dans l&rsquo;aide au d\u00e9veloppement allemande pr\u00e9voit \u00e9galement une nouvelle forme de coop\u00e9ration avec les pays qualifi\u00e9s d&rsquo;\u00e9mergents. \u00c0 l&rsquo;avenir, ils ne seront soutenus que par des pr\u00eats de la Kreditanstalt f\u00fcr Wiederaufbau (KfW), un organisme de cr\u00e9dit appartenant \u00e0 l&rsquo;\u00c9tat. Selon Reem\u00a0Alabali Radovan, les b\u00e9n\u00e9ficiaires potentiels de ces fonds sont des pays comme l&rsquo;Inde, l&rsquo;Afrique du Sud et le Mexique.<\/p>\n<p>L&rsquo;aide allemande pour la reconstruction de l&rsquo;Ukraine<\/p>\n<p>Dans les r\u00e9gions en crise, l&rsquo;Allemagne souhaite se concentrer davantage sur les pays \u00ab\u00a0qui sont de premi\u00e8re importance pour l&rsquo;Allemagne et l&rsquo;Europe centrale\u00a0\u00bb.\u00a0<\/p>\n<p>Le document strat\u00e9gique aborde le flanc oriental de l&rsquo;Europe ainsi que le Moyen-Orient, l&rsquo;Afrique du Nord, la r\u00e9gion du Sahel et la Corne de l&rsquo;Afrique.<\/p>\n<p>En vue de l&rsquo;Ukraine et de la reconstruction apr\u00e8s la fin de la guerre men\u00e9e par la Russie en violation du droit international, le BMZ souhaite par ailleurs jouer un r\u00f4le de premier plan dans la reconstruction du pays. \u00ab\u00a0En Europe du Sud-Est, de l&rsquo;Est et dans le Caucase, il s&rsquo;agit aussi de former un contrepoint \u00e0 l&rsquo;influence russe\u00a0\u00bb, pr\u00e9cise-t-elle.<\/p>\n<p><img data-format=\"MASTER_LANDSCAPE\" data-id=\"65867548\" data-url=\"https:\/\/static.dw.com\/image\/65867548_${formatId}.jpg\" data-aspect-ratio=\"16\/9\" alt=\"Un enfant dans un camp de r\u00e9fugi\u00e9s au milieu de tentes.\" style=\"padding-bottom: 56.25%; height: 0; max-height: 0;\"\/>Le nombre de personnes d\u00e9plac\u00e9es dans le monde a explos\u00e9 en dix ans.Image : imago images\/ZUMA Press<\/p>\n<p>R\u00e9actions partag\u00e9es<\/p>\n<p>Les r\u00e9actions des ONG et de nombre de responsables politiques sont plut\u00f4t mitig\u00e9es.<\/p>\n<p><a rel=\"noopener follow\" target=\"_blank\" class=\"external-link\" href=\"https:\/\/venro.org\/start\" title=\"Lien externe \u2014 VENRO\">VENRO<\/a>, une organisation fa\u00eeti\u00e8re qui compte pr\u00e8s de 150 ONG travaillent dans l&rsquo;aide au d\u00e9veloppement et l&rsquo;aide humanitaire, estime qu'\u00a0\u00bbil est important que l&rsquo;engagement dans les pays les moins avanc\u00e9s du Sud global soit renforc\u00e9 et que des instruments modernes comme la localisation de la coop\u00e9ration au d\u00e9veloppement soient encore davantage encourag\u00e9s\u00a0\u00bb, explique le chef de VENRO, Carsten Montag.<\/p>\n<p>VENRO critique les vis\u00e9es g\u00e9opolitiques et \u00e9conomiques du gouvernement, qui semble mettre l&rsquo;accent principalement sur les int\u00e9r\u00eats \u00e9conomiques nationaux. \u00ab\u00a0La coop\u00e9ration au d\u00e9veloppement ne doit pas devenir un instrument de promotion de ces int\u00e9r\u00eats, mais doit continuer \u00e0 viser principalement \u00e0 r\u00e9duire les injustices mondiales\u00a0\u00bb, rappelle Carsten Montag.<\/p>\n<p>Welthungerhilfe : \u00ab\u00a0Un pas important dans la bonne direction\u00a0\u00bb<\/p>\n<p>En revanche, la <a rel=\"noopener follow\" target=\"_blank\" class=\"external-link\" href=\"https:\/\/www.welthungerhilfe.de\/?wc=DGGOFM1000&amp;gad_source=1&amp;gad_campaignid=61868162&amp;gclid=EAIaIQobChMIqdD3p5OJkgMVYpODBx038zGiEAAYASAAEgLdQPD_BwE\" title=\"Lien externe \u2014 Deutsche Welthungerhilfe\">Deutsche Welthungerhilfe<\/a> (WHH), l&rsquo;une des principales organisations de lutte contre la faim en Allemagne, a d\u00e9clar\u00e9 \u00e0 la DW qu&rsquo;elle saluait le fait que la faim, la pauvret\u00e9 et les in\u00e9galit\u00e9s soient clairement d\u00e9sign\u00e9es comme les grandes priorit\u00e9s dans le plan de r\u00e9forme du BMZ. \u00ab\u00a0673 millions de personnes souffrent encore de la faim, soit une personne sur douze dans le monde\u00a0\u00bb, observe le secr\u00e9taire g\u00e9n\u00e9ral de la WHH, Mathias Mogge.<\/p>\n<p>Selon Melanie Haustein, la directrice pour l&rsquo;Allemagne du Programme des Nations Unies pour le d\u00e9veloppement (PNUD), \u00ab\u00a0il est normal que le minist\u00e8re de la Coop\u00e9ration \u00e9conomique et du D\u00e9veloppement r\u00e9organise structurellement sa politique en p\u00e9riode d&rsquo;incertitude mondiale\u00a0\u00bb. Pour elle, \u00ab\u00a0une coop\u00e9ration internationale r\u00e9siliente est essentielle en ce moment pour cr\u00e9er s\u00e9curit\u00e9 et perspectives \u2013 surtout dans les zones de crise\u00a0\u00bb<\/p>\n<p>Aide humanitaire ou d\u00e9penses militaires<\/p>\n<p>Ce faisant, l&rsquo;Allemagne continue de s&rsquo;engager aupr\u00e8s des Nations Unies et pour un ordre fond\u00e9 sur des r\u00e8gles, souligne Melanie Hauenstein, qui estime que \u00ab\u00a0cela renforce le r\u00f4le de l&rsquo;Allemagne dans le monde\u00a0\u00bb.\u00a0<\/p>\n<p>Mais pour le parti d&rsquo;opposition de gauche Die Linke et l&rsquo;une de ses porte-parole, Charlotte Neuh\u00e4user, \u00ab\u00a0jamais auparavant, les fonds pour les habitants des pays du Sud global n&rsquo;avaient \u00e9t\u00e9 aussi massivement coup\u00e9s que sous le gouvernement f\u00e9d\u00e9ral en place.\u00a0\u00bb\u00a0<\/p>\n<p>Pour Charlotte Neuh\u00e4user, la proposition du BMZ ne fait qu&rsquo;enjoliver les coupes budg\u00e9taires record pour ceux qui sont les plus touch\u00e9s par les cons\u00e9quences de l&rsquo;exploitation mondiale, des guerres et de la crise climatique, alors que dans le m\u00eame temps, les budgets de d\u00e9fense explosent en Allemagne et dans le monde.<\/p>\n","protected":false},"excerpt":{"rendered":"En 2026, le minist\u00e8re allemand de la Coop\u00e9ration \u00e9conomique et du D\u00e9veloppement (BMZ) disposera d&rsquo;un peu plus de&hellip;\n","protected":false},"author":2,"featured_media":661315,"comment_status":"","ping_status":"","sticky":false,"template":"","format":"standard","meta":{"footnotes":""},"categories":[1587],"tags":[11,672,1804,1805,1803,1777,674,1801,12,1802],"class_list":{"0":"post-661314","1":"post","2":"type-post","3":"status-publish","4":"format-standard","5":"has-post-thumbnail","7":"category-allemagne","8":"tag-actualites","9":"tag-allemagne","10":"tag-bundesrepublik-deutschland","11":"tag-de","12":"tag-deutschland","13":"tag-eu","14":"tag-europe","15":"tag-germany","16":"tag-news","17":"tag-republique-federale-dallemagne"},"share_on_mastodon":{"url":"https:\/\/pubeurope.com\/@fr\/115889528568193982","error":""},"_links":{"self":[{"href":"https:\/\/www.europesays.com\/fr\/wp-json\/wp\/v2\/posts\/661314","targetHints":{"allow":["GET"]}}],"collection":[{"href":"https:\/\/www.europesays.com\/fr\/wp-json\/wp\/v2\/posts"}],"about":[{"href":"https:\/\/www.europesays.com\/fr\/wp-json\/wp\/v2\/types\/post"}],"author":[{"embeddable":true,"href":"https:\/\/www.europesays.com\/fr\/wp-json\/wp\/v2\/users\/2"}],"replies":[{"embeddable":true,"href":"https:\/\/www.europesays.com\/fr\/wp-json\/wp\/v2\/comments?post=661314"}],"version-history":[{"count":0,"href":"https:\/\/www.europesays.com\/fr\/wp-json\/wp\/v2\/posts\/661314\/revisions"}],"wp:featuredmedia":[{"embeddable":true,"href":"https:\/\/www.europesays.com\/fr\/wp-json\/wp\/v2\/media\/661315"}],"wp:attachment":[{"href":"https:\/\/www.europesays.com\/fr\/wp-json\/wp\/v2\/media?parent=661314"}],"wp:term":[{"taxonomy":"category","embeddable":true,"href":"https:\/\/www.europesays.com\/fr\/wp-json\/wp\/v2\/categories?post=661314"},{"taxonomy":"post_tag","embeddable":true,"href":"https:\/\/www.europesays.com\/fr\/wp-json\/wp\/v2\/tags?post=661314"}],"curies":[{"name":"wp","href":"https:\/\/api.w.org\/{rel}","templated":true}]}}