{"id":661316,"date":"2026-01-13T19:50:15","date_gmt":"2026-01-13T19:50:15","guid":{"rendered":"https:\/\/www.europesays.com\/fr\/661316\/"},"modified":"2026-01-13T19:50:15","modified_gmt":"2026-01-13T19:50:15","slug":"comment-les-etats-unis-ont-relegue-leurope-au-second-plans-dans-le-dossier-iranien","status":"publish","type":"post","link":"https:\/\/www.europesays.com\/fr\/661316\/","title":{"rendered":"Comment les \u00c9tats-Unis ont rel\u00e9gu\u00e9 l\u2019Europe au second plans dans le dossier iranien"},"content":{"rendered":"<p>De <a href=\"https:\/\/www.humanite.fr\/monde\/benyamin-netanyahou\/gaza-pendant-que-les-bombardements-continuent-lunion-europeenne-propose-des-mesures-cosmetiques-contre-israel\" target=\"_blank\" rel=\"noopener\">sanctions contre Isra\u00ebl<\/a>, malgr\u00e9 le g\u00e9nocide \u00e0 Gaza, il n\u2019a jamais \u00e9t\u00e9 question. L\u2019Union europ\u00e9enne (UE) n\u2019avait en revanche pas besoin qu\u2019on la pousse beaucoup pour de nouveau brandir la menace de mesures de r\u00e9torsion contre l\u2019Iran alors m\u00eame que celles en place asphyxient d\u00e9j\u00e0 l\u2019\u00e9conomie et ont des cons\u00e9quences sur le quotidien de la population.<\/p>\n<p>\u00ab\u00a0Nous sommes pr\u00eats \u00e0 proposer de <a href=\"https:\/\/www.humanite.fr\/monde\/europe\/nucleaire-iranien-paris-londres-et-berlin-menacent-teheran-de-sanctions\" target=\"_blank\" rel=\"noopener\">nouvelles sanctions<\/a>, plus s\u00e9v\u00e8res, \u00e0 la suite de la r\u00e9pression \u00e0 l\u2019encontre des manifestants\u00a0\u00bb, a confirm\u00e9 le porte-parole du service diplomatique de l\u2019UE, Anouar El Anouni, ce 12\u00a0janvier, illustrant le fait que les sanctions sont bel et bien devenues un instrument de poursuite de la guerre par d\u2019autres moyens.<\/p>\n<p>L\u2019accord sur le nucl\u00e9aire iranien est affaibli par le retrait am\u00e9ricain<\/p>\n<p>Le but est clair\u00a0: cibler le c\u0153ur du fonctionnement de l\u2019\u00c9tat et favoriser une d\u00e9stabilisation int\u00e9rieure sans que personne ne soit tenu responsable de l\u2019inflation ou de la d\u00e9gradation des conditions alimentaires ou sanitaires.<\/p>\n<p>L\u2019Union europ\u00e9enne y voit un avantage. Ce type de mesures demeure moins co\u00fbteux que la mobilisation de moyens militaires, n\u2019entra\u00eene aucune perte humaine de son c\u00f4t\u00e9 et passe mieux aupr\u00e8s de l\u2019opinion publique. Face \u00e0 <a href=\"https:\/\/www.humanite.fr\/monde\/iran\/aujourdhui-les-gens-nont-rien-a-perdre-en-iran-un-mouvement-inedit-qui-se-cherche-un-avenir\" target=\"_blank\" rel=\"noopener\">la r\u00e9pression en cours des manifestations en Iran<\/a>, la pr\u00e9sidente du Parlement europ\u00e9en, Roberta Metsola, peut ais\u00e9ment d\u00e9clarer sur X que \u00ab\u00a0l\u2019Europe doit comprendre son devoir et la n\u00e9cessit\u00e9 d\u2019agir\u00a0\u00bb, comme elle l\u2019avait imm\u00e9diatement fait apr\u00e8s l\u2019invasion de l\u2019Ukraine par la Russie, et pr\u00e9server son image de mod\u00e9ration quand\u00a0Donald Trump n\u2019h\u00e9site pas \u00e0 d\u00e9clarer qu\u2019il \u00ab\u00a0frapperait tr\u00e8s fort\u00a0\u00bb si le massacre \u00e0 huis clos se poursuivait.<\/p>\n<p>En Europe, la France, le Royaume-Uni et l\u2019Allemagne avaient \u00e9t\u00e9 des forces motrices pour la conclusion de\u00a0<a href=\"https:\/\/www.humanite.fr\/en-debat\/iran\/lettre-aux-dirigeants-europeens-signataires-de-laccord-de-vienne-sur-le-nucleaire-iranien\" target=\"_blank\" rel=\"noopener\">l\u2019accord sur le nucl\u00e9aire iranien (JCPOA)<\/a>, en 2015. Ce dernier avait largement \u00e9t\u00e9 c\u00e9l\u00e9br\u00e9 comme un chef-d\u2019\u0153uvre de diplomatie multilat\u00e9rale. Mais, le retrait des \u00c9tats-Unis en 2018, lors du premier mandat de Donald Trump, puis le r\u00e9tablissement de sanctions s\u00e9v\u00e8res par Washington semblent avoir laiss\u00e9 les Europ\u00e9ens orphelins\u00a0; Paris, Londres et Berlin se retrouvant seuls \u00e0 d\u00e9fendre un accord qu\u2019ils n\u2019avaient plus les moyens de faire fonctionner du fait d\u2019une \u00e9conomie d\u00e9pendante du dollar.<\/p>\n<p>L\u2019Union europ\u00e9enne sans pouvoir r\u00e9el face \u00e0 Washington<\/p>\n<p>Extraterritoriales, les mesures \u00e9tats-uniennes ont contraint les banques et les entreprises europ\u00e9ennes \u00e0 couper leurs liens avec l\u2019Iran sous peine de mesures de r\u00e9torsion des \u00c9tats-Unis. Et le m\u00e9canisme sp\u00e9cial Instex, cens\u00e9 permettre les \u00e9changes humanitaires avec l\u2019Iran, sans passer par le dollar, n\u2019a jamais fonctionn\u00e9. Aujourd\u2019hui, l\u2019Europe se retrouve exclue des discussions entre les \u00c9tats-Unis et l\u2019Iran sur la question du nucl\u00e9aire, \u00e9voqu\u00e9es par Donald Trump.<\/p>\n<p>L\u2019affaire est r\u00e9v\u00e9latrice de l\u2019impuissance europ\u00e9enne. Les Vingt-Sept peuvent bien n\u00e9gocier des accords strat\u00e9giques, ils ont peu de moyens de les faire vivre sans l\u2019aval de Washington. Le JCPOA \u00e9tant devenu une coquille vide, les Iraniens n\u2019avaient aucune raison de ne pas reprendre l\u2019enrichissement d\u2019uranium.<\/p>\n<p>C\u2019est Esmail Baghaei, le porte-parole du minist\u00e8re des Affaires \u00e9trang\u00e8res, \u00e0 T\u00e9h\u00e9ran, qui fit \u00e0 l\u2019\u00e9poque tomber le couperet\u00a0: \u00ab\u00a0Les Europ\u00e9ens agissent comme le proxy des \u00c9tats-Unis et d\u2019Isra\u00ebl\u00a0\u00bb, signant lui aussi l\u2019incapacit\u00e9 des Vingt-Sept \u00e0 incarner un acteur global ind\u00e9pendant.<\/p>\n<p>\u00catre le journal de la paix, notre d\u00e9fi quotidien<\/p>\n<p>Depuis Jaur\u00e8s, la d\u00e9fense de la paix est dans notre ADN.<\/p>\n<ul class=\"wp-block-list\">\n<li>Qui informe encore aujourd\u2019hui sur <strong>les actions des pacifistes<\/strong> pour le d\u00e9sarmement\u00a0?<\/li>\n<li>Combien de m\u00e9dias rappellent que <strong>les combats de d\u00e9colonisation <\/strong>ont encore cours, et qu\u2019ils doivent \u00eatre soutenus\u00a0?<\/li>\n<li>Combien valorisent les <strong>solidarit\u00e9s internationales<\/strong>, et s\u2019engagent sans ambigu\u00eft\u00e9 aux c\u00f4t\u00e9s des exil\u00e9s\u00a0?<\/li>\n<\/ul>\n<p><strong>Nos valeurs n\u2019ont pas de fronti\u00e8res.<\/strong><\/p>\n<p>Aidez-nous \u00e0 soutenir le droit \u00e0 l\u2019autod\u00e9termination et l\u2019option de la paix.<br \/><a href=\"https:\/\/www.humanite.fr\/lhumanite-cest-vous\" target=\"_blank\" rel=\"noopener\">Je veux en savoir plus\u00a0!<\/a><\/p>\n","protected":false},"excerpt":{"rendered":"De sanctions contre Isra\u00ebl, malgr\u00e9 le g\u00e9nocide \u00e0 Gaza, il n\u2019a jamais \u00e9t\u00e9 question. L\u2019Union europ\u00e9enne (UE) n\u2019avait&hellip;\n","protected":false},"author":2,"featured_media":661317,"comment_status":"","ping_status":"","sticky":false,"template":"","format":"standard","meta":{"footnotes":""},"categories":[1586],"tags":[11,1777,674,1011,27,12,25],"class_list":{"0":"post-661316","1":"post","2":"type-post","3":"status-publish","4":"format-standard","5":"has-post-thumbnail","7":"category-europe","8":"tag-actualites","9":"tag-eu","10":"tag-europe","11":"tag-fr","12":"tag-france","13":"tag-news","14":"tag-republique-francaise"},"share_on_mastodon":{"url":"https:\/\/pubeurope.com\/@fr\/115889532031377026","error":""},"_links":{"self":[{"href":"https:\/\/www.europesays.com\/fr\/wp-json\/wp\/v2\/posts\/661316","targetHints":{"allow":["GET"]}}],"collection":[{"href":"https:\/\/www.europesays.com\/fr\/wp-json\/wp\/v2\/posts"}],"about":[{"href":"https:\/\/www.europesays.com\/fr\/wp-json\/wp\/v2\/types\/post"}],"author":[{"embeddable":true,"href":"https:\/\/www.europesays.com\/fr\/wp-json\/wp\/v2\/users\/2"}],"replies":[{"embeddable":true,"href":"https:\/\/www.europesays.com\/fr\/wp-json\/wp\/v2\/comments?post=661316"}],"version-history":[{"count":0,"href":"https:\/\/www.europesays.com\/fr\/wp-json\/wp\/v2\/posts\/661316\/revisions"}],"wp:featuredmedia":[{"embeddable":true,"href":"https:\/\/www.europesays.com\/fr\/wp-json\/wp\/v2\/media\/661317"}],"wp:attachment":[{"href":"https:\/\/www.europesays.com\/fr\/wp-json\/wp\/v2\/media?parent=661316"}],"wp:term":[{"taxonomy":"category","embeddable":true,"href":"https:\/\/www.europesays.com\/fr\/wp-json\/wp\/v2\/categories?post=661316"},{"taxonomy":"post_tag","embeddable":true,"href":"https:\/\/www.europesays.com\/fr\/wp-json\/wp\/v2\/tags?post=661316"}],"curies":[{"name":"wp","href":"https:\/\/api.w.org\/{rel}","templated":true}]}}