{"id":661325,"date":"2026-01-13T19:55:11","date_gmt":"2026-01-13T19:55:11","guid":{"rendered":"https:\/\/www.europesays.com\/fr\/661325\/"},"modified":"2026-01-13T19:55:11","modified_gmt":"2026-01-13T19:55:11","slug":"brooks-koepka-sattend-a-un-retour-houleux-beaucoup-de-gens-ont-ete-blesses-par-mon-depart","status":"publish","type":"post","link":"https:\/\/www.europesays.com\/fr\/661325\/","title":{"rendered":"Brooks Koepka s\u2019attend \u00e0 un retour houleux : \u00ab Beaucoup de gens ont \u00e9t\u00e9 bless\u00e9s par mon d\u00e9part \u00bb"},"content":{"rendered":"<p>\t\t\t\t\t\t<img width=\"770\" height=\"556\" src=\"https:\/\/www.europesays.com\/fr\/wp-content\/uploads\/2026\/01\/0koepkafaceodf-770x556.jpg\" class=\"img-responsive wp-post-image\" alt=\"0KoepkaFaceOdF Stuart Franklin \/ Getty \/ AFP\" decoding=\"async\" fetchpriority=\"high\"  \/>\t\t\t\t\t<\/p>\n<p>\t\t\t\t\t\t Partager cet article <\/p>\n<p class=\"screen-reader-text juiz_sps_maybe_hidden_text\">Partager la publication \u00ab\u00a0Brooks Koepka s\u2019attend \u00e0 un retour houleux : \u00ab Beaucoup de gens ont \u00e9t\u00e9 bless\u00e9s par mon d\u00e9part \u00bb\u00a0\u00bb<\/p>\n<p><strong>De retour sur le PGA Tour sans aucune n\u00e9gociation sur une sanction financi\u00e8re \u00ab cens\u00e9e faire mal \u00bb, Brooks Koepka se dit extr\u00eamement reconnaissant et, dans un \u00e9trange paradoxe, impatient d\u2019affronter spectateurs, m\u00e9dias et joueurs pour avoir des conversations difficiles qu\u2019il juge indispensables.<br \/>&#13;<br \/>\n<\/strong><strong>\u00a0<\/strong><\/p>\n<p>R\u00e9int\u00e9gr\u00e9 sur le <strong>PGA Tour<\/strong> via le nouveau <strong>Returning Member Program<\/strong>, <strong>Brooks Koepka<\/strong> s\u2019est dit \u00ab extr\u00eamement reconnaissant \u00bb de pouvoir revenir malgr\u00e9 une sanction financi\u00e8re qu\u2019il juge \u00ab s\u00e9v\u00e8re \u00bb mais accepte sans broncher.<\/p>\n<p>Il fera son retour fin janvier au <strong>Farmers Insurance Open<\/strong>, avant d\u2019encha\u00eener avec le <strong>WM Phoenix Open<\/strong>, o\u00f9 il s\u2019attend \u00e0 une ambiance particuli\u00e8rement \u00e9lectrique.<\/p>\n<blockquote><p>&#13;<br \/>\nJe comprends parfaitement pourquoi le circuit a pris cette d\u00e9cision : elle est cens\u00e9e faire mal, et \u00e7a fait mal, mais je comprends.&#13;<\/p>\n<p>Brooks Koepka<\/p>\n<p>&#13;\n<\/p><\/blockquote>\n<p>Le quintuple vainqueur en Majeurs a accept\u00e9 <a href=\"https:\/\/www.golfplanete.com\/actualites\/des-dizaines-de-millions-ce-que-va-couter-a-brooks-koepka-son-retour-sur-le-pga-tour\/\" target=\"_blank\" rel=\"noopener\">un programme unique<\/a> qui lui impose un don caritatif de 5 millions de dollars, la perte de l\u2019acc\u00e8s aux attributions de capital pendant cinq ans et l\u2019absence de bonus <strong>FedExCup<\/strong> en 2026, pour un manque \u00e0 gagner potentiel de plus de 50 millions de dollars.<\/p>\n<p>\u00ab Il n\u2019y a pas eu de n\u00e9gociation, a-t\u2011il expliqu\u00e9 \u00e0 l\u2019Associated Press \u00e0 propos de son \u00e9change avec <strong>Brian Rolapp<\/strong>. Je comprends parfaitement pourquoi le circuit a pris cette d\u00e9cision : elle est cens\u00e9e faire mal, et \u00e7a fait mal, mais je comprends. Ce n\u2019est pas cens\u00e9 \u00eatre un chemin facile. Beaucoup de gens ont \u00e9t\u00e9 bless\u00e9s par mon d\u00e9part, et je comprends que cela fait partie du processus. \u00bb<br \/>&#13;<br \/>\n\u00a0<\/p>\n<p>Des conversations difficiles\u2026 qu\u2019il veut avoir<\/p>\n<p>Conscient d\u2019avoir bless\u00e9 certains coll\u00e8gues en partant sur le <strong>LIV Golf<\/strong>, Brooks Koepka admet : \u00ab J\u2019ai beaucoup de travail \u00e0 faire avec certains joueurs. Il y a certainement des gars qui sont contents, et certainement des gars qui seront en col\u00e8re, a-t-il ajout\u00e9. Si quelqu\u2019un est contrari\u00e9, je dois reconstruire ces relations. \u00bb<\/p>\n<p>Il se pr\u00e9pare \u00e0 une premi\u00e8re semaine tendue. \u00ab Il y a beaucoup plus \u00e0 faire que simplement jouer au golf, poursuit-il. G\u00e9rer les m\u00e9dias, g\u00e9rer les joueurs, puis avoir certaines conversations difficiles. Mais j\u2019ai h\u00e2te d\u2019y \u00eatre. Suis-je nerveux ? Oui. Suis-je enthousiaste ? Oui. D\u2019une mani\u00e8re \u00e9trange, j\u2019ai envie d\u2019avoir ces conversations. \u00bb<\/p>\n<p>Brooks Koepka sait aussi que son retour sera scrut\u00e9 par les spectateurs, notamment au bouillant par 3 du 16 du <strong>TPC Scottsdale<\/strong>. Le \u00ab <a href=\"https:\/\/www.golfplanete.com\/actualites\/photos-le-16-du-tpc-scottsdale-se-prepare-pour-le-wm-phoenix-open-2026\/\" target=\"_blank\" rel=\"noopener\">trou du diable<\/a> \u00bb ! Loin de redouter cette atmosph\u00e8re, il assure : \u00ab Je peux g\u00e9rer \u00e7a. J\u2019aime le public, et j\u2019esp\u00e8re que tout le monde sera content de me voir. Ils ne peuvent pas m\u2019en vouloir \u00e9ternellement. \u00bb<\/p>\n<p>\u00a0<br \/>&#13;<br \/>\nPhoto : Stuart Franklin \/ Getty \/ AFP<\/p>\n","protected":false},"excerpt":{"rendered":"Partager cet article Partager la publication \u00ab\u00a0Brooks Koepka s\u2019attend \u00e0 un retour houleux : \u00ab Beaucoup de gens&hellip;\n","protected":false},"author":2,"featured_media":661326,"comment_status":"","ping_status":"","sticky":false,"template":"","format":"standard","meta":{"footnotes":""},"categories":[1418],"tags":[1011,27,1472,60],"class_list":{"0":"post-661325","1":"post","2":"type-post","3":"status-publish","4":"format-standard","5":"has-post-thumbnail","7":"category-golf","8":"tag-fr","9":"tag-france","10":"tag-golf","11":"tag-sports"},"share_on_mastodon":{"url":"https:\/\/pubeurope.com\/@fr\/115889551662956697","error":""},"_links":{"self":[{"href":"https:\/\/www.europesays.com\/fr\/wp-json\/wp\/v2\/posts\/661325","targetHints":{"allow":["GET"]}}],"collection":[{"href":"https:\/\/www.europesays.com\/fr\/wp-json\/wp\/v2\/posts"}],"about":[{"href":"https:\/\/www.europesays.com\/fr\/wp-json\/wp\/v2\/types\/post"}],"author":[{"embeddable":true,"href":"https:\/\/www.europesays.com\/fr\/wp-json\/wp\/v2\/users\/2"}],"replies":[{"embeddable":true,"href":"https:\/\/www.europesays.com\/fr\/wp-json\/wp\/v2\/comments?post=661325"}],"version-history":[{"count":0,"href":"https:\/\/www.europesays.com\/fr\/wp-json\/wp\/v2\/posts\/661325\/revisions"}],"wp:featuredmedia":[{"embeddable":true,"href":"https:\/\/www.europesays.com\/fr\/wp-json\/wp\/v2\/media\/661326"}],"wp:attachment":[{"href":"https:\/\/www.europesays.com\/fr\/wp-json\/wp\/v2\/media?parent=661325"}],"wp:term":[{"taxonomy":"category","embeddable":true,"href":"https:\/\/www.europesays.com\/fr\/wp-json\/wp\/v2\/categories?post=661325"},{"taxonomy":"post_tag","embeddable":true,"href":"https:\/\/www.europesays.com\/fr\/wp-json\/wp\/v2\/tags?post=661325"}],"curies":[{"name":"wp","href":"https:\/\/api.w.org\/{rel}","templated":true}]}}