{"id":661327,"date":"2026-01-13T19:57:11","date_gmt":"2026-01-13T19:57:11","guid":{"rendered":"https:\/\/www.europesays.com\/fr\/661327\/"},"modified":"2026-01-13T19:57:11","modified_gmt":"2026-01-13T19:57:11","slug":"apres-trois-ans-dexil-terry-bouhraoua-reve-dun-nouveau-defi","status":"publish","type":"post","link":"https:\/\/www.europesays.com\/fr\/661327\/","title":{"rendered":"apr\u00e8s trois ans d\u2019exil, Terry Bouhraoua r\u00eave d\u2019un nouveau d\u00e9fi"},"content":{"rendered":"<p>                    Par<br \/>\n        <strong><br \/>\n            <a href=\"https:\/\/actu.fr\/auteur\/clement-mazella\" title=\"Consulter tous les articles de Cl\u00e9ment Mazella\" target=\"_blank\" rel=\"noopener\">Cl\u00e9ment Mazella<\/a><br \/>\n                    <\/strong><\/p>\n<p>        Publi\u00e9 le<\/p>\n<p>            13 janv. 2026 \u00e0 17h50        <\/p>\n<p>Pour <strong>Terry Bouhraoua<\/strong>, 2026 a d\u00e9but\u00e9 par un vol en avion. Un vol qui l\u2019a ramen\u00e9 en France, apr\u00e8s quasiment <a href=\"https:\/\/actu.fr\/sports\/rugby\/pro\/rugby-la-nouvelle-vie-de-terry-bouhraoua-a-9000-km-de-la-france-l-exil-il-est-en-moi_60610380.html\" target=\"_blank\" rel=\"noopener\">3 ans d\u2019exil au Mexique<\/a>. Cette destination exotique, inattendue dans le monde du rugby, elle lui \u00ab\u00a0a redonn\u00e9 un sens\u00a0\u00bb. Car Terry a v\u00e9cu une p\u00e9riode personnelle tr\u00e8s compliqu\u00e9e \u00e0 la fin de sa carri\u00e8re de joueur. Au Mexique, l\u2019ancienne star de France 7 a occup\u00e9 les fonctions de directeur sportif des \u00e9quipes nationales de rugby \u00e0 7, mais aussi entra\u00eeneur des 3\/4 de la s\u00e9lection \u00e0 XV. \u00ab\u00a0J\u2019aimais ma situation l\u00e0-bas. J\u2019aurais bien continu\u00e9 par facilit\u00e9 et confort\u00a0\u00bb, dit-il aupr\u00e8s d\u2019<a href=\"https:\/\/actu.fr\/rugby\/\" target=\"_blank\" rel=\"noopener\">Actu Rugby<\/a>. Mais un changement au sein de la F\u00e9d\u00e9ration a engendr\u00e9 la fin de sa mission. Aujourd\u2019hui, Terry Bouhraoua, meilleur r\u00e9alisateur de l\u2019histoire de France 7, est <strong>\u00e0 la recherche d\u2019un nouveau d\u00e9fi<\/strong>. En France, ou partout ailleurs. Car le go\u00fbt de l\u2019aventure, il est ancr\u00e9 en lui.<\/p>\n<p>Terry Bouhraoua r\u00eave d\u2019un nouveau d\u00e9fi<\/p>\n<p class=\" wall-content\">Lorsque l\u2019on a \u00e9chang\u00e9 avec lui, Terry Bouhraoua venait d\u2019avoir la veille la proposition d\u2019un projet. Il n\u2019en dira pas plus, \u00ab\u00a0pour ne pas se porter la guigne\u00a0\u00bb. Juste que c\u2019est autour du rugby \u00e0 7. Le gar\u00e7on de 38 ans, form\u00e9 \u00e0 Ch\u00e2teaudun, pass\u00e9 par le <a href=\"https:\/\/actu.fr\/tag\/stade-francais\" target=\"_blank\" rel=\"noopener\">Stade Fran\u00e7ais<\/a> ou <a href=\"https:\/\/actu.fr\/tag\/as-beziers-herault-rugby\" target=\"_blank\" rel=\"noopener\">B\u00e9ziers<\/a>, ne ferme aucune porte : <strong>\u00e0 7, \u00e0 XV, peu importe<\/strong>.<\/p>\n<p class=\" wall-content\">\u00ab\u00a0J\u2019aimerais un projet avec un peu plus d\u2019ambitions que celles qu\u2019avait le Mexique. Je crois que j\u2019ai des capacit\u00e9s pour prendre un r\u00f4le d\u2019entra\u00eeneur des 3\/4. La strat\u00e9gie offensive du rugby \u00e0 XV m\u2019a toujours int\u00e9ress\u00e9. Sinon, head coach d\u2019une s\u00e9lection \u00e0 7, un peu sup\u00e9rieure au Mexique, ou bien d\u2019un club fran\u00e7ais \u00e0 7\u00a0\u00bb, explique \u00ab\u00a0Le petit g\u00e9n\u00e9ral\u00a0\u00bb. \u00ab\u00a0Je suis excit\u00e9 de voir ce qu\u2019il va se passe. J\u2019ai toujours en moi un peu d\u2019ambition\u00a0\u00bb.<\/p>\n<p class=\" wall-content\">En France, ou ailleurs, cela lui est \u00e9gal. D\u2019origine alg\u00e9rienne, Terry a une \u00e2me de globe-trotteur. Il a fini sa carri\u00e8re de joueur en Espagne. Et n\u2019a pas h\u00e9sit\u00e9 \u00e0 partir au Mexique. \u00ab\u00a0Le rugby, c\u2019est un pr\u00e9texte. Un pr\u00e9texte pour vivre des aventures, des \u00e9motions, des victoires, des d\u00e9faites. Je crois que plus tu as d\u2019exp\u00e9riences diff\u00e9rentes, plus tu t\u2019enrichis comme entra\u00eeneur\u00a0\u00bb.\u00a0<\/p>\n<p class=\" wall-content\"><a href=\"https:\/\/www.instagram.com\/p\/DRfFGSFEQAA\/embed\" title=\"Ouvrir le lien sur Instagram\" target=\"_blank\" rel=\"noopener\">Visualiser le contenu sur Instagram<\/a><\/p>\n<p>Pas de propositions encore en France<\/p>\n<p class=\" wall-content\">Terry Bouhraoua nous l\u2019avoue aussi : il n\u2019a pour l\u2019instant re\u00e7u <strong>aucune proposition en France<\/strong>. \u00ab\u00a0Aucun appel du pied. Peut-\u00eatre qu\u2019il faudrait que je le provoque plus\u00a0\u00bb, soupire-t-il. \u00ab\u00a0Apr\u00e8s, c\u2019est ma fa\u00e7on d\u2019\u00eatre. J\u2019ai besoin de me sentir un peu d\u00e9sir\u00e9\u00a0\u00bb.\u00a0<\/p>\n<p class=\" wall-content\">Une absence de proposition qui peut aussi s\u2019expliquer par son exil de pr\u00e8s de 3 ans au Mexique, avec une perte de visibilit\u00e9. Sans oublier que le monde des entra\u00eeneurs est tr\u00e8s ferm\u00e9, et que les opportunit\u00e9s sont rares.<\/p>\n<p class=\" wall-content\">Il pourrait profiter de la pr\u00e9sence de son fr\u00e8re, Boris, actuellement entra\u00eeneur en chef \u00e0 Biarritz. Mais Terry n\u2019est pas de ce genre : \u00ab\u00a0Je ne veux pas d\u2019un poste car je suis \u00ab\u00a0fr\u00e8re de\u00a0\u00bb ou que mon fr\u00e8re est en place quelque part. Si Boris pense que je peux lui \u00eatre utile, alors pourquoi pas. Mais pas autrement\u00a0\u00bb.\u00a0<\/p>\n<p>    <img   decoding=\"async\" loading=\"lazy\" src=\"https:\/\/www.europesays.com\/fr\/wp-content\/uploads\/2026\/01\/icon-adim-200621-34-329-960x640.jpg\" alt=\"L'ancien capitaine embl\u00e9matique de France 7, Terry Bouhraoua, \" width=\"960\" height=\"640\"\/><br \/>\n    Terry Bouhraoua est le meilleur r\u00e9alisateur de l\u2019histoire de France 7. (\u00a9Icon Sport)<\/p>\n<p>Votre r\u00e9gion, votre actu !<\/p>\n<p>Recevez chaque jour les infos qui comptent pour vous.<\/p>\n<p>\t<a href=\"https:\/\/actu.fr\/newsletter\" class=\"ac-btn ac-btn--corner ac-btn--medium ac-btn--blue800\" target=\"_blank\" rel=\"noopener\">S&rsquo;incrire<\/a><br \/>\nUn CV atypique<\/p>\n<p class=\" wall-content\">Le CV d\u2019entra\u00eeneur de Terry est atypique. Et peut clairement en s\u00e9duire plus d\u2019un. Au Mexique, l\u2019ancien joueur de poche a pass\u00e9 <strong>son quotidien \u00e0 se d\u00e9brouiller<\/strong> dans un pays o\u00f9 le rugby n\u2019est clairement pas le sport roi. \u00ab\u00a0Vu que ce n\u2019\u00e9tait m\u00eame pas dans la culture des gens, tout \u00e9tait encore plus compliqu\u00e9\u00a0\u00bb, admet Terry Bouhraoua.<\/p>\n<p class=\" wall-content\">Compliqu\u00e9 pour trouver des sponsors, des partenaires, obtenir de l\u2019argent pour faire des stages, prendre des billets d\u2019avion\u2026 \u00ab\u00a0Forc\u00e9ment, tu ne peux pas esp\u00e9rer des r\u00e9sultats flamboyants. Ils d\u00e9pendent beaucoup de l\u2019\u00e9conomie autour. Mais j\u2019en retire plein de choses positives. Car j\u2019ai trouv\u00e9, au milieu de cette difficult\u00e9, des passionn\u00e9s qui sacrifient des moments de leur vie pour ce sport\u00a0\u00bb.<\/p>\n<p class=\" wall-content\">Bouhraoua poursuit : \u00ab\u00a0J\u2019ai aim\u00e9 cette place de petit au milieu des grands, et cette envie de bousculer la hi\u00e9rarchie. J\u2019ai appr\u00e9ci\u00e9 aussi de voir le fonctionnement de toutes les strates d\u2019une f\u00e9d\u00e9ration, c\u2019\u00e9tait super int\u00e9ressant pour ma curiosit\u00e9\u00a0\u00bb.\u00a0<\/p>\n<p>    <img   decoding=\"async\" loading=\"lazy\" src=\"https:\/\/www.europesays.com\/fr\/wp-content\/uploads\/2026\/01\/terry-bouhraoua-mexique-3-1-960x640.jpg\" alt=\"Terry Bouhraoua est parti au Mexique pour aider au d\u00e9veloppement de la f\u00e9d\u00e9ration mexicaine de rugby \u00e0 7\" width=\"960\" height=\"640\"\/><br \/>\n    Terry Bouhraoua est parti au Mexique pour aider au d\u00e9veloppement de la f\u00e9d\u00e9ration mexicaine de rugby \u00e0 7 (\u00a9f\u00e9d\u00e9ration mexicaine rugby \u00e0 7)Le Mexique lui a \u00ab\u00a0sauv\u00e9 la vie\u00a0\u00bb<\/p>\n<p class=\" wall-content\">Terry Bouhraoua retient aussi de ses 3 ans au Mexique les \u00ab\u00a0deux mondes\u00a0\u00bb qu\u2019il y a dans le rugby : \u00ab\u00a0Le rugby de haut niveau, il appartient \u00e0 8 \u00e9quipes. Le reste, il s\u2019amuse. Quand tu es petit, le syst\u00e8me est presque vou\u00e9 \u00e0 te laisser petit. Je ne l\u2019ai pas d\u00e9couvert, mais je l\u2019ai bien vu en face cette r\u00e9alit\u00e9\u00a0\u00bb.<\/p>\n<p class=\" wall-content\">En raison d\u2019un changement de pr\u00e9sidence, et donc d\u2019une nouvelle strat\u00e9gie d\u2019orientation pour le rugby au Mexique, Terry Bouhraoua n\u2019a pas \u00e9t\u00e9 gard\u00e9. Son contrat permet de faire des \u00e9conomies. Terry est donc parti, sans animosit\u00e9. Car il sait ce qu\u2019il doit au Mexique.<\/p>\n<p class=\" wall-content\">Quand il n\u2019avait rien, c\u2019est ce pays qui lui a tendu la main. \u00ab\u00a0J\u2019ai flirt\u00e9 avec le tr\u00e8s bas. <strong>Les dirigeants mexicains m\u2019ont presque sauv\u00e9 la vie<\/strong> et me donnant cette opportunit\u00e9. Franchement, c\u2019\u00e9tait une tr\u00e8s belle exp\u00e9rience. Elle m\u2019a redonn\u00e9 un sens. Je ne remercierai jamais assez le Mexique\u00a0\u00bb, l\u00e2che, \u00e9mu, Terry Bouhraoua.<\/p>\n<p class=\" wall-content\">Et d\u00e9sormais, c\u2019est une nouvelle page que l\u2019ex-international fran\u00e7ais veut \u00e9crire\u2026<\/p>\n<p class=\" wall-content\">Personnalisez votre actualit\u00e9 en ajoutant vos villes et m\u00e9dias en favori avec <a href=\"https:\/\/moncompte.actu.fr\" title=\"D\u00e9couvez Mon Actu\" rel=\"nofollow noopener\" data-trk=\"{&quot;cta&quot;:{&quot;action&quot;:&quot;https:\\\/\\\/moncompte.actu.fr&quot;,&quot;category&quot;:&quot;mon compte&quot;,&quot;from&quot;:&quot;article footer&quot;,&quot;name&quot;:&quot;Mon actu&quot;,&quot;type&quot;:&quot;cta&quot;}}\" target=\"_blank\">Mon Actu<\/a>.<\/p>\n<p>                    <script async src=\"\/\/www.instagram.com\/embed.js\"><\/script><\/p>\n","protected":false},"excerpt":{"rendered":"Par Cl\u00e9ment Mazella Publi\u00e9 le 13 janv. 2026 \u00e0 17h50 Pour Terry Bouhraoua, 2026 a d\u00e9but\u00e9 par un&hellip;\n","protected":false},"author":2,"featured_media":661328,"comment_status":"","ping_status":"","sticky":false,"template":"","format":"standard","meta":{"footnotes":""},"categories":[1416],"tags":[1011,27,3788,479,1468,60,2558,513],"class_list":{"0":"post-661327","1":"post","2":"type-post","3":"status-publish","4":"format-standard","5":"has-post-thumbnail","7":"category-rugby","8":"tag-fr","9":"tag-france","10":"tag-pro","11":"tag-rugby","12":"tag-rugby-football","13":"tag-sports","14":"tag-stade-francais","15":"tag-xv-de-france"},"share_on_mastodon":{"url":"https:\/\/pubeurope.com\/@fr\/115889559762458085","error":""},"_links":{"self":[{"href":"https:\/\/www.europesays.com\/fr\/wp-json\/wp\/v2\/posts\/661327","targetHints":{"allow":["GET"]}}],"collection":[{"href":"https:\/\/www.europesays.com\/fr\/wp-json\/wp\/v2\/posts"}],"about":[{"href":"https:\/\/www.europesays.com\/fr\/wp-json\/wp\/v2\/types\/post"}],"author":[{"embeddable":true,"href":"https:\/\/www.europesays.com\/fr\/wp-json\/wp\/v2\/users\/2"}],"replies":[{"embeddable":true,"href":"https:\/\/www.europesays.com\/fr\/wp-json\/wp\/v2\/comments?post=661327"}],"version-history":[{"count":0,"href":"https:\/\/www.europesays.com\/fr\/wp-json\/wp\/v2\/posts\/661327\/revisions"}],"wp:featuredmedia":[{"embeddable":true,"href":"https:\/\/www.europesays.com\/fr\/wp-json\/wp\/v2\/media\/661328"}],"wp:attachment":[{"href":"https:\/\/www.europesays.com\/fr\/wp-json\/wp\/v2\/media?parent=661327"}],"wp:term":[{"taxonomy":"category","embeddable":true,"href":"https:\/\/www.europesays.com\/fr\/wp-json\/wp\/v2\/categories?post=661327"},{"taxonomy":"post_tag","embeddable":true,"href":"https:\/\/www.europesays.com\/fr\/wp-json\/wp\/v2\/tags?post=661327"}],"curies":[{"name":"wp","href":"https:\/\/api.w.org\/{rel}","templated":true}]}}