{"id":66133,"date":"2025-05-01T05:16:10","date_gmt":"2025-05-01T05:16:10","guid":{"rendered":"https:\/\/www.europesays.com\/fr\/66133\/"},"modified":"2025-05-01T05:16:10","modified_gmt":"2025-05-01T05:16:10","slug":"traversee-de-lyon-2025-les-passionnes-nont-pas-freine-leur-enthousiasme","status":"publish","type":"post","link":"https:\/\/www.europesays.com\/fr\/66133\/","title":{"rendered":"Travers\u00e9e de Lyon 2025. Les passionn\u00e9s n&rsquo;ont pas frein\u00e9 leur enthousiasme"},"content":{"rendered":"<p>\t\t\t\t<img fetchpriority=\"high\" decoding=\"async\" width=\"900\" height=\"594\" src=\"https:\/\/www.europesays.com\/fr\/wp-content\/uploads\/2025\/05\/01-traversee-de-lyon-2025.jpg\" alt=\"\" title=\"01 travers\u00e9e de lyon 2025\"   class=\"wp-image-158896\"\/><\/p>\n<p style=\"font-weight: 400;\"><strong>Texte\u00a0: Morgan Couturier \u2013<\/strong> En d\u00e9pit des restrictions de circulation impos\u00e9es par la mairie \u00e9cologiste et une m\u00e9t\u00e9o longtemps incertaine, la Travers\u00e9e de Lyon a pu accomplir sa 19e exp\u00e9dition. Les moteurs \u00e0 peine \u00e9teints, les organisateurs l\u2019ont d\u00e9j\u00e0 garanti, la 20e \u00e9dition sera bien meilleure.<\/p>\n<p style=\"font-weight: 400;\">Les participants devront s\u00fbrement s\u2019y faire, la Travers\u00e9e de Lyon risque de devenir de plus en plus complexe, malgr\u00e9 la majest\u00e9 des carrosses composant ce cort\u00e8ge. Alors en attendant de savoir si ses traditionnelles sorties auront toujours le droit de sillonner la place Bellecour, <strong>Jean-Pierre Benozillo<\/strong> a d\u00e9j\u00e0 revu la copie de son \u00e9v\u00e9nement.<\/p>\n<p style=\"font-weight: 400;\"><a href=\"https:\/\/www.lyonpeople.com\/?attachment_id=158891\" rel=\"attachment wp-att-158891 noopener\" target=\"_blank\"><img loading=\"lazy\" decoding=\"async\" class=\"lazy lazy-hidden alignnone size-full wp-image-158891\" data-lazy-type=\"image\" src=\"https:\/\/www.europesays.com\/fr\/wp-content\/uploads\/2025\/05\/03-traversee-de-lyon.jpeg\" alt=\"\" width=\"900\" height=\"499\"  \/><\/a><\/p>\n<p style=\"font-weight: 400;\">Avec plus de routes de campagne au programme, mais tout autant de plaisir, alors que les quelque 300 participants \u00e9taient invit\u00e9s \u00e0 s\u2019envoler de la Tour de Salvagny pour gagner les Monts d\u2019Or, Caluire ou Collonges-au-Mont-d\u2019Or avant de filer jusqu\u2019\u00e0 la place Bellecour. 58 kilom\u00e8tres de balade, avec pour bonheur supr\u00eame, la m\u00e9lodie collector de ces moteurs anciens.<\/p>\n<p><a href=\"https:\/\/www.lyonpeople.com\/?attachment_id=158893\" rel=\"attachment wp-att-158893 noopener\" target=\"_blank\"><img loading=\"lazy\" decoding=\"async\" class=\"lazy lazy-hidden  wp-image-158893 alignleft\" data-lazy-type=\"image\" src=\"https:\/\/www.europesays.com\/fr\/wp-content\/uploads\/2025\/05\/04-Rolls-Royce.jpg\" alt=\"\" width=\"114\" height=\"203\"\/><\/a><\/p>\n<p style=\"font-weight: 400;\">Parmi les mod\u00e8les les plus applaudis, \u00ab\u00a0une sublime Rolls Royce Phantom de 1961 ou une superbe Peugeot 402\u00a0\u00bb, dixit l\u2019organisateur. \u00c9lue reine de beaut\u00e9 pour cette \u00e9dition 2025, celle-ci pourrait donner envie \u00e0 ses cons\u0153urs cabriolets de retrouver le chemin de la Travers\u00e9e de Lyon. Une 20e \u00e9dition ne peut se louper\u00a0surtout en cas d\u2019alternance r\u00e9ussie !<\/p>\n<p><strong>Le podium du concours de beaut\u00e9\u00a0: <\/strong><\/p>\n<p style=\"font-weight: 400;\"><strong> <a href=\"https:\/\/www.lyonpeople.com\/?attachment_id=158892\" rel=\"attachment wp-att-158892 noopener\" target=\"_blank\"><img loading=\"lazy\" decoding=\"async\" class=\"lazy lazy-hidden alignnone size-full wp-image-158892\" data-lazy-type=\"image\" src=\"https:\/\/www.europesays.com\/fr\/wp-content\/uploads\/2025\/05\/05-Le-podium-du-concours-de-beaute.jpg\" alt=\"\" width=\"900\" height=\"600\"  \/><\/a><\/strong><\/p>\n<p style=\"font-weight: 400;\">1er\u00a0: \u00a0\u00a0Peugeot 402<\/p>\n<p style=\"font-weight: 400;\">2\u00e8me\u00a0: Fr\u00e9gate<\/p>\n<p style=\"font-weight: 400;\">3\u00e8me\u00a0: Porsche 356<\/p>\n<p style=\"text-align: center;\"><strong>Travers\u00e9e de Lyon 2025<\/strong><\/p>\n","protected":false},"excerpt":{"rendered":"Texte\u00a0: Morgan Couturier \u2013 En d\u00e9pit des restrictions de circulation impos\u00e9es par la mairie \u00e9cologiste et une m\u00e9t\u00e9o&hellip;\n","protected":false},"author":2,"featured_media":66134,"comment_status":"","ping_status":"","sticky":false,"template":"","format":"standard","meta":{"footnotes":""},"categories":[1889],"tags":[4257,1111,47,11,2430,1777,674,1011,27,2428,12,25,16656],"class_list":{"0":"post-66133","1":"post","2":"type-post","3":"status-publish","4":"format-standard","5":"has-post-thumbnail","7":"category-lyon","8":"tag-0top","9":"tag-actu","10":"tag-actualite","11":"tag-actualites","12":"tag-auvergne-rhone-alpes","13":"tag-eu","14":"tag-europe","15":"tag-fr","16":"tag-france","17":"tag-lyon","18":"tag-news","19":"tag-republique-francaise","20":"tag-traversee-de-lyon"},"share_on_mastodon":{"url":"https:\/\/pubeurope.com\/@fr\/114430881564564053","error":""},"_links":{"self":[{"href":"https:\/\/www.europesays.com\/fr\/wp-json\/wp\/v2\/posts\/66133","targetHints":{"allow":["GET"]}}],"collection":[{"href":"https:\/\/www.europesays.com\/fr\/wp-json\/wp\/v2\/posts"}],"about":[{"href":"https:\/\/www.europesays.com\/fr\/wp-json\/wp\/v2\/types\/post"}],"author":[{"embeddable":true,"href":"https:\/\/www.europesays.com\/fr\/wp-json\/wp\/v2\/users\/2"}],"replies":[{"embeddable":true,"href":"https:\/\/www.europesays.com\/fr\/wp-json\/wp\/v2\/comments?post=66133"}],"version-history":[{"count":0,"href":"https:\/\/www.europesays.com\/fr\/wp-json\/wp\/v2\/posts\/66133\/revisions"}],"wp:featuredmedia":[{"embeddable":true,"href":"https:\/\/www.europesays.com\/fr\/wp-json\/wp\/v2\/media\/66134"}],"wp:attachment":[{"href":"https:\/\/www.europesays.com\/fr\/wp-json\/wp\/v2\/media?parent=66133"}],"wp:term":[{"taxonomy":"category","embeddable":true,"href":"https:\/\/www.europesays.com\/fr\/wp-json\/wp\/v2\/categories?post=66133"},{"taxonomy":"post_tag","embeddable":true,"href":"https:\/\/www.europesays.com\/fr\/wp-json\/wp\/v2\/tags?post=66133"}],"curies":[{"name":"wp","href":"https:\/\/api.w.org\/{rel}","templated":true}]}}