{"id":661330,"date":"2026-01-13T20:02:10","date_gmt":"2026-01-13T20:02:10","guid":{"rendered":"https:\/\/www.europesays.com\/fr\/661330\/"},"modified":"2026-01-13T20:02:10","modified_gmt":"2026-01-13T20:02:10","slug":"jetais-triste-pour-mes-parents-la-championne-du-tour-de-france-pauline-ferrand-prevot-tres-marquee-par-les-critiques-sur-son-poids","status":"publish","type":"post","link":"https:\/\/www.europesays.com\/fr\/661330\/","title":{"rendered":"\u00ab\u00a0J\u2019\u00e9tais triste pour mes parents\u2026\u00a0\u00bb La championne du Tour de France Pauline Ferrand-Pr\u00e9vot tr\u00e8s marqu\u00e9e par les critiques sur son poids"},"content":{"rendered":"<p>\n                                                                    l&rsquo;essentiel<br \/>\n                                                                La cycliste star de l\u2019\u00e9quipe Visma Lease a Bike s\u2019est confess\u00e9 ce mardi 13\u00a0janvier sur le douloureux \u00e9pisode travers\u00e9 en ao\u00fbt\u00a02025, \u00e0 l\u2019issue de son succ\u00e8s historique sur la Grande Boucle. Pour 2026, la pol\u00e9mique loin derri\u00e8re elle, elle s\u2019est fix\u00e9e de nouveaux objectifs.\n                            <\/p>\n<p>La cicatrice est encore vive, m\u00eame si le temps fait peu \u00e0 peu son effet. Ce mardi 13\u00a0janvier, alors que la saison 2026 du cyclisme mondial est proche de se lancer (samedi\u00a017, lors du Tour Down Under en Australie), la Fran\u00e7aise star Pauline Ferrand-Pr\u00e9vot s\u2019est exprim\u00e9e sur un \u00e9pisode qui a durement marqu\u00e9 l\u2019ann\u00e9e 2025, lors de laquelle elle est devenue la premi\u00e8re Fran\u00e7aise \u00e0 remporter le Tour de France femmes, depuis le retour au premier plan de l\u2019\u00e9preuve en 2021.<\/p>\n<p>Lors de sa victoire, la R\u00e9moise de 33 ans avait essuy\u00e9 de larges critiques, en raison d\u2019un amaigrissement jug\u00e9 extr\u00eame par certains observateurs et concurrentes. Certains l\u2019avaient notamment accus\u00e9e d\u2019envoyer un mauvais message aux jeunes filles, en favorisant un amaigrissement exag\u00e9r\u00e9. Pauline Ferrand-Pr\u00e9vot avait oppos\u00e9 un argument\u00a0: si elle avait maigri, c\u2019\u00e9tait pour \u00eatre plus l\u00e9g\u00e8re et donc, plus performante sur le v\u00e9lo notamment en montagne.<\/p>\n<p class=\"std-elt__inline\">\n        <strong>\u00c0 lire aussi :<\/strong><br \/>\n        <a href=\"https:\/\/www.ladepeche.fr\/2025\/11\/15\/cyclisme-100-poids-max-pauline-ferrand-prevot-lance-sa-saison-2026-et-envoie-une-pique-a-ses-detracteurs-13053959.php\" target=\"_blank\" rel=\"noopener\">Cyclisme\u00a0: \u00ab\u00a0100\u00a0% poids max\u00a0!\u00a0\u00bb Pauline Ferrand Pr\u00e9vot lance sa saison 2026 (et envoie une pique \u00e0 ses d\u00e9tracteurs)<\/a>\n    <\/p>\n<p>Ce mardi, la championne olympique des JO de Paris 2024 (en cross-country) a livr\u00e9 son sentiment sur l\u2019\u00e9preuve qu\u2019a constitu\u00e9e cette vague de critiques\u00a0: \u00ab\u00a0Sur le moment, je n\u2019ai pas r\u00e9alis\u00e9\u00a0\u00bb a-t-elle confi\u00e9 \u00e0 plusieurs m\u00e9dias et notamment l\u2019Agence France-Presse. Avant de confier que la pol\u00e9mique avait atteint ses proches\u00a0: \u00ab\u00a0Apr\u00e8s, j\u2019\u00e9tais surtout triste pour mes parents que \u00e7a a beaucoup touch\u00e9s. Moi, j\u2019ai juste fait comme d\u2019habitude, \u00e7a fait dix ans que je le fais pour atteindre mes objectifs. Pour grimper le col de la Madeleine, il fallait \u00eatre l\u00e9g\u00e8re. C\u2019\u00e9tait dommage qu\u2019on ne retienne que \u00e7a et qu\u2019on explique ma victoire par mon poids, sans parler de toute la pr\u00e9paration autour.\u00a0\u00bb<\/p>\n<p>Depuis plusieurs semaines, la Fran\u00e7aise est \u00e0 l\u2019arr\u00eat. Elle a pass\u00e9 l\u2019hiver \u00e0 soigner une blessure \u00e0 une cheville, avec une forte volont\u00e9 de d\u00e9connexion. Elle a m\u00eame chang\u00e9 de num\u00e9ro de t\u00e9l\u00e9phone portable. \u00ab\u00a0\u00c7a m\u2019a permis de bien r\u00e9cup\u00e9rer physiquement et mentalement, faire autre chose, voir ma famille, lire des livres et d\u00e9connecter un peu de toute cette ferveur publique. L\u00e0 je me sens pr\u00eate pour repartir de plus belle et d\u2019essayer d\u2019aller gagner une seconde fois le Tour de France.\u00a0\u00bb<\/p>\n<p class=\"std-elt__inline\">\n        <strong>\u00c0 lire aussi :<\/strong><br \/>\n        <a href=\"https:\/\/www.ladepeche.fr\/2025\/10\/18\/pauline-ferrand-prevot-chez-les-hommes-ca-pose-moins-de-problemes-un-raccourci-ridicule-la-championne-reagit-aux-polemiques-sur-son-poids-13000589.php\" target=\"_blank\" rel=\"noopener\">Pauline Ferrand Pr\u00e9vot\u00a0: \u00ab\u00a0Chez les hommes \u00e7a pose moins de probl\u00e8mes\u00a0\u00bb, \u00ab\u00a0un raccourci ridicule\u00a0\u00bb\u2026 La championne r\u00e9agit aux pol\u00e9miques sur son poids<\/a>\n    <\/p>\n<p>Pour l\u2019ann\u00e9e 2026, Pauline Ferrand-Pr\u00e9vot, membre de la prestigieuse \u00e9quipe n\u00e9erlandaise Visma Lease a Bike, a annonc\u00e9 ses objectifs\u00a0: quelques grandes classiques comme Li\u00e8ge-Bastogne-Li\u00e8ge, mais pas Paris-Roubaix. Avec l\u2019ambition de triompher partout o\u00f9 elle s\u2019aligne.<\/p>\n","protected":false},"excerpt":{"rendered":"l&rsquo;essentiel La cycliste star de l\u2019\u00e9quipe Visma Lease a Bike s\u2019est confess\u00e9 ce mardi 13\u00a0janvier sur le douloureux&hellip;\n","protected":false},"author":2,"featured_media":661331,"comment_status":"","ping_status":"","sticky":false,"template":"","format":"standard","meta":{"footnotes":""},"categories":[1411],"tags":[1154,207,1011,27,517,60,61159],"class_list":{"0":"post-661330","1":"post","2":"type-post","3":"status-publish","4":"format-standard","5":"has-post-thumbnail","7":"category-cyclisme","8":"tag-cycling","9":"tag-cyclisme","10":"tag-fr","11":"tag-france","12":"tag-sport","13":"tag-sports","14":"tag-tour-de-france-2026"},"share_on_mastodon":{"url":"https:\/\/pubeurope.com\/@fr\/115889579196704282","error":""},"_links":{"self":[{"href":"https:\/\/www.europesays.com\/fr\/wp-json\/wp\/v2\/posts\/661330","targetHints":{"allow":["GET"]}}],"collection":[{"href":"https:\/\/www.europesays.com\/fr\/wp-json\/wp\/v2\/posts"}],"about":[{"href":"https:\/\/www.europesays.com\/fr\/wp-json\/wp\/v2\/types\/post"}],"author":[{"embeddable":true,"href":"https:\/\/www.europesays.com\/fr\/wp-json\/wp\/v2\/users\/2"}],"replies":[{"embeddable":true,"href":"https:\/\/www.europesays.com\/fr\/wp-json\/wp\/v2\/comments?post=661330"}],"version-history":[{"count":0,"href":"https:\/\/www.europesays.com\/fr\/wp-json\/wp\/v2\/posts\/661330\/revisions"}],"wp:featuredmedia":[{"embeddable":true,"href":"https:\/\/www.europesays.com\/fr\/wp-json\/wp\/v2\/media\/661331"}],"wp:attachment":[{"href":"https:\/\/www.europesays.com\/fr\/wp-json\/wp\/v2\/media?parent=661330"}],"wp:term":[{"taxonomy":"category","embeddable":true,"href":"https:\/\/www.europesays.com\/fr\/wp-json\/wp\/v2\/categories?post=661330"},{"taxonomy":"post_tag","embeddable":true,"href":"https:\/\/www.europesays.com\/fr\/wp-json\/wp\/v2\/tags?post=661330"}],"curies":[{"name":"wp","href":"https:\/\/api.w.org\/{rel}","templated":true}]}}