{"id":661334,"date":"2026-01-13T20:04:09","date_gmt":"2026-01-13T20:04:09","guid":{"rendered":"https:\/\/www.europesays.com\/fr\/661334\/"},"modified":"2026-01-13T20:04:09","modified_gmt":"2026-01-13T20:04:09","slug":"audiences-radios-voici-comment-les-animateurs-stars-avancent-ou-reculent-sur-les-stations-generalistes-de-julien-courbet-a-christine-kelly-en-passant-par-laurent-ruquier-pascal-praud-marsch","status":"publish","type":"post","link":"https:\/\/www.europesays.com\/fr\/661334\/","title":{"rendered":"Audiences radios : Voici comment les animateurs stars avancent (&#8230;ou reculent) sur les stations g\u00e9n\u00e9ralistes, de Julien Courbet \u00e0 Christine Kelly, en passant par Laurent Ruquier, Pascal Praud, Marschall et Truchot ou Nagui &#8211; Vid\u00e9o"},"content":{"rendered":"<p>Voici comment les animateurs vedettes progressent sur les stations g\u00e9n\u00e9ralistes de Julien Courbet \u00e0 Christine Kelly, en passant par Laurent Ruquier, Pascal Praud ou Nagui&#8230; M\u00e9diam\u00e9trie a r\u00e9v\u00e9l\u00e9 les scores aujourd&rsquo;hui sur la p\u00e9riode novembre-d\u00e9cembre 2025, et voici les gagnants et les perdants, en comparaison, avec la m\u00eame p\u00e9riode, l&rsquo;ann\u00e9e derni\u00e8re.<\/p>\n<p>\u00a0<\/p>\n<p><strong>Ils reculent&#8230;<\/strong><\/p>\n<p><strong>&#8211; Julien Courbet<\/strong> avec \u00ab\u00a0\u00c7a peut vous arriver\u00a0\u00bb sur RTL de 10h \u00e0 midi ne parvient pas pour cette fois \u00e0 d\u00e9passer le million. Il accumule tout de m\u00eame le chiffre impressionnant de 964.000 auditeurs en chute de 110.000 auditeurs sur un an.<\/p>\n<p><strong>&#8211; Nagui et Le\u00efla Kaddour<\/strong> pour \u00ab\u00a0La bande originale\u00a0\u00bb sur France Inter de11h30 \u00e0 midi,\u00a0 ont chut\u00e9 lourdement cette saison avec\u00a0995.000\u00a0auditeurs soit une perte de 200.000 auditeurs sur un an<\/p>\n<p><strong>&#8211; Laurent Ruquier<\/strong> et \u00ab\u00a0Les grosses t\u00eates\u00a0\u00bb sur RTL de 15h30 \u00e0 18h : L&rsquo;\u00e9mission chute de 131.000 auditeurs sur un an et surtout est sous la barre symbolique du million, et m\u00eame \u00e0 moins de 900.000 auditeurs. Le comptage de M\u00e9diam\u00e9trie affiche 836.000 auditeurs.<\/p>\n<p><strong>&#8211; Christine Kelly\u00a0<\/strong> qui occupe du lundi au jeudi la tranche 11h\/13h sur Europe 1 attire 359.000 soit une baisse de 55.000 auditeurs pour cette tranche<\/p>\n<p><strong>&#8211; Vincent Moscato<\/strong> et le \u00ab\u00a0Super Moscato Show, sur RMC de 15h \u00e0 18h\u00a0 a attir\u00e9 342.000 auditeurs sur les mois de novembre et d\u00e9cembre, en chute de 39.000 personnes sur un an.<\/p>\n<p><strong>&#8211; Christine Kelly<\/strong> entre 11h et 13h sur Europe 1 a attir\u00e9 359.000 auditeurs jusqu&rsquo;\u00e0 13h, ce qui correspond \u00e0 une baisse de 55.000 auditeurs pour cette tranche.\u00a0<\/p>\n<p>.<\/p>\n<p><strong>Ils avancent&#8230;<\/strong><\/p>\n<p><strong>&#8211; Pascal Praud<\/strong> avec \u00ab\u00a0Pascal Praud et vous\u00a0\u00bb sur Europe 1 entre 16h et 18h est en grande forme avec une belle progression. Il a attir\u00e9 sur les 2 mois du sondage 327.000 auditeurs, soit 57.000 de plus qu&rsquo;il y a un an pendant la p\u00e9riode Cyril Hanouna. A noter que la retransmission en direct de CNews entre 9h et 10h est \u00e9cout\u00e9e par 556.000 personnes, l\u00e0 aussi en a=hausse de\u00a099.000 auditeurs.<\/p>\n<p><strong>&#8211; Alain Marschall et Olivier Truchot\u00a0<\/strong> avec \u00ab\u00a0les grandes gueules\u00a0\u00bb sur RMC sont d\u00e9sormais \u00e0\u00a0\u00a0623.000\u00a0auditeurs,soit 53.000 auditeurs de plus que la m\u00eame p\u00e9riode, il y a un an.<\/p>\n","protected":false},"excerpt":{"rendered":"Voici comment les animateurs vedettes progressent sur les stations g\u00e9n\u00e9ralistes de Julien Courbet \u00e0 Christine Kelly, en passant&hellip;\n","protected":false},"author":2,"featured_media":661335,"comment_status":"","ping_status":"","sticky":false,"template":"","format":"standard","meta":{"footnotes":""},"categories":[1359],"tags":[2367,58,59,1011,27,973,1825],"class_list":{"0":"post-661334","1":"post","2":"type-post","3":"status-publish","4":"format-standard","5":"has-post-thumbnail","7":"category-people","8":"tag-audiences","9":"tag-divertissement","10":"tag-entertainment","11":"tag-fr","12":"tag-france","13":"tag-people","14":"tag-radio"},"share_on_mastodon":{"url":"https:\/\/pubeurope.com\/@fr\/115889587092699152","error":""},"_links":{"self":[{"href":"https:\/\/www.europesays.com\/fr\/wp-json\/wp\/v2\/posts\/661334","targetHints":{"allow":["GET"]}}],"collection":[{"href":"https:\/\/www.europesays.com\/fr\/wp-json\/wp\/v2\/posts"}],"about":[{"href":"https:\/\/www.europesays.com\/fr\/wp-json\/wp\/v2\/types\/post"}],"author":[{"embeddable":true,"href":"https:\/\/www.europesays.com\/fr\/wp-json\/wp\/v2\/users\/2"}],"replies":[{"embeddable":true,"href":"https:\/\/www.europesays.com\/fr\/wp-json\/wp\/v2\/comments?post=661334"}],"version-history":[{"count":0,"href":"https:\/\/www.europesays.com\/fr\/wp-json\/wp\/v2\/posts\/661334\/revisions"}],"wp:featuredmedia":[{"embeddable":true,"href":"https:\/\/www.europesays.com\/fr\/wp-json\/wp\/v2\/media\/661335"}],"wp:attachment":[{"href":"https:\/\/www.europesays.com\/fr\/wp-json\/wp\/v2\/media?parent=661334"}],"wp:term":[{"taxonomy":"category","embeddable":true,"href":"https:\/\/www.europesays.com\/fr\/wp-json\/wp\/v2\/categories?post=661334"},{"taxonomy":"post_tag","embeddable":true,"href":"https:\/\/www.europesays.com\/fr\/wp-json\/wp\/v2\/tags?post=661334"}],"curies":[{"name":"wp","href":"https:\/\/api.w.org\/{rel}","templated":true}]}}