{"id":661336,"date":"2026-01-13T20:05:09","date_gmt":"2026-01-13T20:05:09","guid":{"rendered":"https:\/\/www.europesays.com\/fr\/661336\/"},"modified":"2026-01-13T20:05:09","modified_gmt":"2026-01-13T20:05:09","slug":"une-exposition-a-paris-retrace-les-liens-entre-loeuvre-du-peintre-kandinsky-et-la-musique","status":"publish","type":"post","link":"https:\/\/www.europesays.com\/fr\/661336\/","title":{"rendered":"Une exposition \u00e0 Paris retrace les liens entre l&rsquo;oeuvre du peintre Kandinsky et la musique"},"content":{"rendered":"<p>Les liens fascinants entre l&rsquo;oeuvre du peintre russe et la musique sont au coeur de \u00ab\u00a0Kandinsky, la musique des couleurs\u00a0\u00bb. Une exposition immersive \u00e0 d\u00e9couvrir jusqu&rsquo;au 1er f\u00e9vrier \u00e0 la Philharmonie de Paris.<\/p>\n<p>Et si vous pouviez voir la musique? C&rsquo;est l&rsquo;exp\u00e9rience troublante que propose l&rsquo;exposition \u00ab\u00a0Kandinsky, la musique des couleurs\u00a0\u00bb \u00e0 la Philharmonie de Paris. Fruit d&rsquo;une collaboration entre le Mus\u00e9e de la musique et le Centre Pompidou, cette r\u00e9trospective de pr\u00e8s de 200 \u0153uvres plonge le public dans l&rsquo;univers synesth\u00e9sique du peintre russe, pour qui les sons et les couleurs \u00e9taient fortement li\u00e9s.<\/p>\n<p>D\u00e8s l&rsquo;entr\u00e9e, les visiteuses et visiteurs re\u00e7oivent un casque audio qui diffuse une bande-son adapt\u00e9e \u00e0 chaque section de l&rsquo;exposition. Une mani\u00e8re ing\u00e9nieuse de recr\u00e9er l&rsquo;exp\u00e9rience sensorielle qui a boulevers\u00e9 la vie de Vassily Kandinsky (1866-1944) et de replacer son \u0153uvre dans l&rsquo;effervescence musicale de son \u00e9poque.<\/p>\n<p>Tout a commenc\u00e9 avec Wagner<\/p>\n<p>L&rsquo;histoire d\u00e9bute en 1896, lorsque Kandinsky, alors promis \u00e0 une carri\u00e8re de juriste, assiste \u00e0 une repr\u00e9sentation de l&rsquo;op\u00e9ra \u00ab\u00a0Lohengrin\u00a0\u00bb de Wagner au Bolcho\u00ef. Ce soir-l\u00e0, quelque chose bascule: en \u00e9coutant les violons et les basses profondes de l&rsquo;orchestre, il voit des couleurs. Cette r\u00e9v\u00e9lation va changer le cours de sa vie et de l&rsquo;histoire de l&rsquo;art.<\/p>\n<p>Issu d&rsquo;une famille cultiv\u00e9e de Moscou et Odessa, le jeune Kandinsky pratiquait d\u00e9j\u00e0 le violoncelle et l&rsquo;harmonium en amateur. Mais ce \u00ab\u00a0choc Wagner\u00a0\u00bb, comme il le nommera lui-m\u00eame, agit comme un r\u00e9v\u00e9lateur de sa vocation artistique. Il va d\u00e9velopper une v\u00e9ritable th\u00e9orie des correspondances entre couleurs et instruments. Ainsi, le bleu clair \u00e9voque la fl\u00fbte, le jaune la trompette et le vert le violon.<\/p>\n<p>Mais au-del\u00e0 de ces correspondances, c&rsquo;est aussi tout un vocabulaire musical qu&rsquo;il va transposer dans sa peinture. Le mot \u00ab\u00a0composition\u00a0\u00bb lui-m\u00eame, qu&rsquo;il utilisera pour titrer ses \u0153uvres majeures, agissait sur lui, selon ses propos, \u00ab\u00a0comme une pri\u00e8re\u00a0\u00bb.<\/p>\n<p>Un parcours \u00e0 travers son \u00e9volution artistique<\/p>\n<p>L&rsquo;exposition ne se contente pas d&rsquo;illustrer la synesth\u00e9sie de Kandinsky. Elle retrace plusieurs d\u00e9cennies de son \u00e9volution artistique, des paysages russes aux derni\u00e8res \u00ab\u00a0Compositions\u00a0\u00bb, en montrant comment sa r\u00e9flexion s&rsquo;est affin\u00e9e au contact de musiciens d&rsquo;avant-garde: Scriabine, Sch\u00f6nberg, Stravinsky ou encore ses proches collaborateurs comme Thomas von Hartmann et Sergue\u00ef Tane\u00efev.<\/p>\n<p>Ces \u00e9changes ont nourri sa c\u00e9l\u00e8bre s\u00e9rie d'\u00a0\u00bbImprovisations\u00a0\u00bb et de \u00ab\u00a0Compositions\u00a0\u00bb, o\u00f9 le peintre r\u00e9invente le langage pictural en suivant le mod\u00e8le abstrait de la musique. Contemporain de Moussorgski et des nouvelles \u00e9coles musicales russes, Kandinsky puise aussi dans le folklore de son pays natal pour enrichir sa palette.<\/p>\n<p>Une salle baptis\u00e9e \u00ab\u00a0L&rsquo;\u0153il \u00e9coute\u00a0\u00bb d\u00e9voile la discoth\u00e8que du peintre: des chants de synagogue aux valses de Strauss, en passant par Bach. Kandinsky vivait litt\u00e9ralement dans un monde o\u00f9 musique et couleurs dialoguaient en permanence. Il allait m\u00eame jusqu&rsquo;\u00e0 demander \u00e0 ses proches de parler de musique en termes de couleurs!<\/p>\n<p>Rendre accessible un artiste r\u00e9put\u00e9 difficile<\/p>\n<p>L&rsquo;exposition pr\u00e9sente aussi les projets les plus ambitieux de Kandinsky. On y d\u00e9couvre notamment un piano optophonique qui projette des formes color\u00e9es, ses dessins pour un spectacle visuel sur les \u00ab\u00a0Tableaux d&rsquo;une exposition\u00a0\u00bb de Moussorgski, reconstitu\u00e9 en vid\u00e9o, ou encore le Salon de musique qu&rsquo;il a con\u00e7u pour l&rsquo;exposition d&rsquo;architecture de Berlin en 1931.<\/p>\n<p>Une plong\u00e9e dans l&rsquo;univers de Kandinsky qui r\u00e9ussit le pari de rendre accessible, que l&rsquo;on soit amateur d&rsquo;art moderne, m\u00e9lomane ou simple curieux, un artiste r\u00e9put\u00e9 difficile, en montrant comment sa qu\u00eate d&rsquo;absolu artistique s&rsquo;enracinait dans une exp\u00e9rience sensorielle concr\u00e8te.<\/p>\n<p class=\"sources\">Sujet radio: David Christoffel<\/p>\n<p class=\"credit\">Adaptation web: Andr\u00e9anne Quartier-la-Tente<\/p>\n<p class=\"article-footnote\">\u00ab\u00a0Kandinsky, la musique des couleurs\u00a0\u00bb, Philharmonie de Paris, jusqu&rsquo;au 1er f\u00e9vrier 2026.<\/p>\n","protected":false},"excerpt":{"rendered":"Les liens fascinants entre l&rsquo;oeuvre du peintre russe et la musique sont au coeur de \u00ab\u00a0Kandinsky, la musique&hellip;\n","protected":false},"author":2,"featured_media":661337,"comment_status":"","ping_status":"","sticky":false,"template":"","format":"standard","meta":{"footnotes":""},"categories":[1358],"tags":[1348,1384,1385,1693,2502,27576,251,1386,58,59,3293,1011,27,873,1698,626,17258,76271],"class_list":{"0":"post-661336","1":"post","2":"type-post","3":"status-publish","4":"format-standard","5":"has-post-thumbnail","7":"category-arts-et-design","8":"tag-arts","9":"tag-arts-and-design","10":"tag-arts-et-design","11":"tag-arts-et-divertissement","12":"tag-arts-visuels","13":"tag-couleur","14":"tag-culture","15":"tag-design","16":"tag-divertissement","17":"tag-entertainment","18":"tag-exposition","19":"tag-fr","20":"tag-france","21":"tag-musique","22":"tag-musiques","23":"tag-paris","24":"tag-peintre","25":"tag-vassily-kandinsky"},"share_on_mastodon":{"url":"https:\/\/pubeurope.com\/@fr\/115889590936340999","error":""},"_links":{"self":[{"href":"https:\/\/www.europesays.com\/fr\/wp-json\/wp\/v2\/posts\/661336","targetHints":{"allow":["GET"]}}],"collection":[{"href":"https:\/\/www.europesays.com\/fr\/wp-json\/wp\/v2\/posts"}],"about":[{"href":"https:\/\/www.europesays.com\/fr\/wp-json\/wp\/v2\/types\/post"}],"author":[{"embeddable":true,"href":"https:\/\/www.europesays.com\/fr\/wp-json\/wp\/v2\/users\/2"}],"replies":[{"embeddable":true,"href":"https:\/\/www.europesays.com\/fr\/wp-json\/wp\/v2\/comments?post=661336"}],"version-history":[{"count":0,"href":"https:\/\/www.europesays.com\/fr\/wp-json\/wp\/v2\/posts\/661336\/revisions"}],"wp:featuredmedia":[{"embeddable":true,"href":"https:\/\/www.europesays.com\/fr\/wp-json\/wp\/v2\/media\/661337"}],"wp:attachment":[{"href":"https:\/\/www.europesays.com\/fr\/wp-json\/wp\/v2\/media?parent=661336"}],"wp:term":[{"taxonomy":"category","embeddable":true,"href":"https:\/\/www.europesays.com\/fr\/wp-json\/wp\/v2\/categories?post=661336"},{"taxonomy":"post_tag","embeddable":true,"href":"https:\/\/www.europesays.com\/fr\/wp-json\/wp\/v2\/tags?post=661336"}],"curies":[{"name":"wp","href":"https:\/\/api.w.org\/{rel}","templated":true}]}}