{"id":661343,"date":"2026-01-13T20:10:13","date_gmt":"2026-01-13T20:10:13","guid":{"rendered":"https:\/\/www.europesays.com\/fr\/661343\/"},"modified":"2026-01-13T20:10:13","modified_gmt":"2026-01-13T20:10:13","slug":"je-lai-appris-a-60-ans-peu-de-gens-le-savent-voici-ce-qui-distingue-reellement-les-oeufs-blancs-des-oeufs-bruns","status":"publish","type":"post","link":"https:\/\/www.europesays.com\/fr\/661343\/","title":{"rendered":"\u00ab\u00a0Je l&rsquo;ai appris \u00e0 60 ans\u00a0\u00bb : peu de gens le savent, voici ce qui distingue r\u00e9ellement les \u0153ufs blancs des \u0153ufs bruns"},"content":{"rendered":"<p>Dans les rayons, la question revient sans cesse : faut-il<br \/>\nchoisir des <strong>\u0153ufs blancs<\/strong> ou des <strong>\u0153ufs<br \/>\nbruns<\/strong> pour mieux manger, mieux cuisiner, ou mieux acheter<br \/>\nau bon <strong>prix<\/strong> ? Derri\u00e8re les habitudes et les<br \/>\ncroyances, chacun y va de sa th\u00e9orie, entre saveur plus \u201cfermi\u00e8re\u201d<br \/>\net qualit\u00e9 suppos\u00e9e.<\/p>\n<p>La science, elle, r\u00e9pond avec des donn\u00e9es simples et<br \/>\nv\u00e9rifiables. Couleur, nutrition, go\u00fbt, budget et m\u00eame<br \/>\n<strong>empreinte climatique<\/strong>\u2026 tout ne se joue pas dans la<br \/>\ncoquille. La cl\u00e9 se cache dans la poule.<\/p>\n<p>Couleur des \u0153ufs blancs et bruns, une affaire de g\u00e9n\u00e9tique<\/p>\n<p>La teinte de la coquille d\u00e9pend d\u2019abord de la<br \/>\n<strong>g\u00e9n\u00e9tique<\/strong> de la poule. Les volailles au plumage<br \/>\nblanc et aux lobes auriculaires clairs pondent des \u0153ufs blancs,<br \/>\nquand les poules rousses \u00e0 lobes rouges donnent des \u0153ufs bruns. Ce<br \/>\nmarqueur visuel ne dit rien sur la fra\u00eecheur, la qualit\u00e9 ou la<br \/>\ns\u00e9curit\u00e9 alimentaire. C\u2019est un trait h\u00e9r\u00e9ditaire, point.<\/p>\n<p>Sur le plan de la sant\u00e9, le message est clair. \u00ab\u00a0Un \u0153uf blanc<br \/>\nn\u2019est pas plus sain ou moins sain qu\u2019un \u0153uf brun. Ils sont<br \/>\nexactement les m\u00eames \u00e0 l\u2019int\u00e9rieur\u00a0\u00bb, a d\u00e9clar\u00e9 une chercheuse de<br \/>\nl\u2019Universit\u00e9 de Wageningen, cit\u00e9e par Actalia. Quant \u00e0 l\u2019origine de<br \/>\nla couleur, c\u2019est \u00ab\u00a0aussi simple que cela\u00a0\u00bb, a r\u00e9sum\u00e9 Vicki<br \/>\nKoenig.<\/p>\n<p>\u0152uf blanc ou brun, nutrition et go\u00fbt au quotidien<\/p>\n<p>Valeur nutritionnelle, match nul. Un \u0153uf apporte environ six<br \/>\ngrammes de prot\u00e9ines compl\u00e8tes, des vitamines A, D, E et B12, des<br \/>\nacides gras insatur\u00e9s et de la <strong>choline<\/strong>. Cette<br \/>\nderni\u00e8re soutient la m\u00e9moire, l\u2019humeur et le m\u00e9tabolisme des<br \/>\nlipides, comme le rappelle une fiche du National Institutes of<br \/>\nHealth. Pour le go\u00fbt, m\u00eame constat : pas de diff\u00e9rence syst\u00e9matique<br \/>\nentre blanc et brun, le ressenti d\u00e9pend surtout de la<br \/>\n<strong>fra\u00eecheur<\/strong> et de la cuisson.<\/p>\n<p>Le mode d\u2019\u00e9levage (plein air, bio, en cage) ne bouleverse pas la<br \/>\ncomposition de base. Ce qui peut la modifier, c\u2019est l\u2019alimentation<br \/>\ndes poules lorsqu\u2019elle est enrichie, par exemple en <strong>om\u00e9ga<br \/>\n3<\/strong> ou en vitamine D. Une \u00e9tude publi\u00e9e dans la revue<br \/>\nMolecules a compar\u00e9 bio et conventionnel : l\u00e9ger avantage en<br \/>\nmicronutriments li\u00e9s au d\u00e9veloppement infantile pour les \u0153ufs bio,<br \/>\nquand les \u0153ufs classiques contiennent davantage de compos\u00e9s utiles<br \/>\n\u00e0 la r\u00e9gulation du cholest\u00e9rol. Dans les deux cas, la densit\u00e9<br \/>\nnutritionnelle reste \u00e9lev\u00e9e. Et, c\u00f4t\u00e9 lipides, remplacer des<br \/>\ngraisses satur\u00e9es par des insatur\u00e9es s\u2019inscrit dans les<br \/>\nrecommandations de l\u2019American Heart Association.<\/p>\n<p>Prix, climat et comment bien choisir<br \/>\nses \u0153ufs<\/p>\n<p>Pourquoi les \u0153ufs bruns sont-ils souvent plus chers ? Parce<br \/>\nqu\u2019ils proviennent de poules g\u00e9n\u00e9ralement plus grosses, qui mangent<br \/>\ndavantage et requi\u00e8rent plus d\u2019espace. Ce surco\u00fbt de production se<br \/>\nr\u00e9percute \u00e0 l\u2019achat, comme l\u2019expliquent les nutritionnistes cit\u00e9s<br \/>\ndans les \u00e9tudes de r\u00e9f\u00e9rence. \u00c0 l\u2019\u00e9chelle d\u2019un \u00e9levage, les poules<br \/>\nblanches, un peu plus petites, consomment moins d\u2019aliments et<br \/>\ng\u00e9n\u00e8rent moins de fumier, d\u2019o\u00f9 un \u0153uf blanc l\u00e9g\u00e8rement plus<br \/>\nrespectueux du climat. \u00c0 grande \u00e9chelle, l\u2019\u00e9cart finit par<br \/>\ncompter.<\/p>\n<p>Pour acheter sans se tromper, regardez d\u2019abord ce qui compte<br \/>\nvraiment : le <strong>mode d\u2019\u00e9levage<\/strong> affich\u00e9, la<br \/>\n<strong>date de ponte<\/strong> et les <strong>labels<\/strong>. Si<br \/>\nvous visez des apports sp\u00e9cifiques, privil\u00e9giez des bo\u00eetes<br \/>\nmentionnant un enrichissement en nutriments pr\u00e9cis, comme les<br \/>\n<strong>om\u00e9ga 3<\/strong> ou la vitamine D. Le <strong>bien-\u00eatre<br \/>\nanimal<\/strong> peut aussi guider votre choix. Et en cuisine,<br \/>\nstockez au r\u00e9frig\u00e9rateur, adaptez la cuisson \u00e0 l\u2019usage, fiez-vous \u00e0<br \/>\nla fra\u00eecheur\u2026 bref, tout ce qui fait la diff\u00e9rence au quotidien,<br \/>\nplutot que la couleur de la coquille.<\/p>\n","protected":false},"excerpt":{"rendered":"Dans les rayons, la question revient sans cesse : faut-il choisir des \u0153ufs blancs ou des \u0153ufs bruns&hellip;\n","protected":false},"author":2,"featured_media":661344,"comment_status":"","ping_status":"","sticky":false,"template":"","format":"standard","meta":{"footnotes":""},"categories":[10],"tags":[10281,1011,27,72,71],"class_list":{"0":"post-661343","1":"post","2":"type-post","3":"status-publish","4":"format-standard","5":"has-post-thumbnail","7":"category-sante","8":"tag-buzz-nonli","9":"tag-fr","10":"tag-france","11":"tag-health","12":"tag-sante"},"share_on_mastodon":{"url":"https:\/\/pubeurope.com\/@fr\/115889610761049498","error":""},"_links":{"self":[{"href":"https:\/\/www.europesays.com\/fr\/wp-json\/wp\/v2\/posts\/661343","targetHints":{"allow":["GET"]}}],"collection":[{"href":"https:\/\/www.europesays.com\/fr\/wp-json\/wp\/v2\/posts"}],"about":[{"href":"https:\/\/www.europesays.com\/fr\/wp-json\/wp\/v2\/types\/post"}],"author":[{"embeddable":true,"href":"https:\/\/www.europesays.com\/fr\/wp-json\/wp\/v2\/users\/2"}],"replies":[{"embeddable":true,"href":"https:\/\/www.europesays.com\/fr\/wp-json\/wp\/v2\/comments?post=661343"}],"version-history":[{"count":0,"href":"https:\/\/www.europesays.com\/fr\/wp-json\/wp\/v2\/posts\/661343\/revisions"}],"wp:featuredmedia":[{"embeddable":true,"href":"https:\/\/www.europesays.com\/fr\/wp-json\/wp\/v2\/media\/661344"}],"wp:attachment":[{"href":"https:\/\/www.europesays.com\/fr\/wp-json\/wp\/v2\/media?parent=661343"}],"wp:term":[{"taxonomy":"category","embeddable":true,"href":"https:\/\/www.europesays.com\/fr\/wp-json\/wp\/v2\/categories?post=661343"},{"taxonomy":"post_tag","embeddable":true,"href":"https:\/\/www.europesays.com\/fr\/wp-json\/wp\/v2\/tags?post=661343"}],"curies":[{"name":"wp","href":"https:\/\/api.w.org\/{rel}","templated":true}]}}