{"id":661345,"date":"2026-01-13T20:11:15","date_gmt":"2026-01-13T20:11:15","guid":{"rendered":"https:\/\/www.europesays.com\/fr\/661345\/"},"modified":"2026-01-13T20:11:15","modified_gmt":"2026-01-13T20:11:15","slug":"en-direct-coupe-de-france-le-racing-club-de-strasbourg-herite-de-monaco-a-la-meinau-en-huitiemes-de-finale-revivez-le-tirage-au-sort","status":"publish","type":"post","link":"https:\/\/www.europesays.com\/fr\/661345\/","title":{"rendered":"En direct Coupe de France. Le Racing Club de Strasbourg h\u00e9rite de Monaco \u00e0 la Meinau en huiti\u00e8mes de finale\u00a0! Revivez le tirage au sort"},"content":{"rendered":"<p>La saison derni\u00e8re, les Strasbourgeois s&rsquo;\u00e9taient arr\u00eat\u00e9s en 8es de finale, <a href=\"https:\/\/www.dna.fr\/sport\/2025\/02\/05\/racing-angers-en-direct-(20h45)-les-bleus-au-quart-de-tour\" target=\"_blank\" rel=\"noopener\">battus \u00e0 la Meinau par Angers (1-3)<\/a>. Un mauvais souvenir.<\/p>\n<p>En 2023-2024, l&rsquo;aventure <a href=\"https:\/\/www.dna.fr\/sport\/2024\/02\/27\/coupe-de-france-(quart-de-finale)-lyon-racing-coup-d-envoi-a-20h45\" target=\"_blank\" rel=\"noopener\">s&rsquo;\u00e9tait finie en quarts, \u00e0 Lyon, aux tirs au but<\/a>.\u00a0<\/p>\n<p>En 2022-23, c&rsquo;\u00e9tait d\u00e8s les 32es de finale qu&rsquo;Angers \u00e9tait venu gagner, l\u00e0 encore aux tirs au but. Pire, les Angevins avaient ensuite \u00e9limin\u00e9 le FCOSK au tour suivant !<\/p>\n<p>\u00a0En 2021-2022, le Racing \u00e9tait tomb\u00e9 \u00e0 Montpellier en 16es de finale (1-0).<\/p>\n<p>Enfin, en 2020-2021, les m\u00eames H\u00e9raultais \u00e9taient venus gagner \u00e0 la Meinau (0-2)&#8230;<\/p>\n<p>Bref, pas vraiment une r\u00e9ussite cette Coupe de France pour le Racing qui, rappelons le, l&rsquo;a quand m\u00eame gagn\u00e9e en 1951, 1966 et 2001.<\/p>\n","protected":false},"excerpt":{"rendered":"La saison derni\u00e8re, les Strasbourgeois s&rsquo;\u00e9taient arr\u00eat\u00e9s en 8es de finale, battus \u00e0 la Meinau par Angers (1-3).&hellip;\n","protected":false},"author":2,"featured_media":661346,"comment_status":"","ping_status":"","sticky":false,"template":"","format":"standard","meta":{"footnotes":""},"categories":[9],"tags":[328,3545,2880,107,63,1011,27,329,41281,517,60],"class_list":{"0":"post-661345","1":"post","2":"type-post","3":"status-publish","4":"format-standard","5":"has-post-thumbnail","7":"category-sports","8":"tag-a-la-une","9":"tag-direct-sport","10":"tag-edition-strasbourg","11":"tag-fil-info","12":"tag-football","13":"tag-fr","14":"tag-france","15":"tag-france-monde","16":"tag-racing-club-strasbourg-masculin","17":"tag-sport","18":"tag-sports"},"share_on_mastodon":{"url":"https:\/\/pubeurope.com\/@fr\/115889614903118543","error":""},"_links":{"self":[{"href":"https:\/\/www.europesays.com\/fr\/wp-json\/wp\/v2\/posts\/661345","targetHints":{"allow":["GET"]}}],"collection":[{"href":"https:\/\/www.europesays.com\/fr\/wp-json\/wp\/v2\/posts"}],"about":[{"href":"https:\/\/www.europesays.com\/fr\/wp-json\/wp\/v2\/types\/post"}],"author":[{"embeddable":true,"href":"https:\/\/www.europesays.com\/fr\/wp-json\/wp\/v2\/users\/2"}],"replies":[{"embeddable":true,"href":"https:\/\/www.europesays.com\/fr\/wp-json\/wp\/v2\/comments?post=661345"}],"version-history":[{"count":0,"href":"https:\/\/www.europesays.com\/fr\/wp-json\/wp\/v2\/posts\/661345\/revisions"}],"wp:featuredmedia":[{"embeddable":true,"href":"https:\/\/www.europesays.com\/fr\/wp-json\/wp\/v2\/media\/661346"}],"wp:attachment":[{"href":"https:\/\/www.europesays.com\/fr\/wp-json\/wp\/v2\/media?parent=661345"}],"wp:term":[{"taxonomy":"category","embeddable":true,"href":"https:\/\/www.europesays.com\/fr\/wp-json\/wp\/v2\/categories?post=661345"},{"taxonomy":"post_tag","embeddable":true,"href":"https:\/\/www.europesays.com\/fr\/wp-json\/wp\/v2\/tags?post=661345"}],"curies":[{"name":"wp","href":"https:\/\/api.w.org\/{rel}","templated":true}]}}