{"id":661347,"date":"2026-01-13T20:12:12","date_gmt":"2026-01-13T20:12:12","guid":{"rendered":"https:\/\/www.europesays.com\/fr\/661347\/"},"modified":"2026-01-13T20:12:12","modified_gmt":"2026-01-13T20:12:12","slug":"une-chroniqueuse-absente-de-lantenne-pour-un-moment","status":"publish","type":"post","link":"https:\/\/www.europesays.com\/fr\/661347\/","title":{"rendered":"une chroniqueuse absente de l\u2019antenne pour un moment, &#8230;"},"content":{"rendered":"<p>EN BREF<\/p>\n<ul class=\"bloc_resume_post_list\">\n<li>Le 13 janvier 2026, Sophie Le Saint annonce sur Instagram<br \/>\nson absence de T\u00e9l\u00e9matin pour des raisons de sant\u00e9.<\/li>\n<li>Elle doit s\u00a0\u00bb\u00e9loigner des plateaux pour une op\u00e9ration<br \/>\nchirurgicale au pied, n\u00e9cessitant une pause loin de<br \/>\nl&rsquo;antenne.<\/li>\n<li>Son message rassurant et le soutien de ses coll\u00e8gues et<br \/>\nsa famille laissent entrevoir un retour d\u00e8s que<br \/>\npossible.<\/li>\n<\/ul>\n<p data-start=\"300\" data-end=\"686\">C\u2019est une annonce qui n\u2019est pas<br \/>\npass\u00e9e inaper\u00e7ue aupr\u00e8s <a href=\"https:\/\/www.telestar.fr\/actu_tv\/exclu-damien-thevenot-a-la-tete-de-telematin-ses-confidences-sur-son-epouse-maya-lauque-1735668\" target=\"_blank\" rel=\"noopener\"><br \/>\ndes t\u00e9l\u00e9spectateurs de T\u00e9l\u00e9matin<\/a>. Ce mardi 13 janvier<br \/>\n2026, <strong>Sophie Le Saint a pris la parole sur Instagram pour<br \/>\nexpliquer son absence \u00e0 venir.<\/strong> La journaliste,<br \/>\nr\u00e9guli\u00e8rement pr\u00e9sente dans <a href=\"https:\/\/www.telestar.fr\/actu_tv\/telematin-gros-changement-a-la-rentree-pour-la-matinale-de-france-2-tout-pour-talonner-bonjour-1734564\" target=\"_blank\" rel=\"noopener\"><br \/>\nla matinale de France 2<\/a>, a partag\u00e9 une photo depuis l\u2019h\u00f4pital,<br \/>\naccompagn\u00e9e de quelques mots qui ont rapidement suscit\u00e9 de<br \/>\nnombreuses r\u00e9actions.<\/p>\n<p data-start=\"688\" data-end=\"989\">Celle qui remplace<br \/>\nponctuellement Johanna Ghiglia et Estelle Colin \u00e0 la pr\u00e9sentation<br \/>\ndes journaux de T\u00e9l\u00e9matin <strong>a confirm\u00e9 qu\u2019elle allait devoir<br \/>\nlever le pied.<\/strong> Une pause impos\u00e9e, loin des plateaux t\u00e9l\u00e9,<br \/>\nmais n\u00e9cessaire pour des raisons de sant\u00e9 qu\u2019elle a choisi<br \/>\nd\u2019\u00e9voquer avec transparence et s\u00e9r\u00e9nit\u00e9.<\/p>\n<p>Sophie Le Saint contrainte de<br \/>\nquitter T\u00e9l\u00e9matin pour raisons m\u00e9dicales<\/p>\n<p data-start=\"1063\" data-end=\"1406\">Sur le clich\u00e9 publi\u00e9, Sophie<br \/>\nLe Saint appara\u00eet souriante malgr\u00e9 les circonstances, en b\u00e9quilles,<br \/>\nle pied immobilis\u00e9. En l\u00e9gende, la journaliste a expliqu\u00e9 la<br \/>\nsituation sans d\u00e9tour. <strong>\u00ab\u00a0Quelques semaines loin de l&rsquo;antenne pour une intervention<br \/>\nchirurgicale au pied n\u00e9cessaire\u00a0\u00bb<\/strong> \u00e9crit-elle, avant de<br \/>\nremercier chaleureusement le personnel m\u00e9dical. Elle tient<br \/>\nnotamment \u00e0 saluer \u00ab\u00a0les<br \/>\n\u00e9quipes de l&rsquo;h\u00f4pital Ambroise et tout particuli\u00e8rement le<br \/>\nprofesseur Mikael Hivelin et son \u00e9quipe, pour leur<br \/>\nprofessionnalisme et leur bienveillance\u00a0\u00bb.<\/p>\n<p data-start=\"1063\" data-end=\"1406\">Si la journaliste ne pr\u00e9cise<br \/>\npas <strong>l\u2019origine exacte de cette op\u00e9ration<\/strong>, son<br \/>\nmessage se veut rassurant. \u00ab\u00a0\u00c0<br \/>\ntr\u00e8s bient\u00f4t, d\u00e8s que possible\u00a0\u00bb conclut-elle, pour laisser<br \/>\nentendre qu\u2019elle compte bien revenir d\u00e8s que son \u00e9tat le permettra.<br \/>\nHabitu\u00e9e \u00e0 l\u2019antenne, Sophie Le Saint avait \u00e9galement particip\u00e9 \u00e0<br \/>\nla Nuit du T\u00e9l\u00e9thon lors de la 39e \u00e9dition, dans la nuit<br \/>\ndu 5 au 6 d\u00e9cembre dernier. Une pr\u00e9sence r\u00e9guli\u00e8re qui rend cette<br \/>\nabsence d\u2019autant plus remarqu\u00e9e par les fid\u00e8les de la matinale.<\/p>\n<p><img loading=\"lazy\" decoding=\"async\" aria-describedby=\"caption-attachment-1750866\" itemprop=\"thumbnailUrl\" class=\"wp-image-1750866 img-responsive size-full\" src=\"https:\/\/www.europesays.com\/fr\/wp-content\/uploads\/2026\/01\/f51bbb71f09b1adb314cbf26482bc5fb.jpg\" alt=\"\" width=\"600\" height=\"338\"\/> \u00a9 FR TV<\/p>\n<p id=\"caption-attachment-1750866\" class=\"wp-caption-text\">Sophie<br \/>\nLe Saint ne sera plus \u00e0 l&rsquo;antenne pendant un long moment.<\/p>\n<blockquote class=\"instagram-media\" style=\"background: #ffffff;border: 0;margin: 1px;width: 100%;padding: 0;max-width: 500px;\" data-instgrm-permalink=\"https:\/\/www.telestar.fr\/actu_tv\/telematin-gros-changement-a-la-rentree-pour-la-matinale-de-france-2-tout-pour-talonner-bonjour-1734564\" data-instgrm-version=\"14\"\/><p>\nLa<br \/>\njournaliste ne sera pas seule pendant sa convalescence<\/p>\n<p data-start=\"2154\" data-end=\"2478\">En quelques heures, les<br \/>\ncommentaires sous la publication se sont multipli\u00e9s. Les<br \/>\nt\u00e9l\u00e9spectateurs ont \u00e9t\u00e9 nombreux \u00e0 lui souhaiter un prompt<br \/>\nr\u00e9tablissement, tout comme ses coll\u00e8gues de T\u00e9l\u00e9matin. <strong>Alex<br \/>\nJaffray, Laurie Delhostal ou encore Sylvie Adigard<\/strong> ont<br \/>\ntenu \u00e0 lui adresser de petits messages d\u2019encouragement et de<br \/>\nsoutien. Dans cette p\u00e9riode de repos forc\u00e9, Sophie Le Saint pourra<br \/>\naussi compter sur ses proches. <strong>Mari\u00e9e depuis 31 ans \u00e0<br \/>\nYannick Letranchant<\/strong>, une figure importante de <a href=\"https:\/\/www.telestar.fr\/people\/lea-salame-ecartee-des-victoires-de-la-musique-la-drole-dexplication-de-france-televisions-1750775\" target=\"_blank\" rel=\"noopener\"><br \/>\nFrance T\u00e9l\u00e9visions<\/a>, elle est bien entour\u00e9e. Son \u00e9poux occupe en<br \/>\neffet le poste de Directeur des op\u00e9rations sp\u00e9ciales Information<br \/>\nAntennes au sein du groupe public.<\/p>\n<p data-start=\"2803\" data-end=\"3162\" data-is-last-node=\"\" data-is-only-node=\"\">Ensemble, ils ont deux enfants, Mathieu et<br \/>\nAlexandre, aujourd\u2019hui \u00e2g\u00e9s de 28 et 24 ans. Une cellule familiale<br \/>\nsolide qui devrait l\u2019aider \u00e0 traverser cette parenth\u00e8se loin des<br \/>\ncam\u00e9ras. En attendant son retour \u00e0 l\u2019antenne, les t\u00e9l\u00e9spectateurs<br \/>\nde T\u00e9l\u00e9matin devront donc patienter encore quelques<br \/>\nsemaines avant de retrouver le visage familier de Sophie Le<br \/>\nSaint.<\/p>\n","protected":false},"excerpt":{"rendered":"EN BREF Le 13 janvier 2026, Sophie Le Saint annonce sur Instagram son absence de T\u00e9l\u00e9matin pour des&hellip;\n","protected":false},"author":2,"featured_media":661348,"comment_status":"","ping_status":"","sticky":false,"template":"","format":"standard","meta":{"footnotes":""},"categories":[8],"tags":[548,58,59,1011,27,12959],"class_list":{"0":"post-661347","1":"post","2":"type-post","3":"status-publish","4":"format-standard","5":"has-post-thumbnail","7":"category-divertissement","8":"tag-article-simple","9":"tag-divertissement","10":"tag-entertainment","11":"tag-fr","12":"tag-france","13":"tag-telematin"},"share_on_mastodon":{"url":"https:\/\/pubeurope.com\/@fr\/115889618594462194","error":""},"_links":{"self":[{"href":"https:\/\/www.europesays.com\/fr\/wp-json\/wp\/v2\/posts\/661347","targetHints":{"allow":["GET"]}}],"collection":[{"href":"https:\/\/www.europesays.com\/fr\/wp-json\/wp\/v2\/posts"}],"about":[{"href":"https:\/\/www.europesays.com\/fr\/wp-json\/wp\/v2\/types\/post"}],"author":[{"embeddable":true,"href":"https:\/\/www.europesays.com\/fr\/wp-json\/wp\/v2\/users\/2"}],"replies":[{"embeddable":true,"href":"https:\/\/www.europesays.com\/fr\/wp-json\/wp\/v2\/comments?post=661347"}],"version-history":[{"count":0,"href":"https:\/\/www.europesays.com\/fr\/wp-json\/wp\/v2\/posts\/661347\/revisions"}],"wp:featuredmedia":[{"embeddable":true,"href":"https:\/\/www.europesays.com\/fr\/wp-json\/wp\/v2\/media\/661348"}],"wp:attachment":[{"href":"https:\/\/www.europesays.com\/fr\/wp-json\/wp\/v2\/media?parent=661347"}],"wp:term":[{"taxonomy":"category","embeddable":true,"href":"https:\/\/www.europesays.com\/fr\/wp-json\/wp\/v2\/categories?post=661347"},{"taxonomy":"post_tag","embeddable":true,"href":"https:\/\/www.europesays.com\/fr\/wp-json\/wp\/v2\/tags?post=661347"}],"curies":[{"name":"wp","href":"https:\/\/api.w.org\/{rel}","templated":true}]}}