{"id":661351,"date":"2026-01-13T20:14:16","date_gmt":"2026-01-13T20:14:16","guid":{"rendered":"https:\/\/www.europesays.com\/fr\/661351\/"},"modified":"2026-01-13T20:14:16","modified_gmt":"2026-01-13T20:14:16","slug":"en-chine-le-temps-ou-volkswagen-dominait-le-marche-semble-revolu","status":"publish","type":"post","link":"https:\/\/www.europesays.com\/fr\/661351\/","title":{"rendered":"En Chine, le temps o\u00f9 Volkswagen dominait le march\u00e9 semble r\u00e9volu"},"content":{"rendered":"<p itemprop=\"description\">Apr\u00e8s des d\u00e9cennies d&rsquo;h\u00e9g\u00e9monie sans<br \/>\npartage, Volkswagen n&rsquo;est plus le premier constructeur automobile<br \/>\nen Chine.<\/p>\n<p>Les chiffres tomb\u00e9s cette semaine confirment que Volkswagen a<br \/>\ngliss\u00e9 \u00e0 la troisi\u00e8me place du march\u00e9 chinois en 2025. Victime de<br \/>\nsa lenteur sur le logiciel et l\u00a0\u00bb\u00e9lectrique face \u00e0 des rivaux locaux<br \/>\nsurvolt\u00e9s, le groupe allemand tente une man\u0153uvre de la derni\u00e8re<br \/>\nchance en s&rsquo;alliant technologiquement avec des acteurs locaux pour<br \/>\ntenter de reconqu\u00e9rir un public qui ne jure plus que par la tech<br \/>\nlocale.<\/p>\n<p>L&rsquo;\u00e9l\u00e8ve a d\u00e9pass\u00e9 le ma\u00eetre, et pas qu&rsquo;un peu<\/p>\n<p>Il y a encore dix ans, imaginer <a href=\"https:\/\/www.autoplus.fr\/marque\/volkswagen\" target=\"_blank\" rel=\"noopener\">Volkswagen<\/a> perdre<br \/>\nsa couronne en Chine \u00e9tait impensable. <strong>La marque allemande<br \/>\na litt\u00e9ralement mis la Chine sur quatre roues avec la Santana dans<br \/>\nles ann\u00e9es 80<\/strong>. Elle faisait partie du paysage, c&rsquo;\u00e9tait la<br \/>\nvoiture du peuple, la valeur s\u00fbre. Mais aujourd&rsquo;hui, les donn\u00e9es<br \/>\npubli\u00e9es par la <a href=\"http:\/\/en.caam.org.cn\/\" target=\"_blank\" rel=\"noopener\">China Passenger<br \/>\nCar Association<\/a> (CPCA) montrent que le groupe allemand a perdu<br \/>\ndu terrain. Volkswagen, avec ses deux coentreprises (FAW et SAIC),<br \/>\n<strong>a vu sa part du g\u00e2teau fondre pour atterrir \u00e0 10,9<br \/>\n%<\/strong>, contre 12,2 % en 2024. Ce qui fait mal, ce n&rsquo;est pas<br \/>\ntant que <a href=\"https:\/\/www.autoplus.fr\/byd\" target=\"_blank\" rel=\"noopener\">BYD<\/a> soit devant,<br \/>\nmais c&rsquo;est de voir Geely passer devant. Le groupe chinois,<br \/>\npropri\u00e9taire de Volvo et Lotus, a r\u00e9alis\u00e9 un bond spectaculaire,<br \/>\npassant de 7,7 % \u00e0 11 % de parts de march\u00e9 en douze mois. C&rsquo;est une<br \/>\ngifle.<\/p>\n<p>Pourquoi un tel d\u00e9samour ? Eh bien, les consommateurs chinois,<br \/>\nsurtout la jeune g\u00e9n\u00e9ration, ne cherchent plus une voiture bien<br \/>\nfinie. Ils veulent litt\u00e9ralement un smartphone sur roues. Ils<br \/>\nveulent des avatars qui leur parlent sur le tableau de bord et des<br \/>\nsyst\u00e8mes de karaok\u00e9 int\u00e9gr\u00e9s. Pour Cui Dongshu, le secr\u00e9taire<br \/>\ng\u00e9n\u00e9ral de la CPCA, les marques \u00e9trang\u00e8res ont rat\u00e9 le coche de la<br \/>\ntransition rapide vers l&rsquo;\u00e9lectrique et le v\u00e9hicule connect\u00e9. Le<br \/>\nc\u0153ur du march\u00e9 se joue d\u00e9sormais sur les v\u00e9hicules \u00e0 moins de 150<br \/>\n000 yuans (environ 21 500 euros). <strong>C&rsquo;est l\u00e0 que se fait le<br \/>\nvolume, plus de 50 % des ventes<\/strong>. Et sur ce cr\u00e9neau, les<br \/>\nconstructeurs chinois sont impitoyables. Ils offrent pour ce prix<br \/>\ndes technologies que les Europ\u00e9ens peinent \u00e0 proposer sur des<br \/>\nvoitures deux fois plus ch\u00e8res.<\/p>\n<p>L&rsquo;humilit\u00e9 comme nouvelle arme de reconqu\u00eate<\/p>\n<p>La r\u00e9action du groupe allemand est int\u00e9ressante car elle marque<br \/>\nun changement de mentalit\u00e9. Pendant des d\u00e9cennies, Volkswagen<br \/>\nvenait en Chine pour expliquer comment fabriquer des voitures.<br \/>\n<strong>Aujourd&rsquo;hui, ils viennent pour apprendre<\/strong>. Pour<br \/>\ntenter de stopper l&rsquo;h\u00e9morragie, le constructeur a d\u00e9cid\u00e9 de<br \/>\ns&rsquo;allier avec ceux qu&rsquo;il regardait de haut hier encore. Le<br \/>\npartenariat renforc\u00e9 avec <a href=\"https:\/\/www.autoplus.fr\/marque\/xpeng\" target=\"_blank\" rel=\"noopener\">Xpeng<\/a> en est<br \/>\nl&rsquo;illustration parfaite. Volkswagen va utiliser l&rsquo;architecture<br \/>\n\u00e9lectronique de ce jeune constructeur chinois pour ses futurs<br \/>\nmod\u00e8les. Pour essayer de ne pas se faire distancer, Volkswagen va<br \/>\nconcevoir des voitures en Chine, pour la Chine, \u00e0 la vitesse de la<br \/>\nChine.<\/p>\n<p>Cette approche, baptis\u00e9e In China, for China par les<br \/>\ncommunicants du groupe, ne se limite pas \u00e0 la technologie. Et<br \/>\npuisque les usines tournent moins vite \u00e0 cause de la baisse de la<br \/>\ndemande locale, Volkswagen a d\u00e9cid\u00e9 d&rsquo;exporter ces mod\u00e8les Made<br \/>\nin China vers d&rsquo;autres march\u00e9s. Le <a href=\"https:\/\/www.autoplus.fr\/cupra\/cupra-tavascan-suv-info-photo-1114533.html\" target=\"_blank\" rel=\"noopener\"><br \/>\nCupra Tavascan<\/a>, par exemple, fabriqu\u00e9 en Chine pour l&rsquo;Europe,<br \/>\ns&rsquo;inscrit dans cette logique. Cependant, il ne faut pas enterrer<br \/>\nVolkswagen trop vite. Si sa part de march\u00e9 recule, <strong>le<br \/>\ngroupe reste la premi\u00e8re marque \u00e9trang\u00e8re dans le pays<\/strong>. Le<br \/>\ngroupe allemand a des ressources financi\u00e8res colossales et une<br \/>\ncapacit\u00e9 de r\u00e9silience que n&rsquo;ont pas encore toutes les start-ups<br \/>\nlocales. M\u00eame BYD, le leader incontest\u00e9, commence \u00e0 sentir le vent<br \/>\ntourner. Sa part de march\u00e9 a l\u00e9g\u00e8rement baiss\u00e9 (de 16,2 % \u00e0 14,7<br \/>\n%).<\/p>\n","protected":false},"excerpt":{"rendered":"Apr\u00e8s des d\u00e9cennies d&rsquo;h\u00e9g\u00e9monie sans partage, Volkswagen n&rsquo;est plus le premier constructeur automobile en Chine. Les chiffres tomb\u00e9s&hellip;\n","protected":false},"author":2,"featured_media":661352,"comment_status":"","ping_status":"","sticky":false,"template":"","format":"standard","meta":{"footnotes":""},"categories":[6],"tags":[35,33,34,1011,27,1638],"class_list":{"0":"post-661351","1":"post","2":"type-post","3":"status-publish","4":"format-standard","5":"has-post-thumbnail","7":"category-economie","8":"tag-business","9":"tag-economie","10":"tag-economy","11":"tag-fr","12":"tag-france","13":"tag-has_diapo"},"share_on_mastodon":{"url":"https:\/\/pubeurope.com\/@fr\/115889626387217154","error":""},"_links":{"self":[{"href":"https:\/\/www.europesays.com\/fr\/wp-json\/wp\/v2\/posts\/661351","targetHints":{"allow":["GET"]}}],"collection":[{"href":"https:\/\/www.europesays.com\/fr\/wp-json\/wp\/v2\/posts"}],"about":[{"href":"https:\/\/www.europesays.com\/fr\/wp-json\/wp\/v2\/types\/post"}],"author":[{"embeddable":true,"href":"https:\/\/www.europesays.com\/fr\/wp-json\/wp\/v2\/users\/2"}],"replies":[{"embeddable":true,"href":"https:\/\/www.europesays.com\/fr\/wp-json\/wp\/v2\/comments?post=661351"}],"version-history":[{"count":0,"href":"https:\/\/www.europesays.com\/fr\/wp-json\/wp\/v2\/posts\/661351\/revisions"}],"wp:featuredmedia":[{"embeddable":true,"href":"https:\/\/www.europesays.com\/fr\/wp-json\/wp\/v2\/media\/661352"}],"wp:attachment":[{"href":"https:\/\/www.europesays.com\/fr\/wp-json\/wp\/v2\/media?parent=661351"}],"wp:term":[{"taxonomy":"category","embeddable":true,"href":"https:\/\/www.europesays.com\/fr\/wp-json\/wp\/v2\/categories?post=661351"},{"taxonomy":"post_tag","embeddable":true,"href":"https:\/\/www.europesays.com\/fr\/wp-json\/wp\/v2\/tags?post=661351"}],"curies":[{"name":"wp","href":"https:\/\/api.w.org\/{rel}","templated":true}]}}