{"id":661353,"date":"2026-01-13T20:15:11","date_gmt":"2026-01-13T20:15:11","guid":{"rendered":"https:\/\/www.europesays.com\/fr\/661353\/"},"modified":"2026-01-13T20:15:11","modified_gmt":"2026-01-13T20:15:11","slug":"le-costa-rica-denonce-un-projet-dassassinat-presume-visant-le-president","status":"publish","type":"post","link":"https:\/\/www.europesays.com\/fr\/661353\/","title":{"rendered":"Le Costa Rica d\u00e9nonce un projet d\u2019assassinat pr\u00e9sum\u00e9 visant le pr\u00e9sident"},"content":{"rendered":"<p>\n    Jorge Torres, chef de la Direction du renseignement et de la s\u00e9curit\u00e9 nationale, a d\u00e9clar\u00e9 \u00e0 la presse que cet organisme avait appris l\u2019existence du complot pr\u00e9sum\u00e9 gr\u00e2ce \u00e0 une \u00absource confidentielle\u00bb.<\/p>\n<p class=\"fig-paragraph\">Le gouvernement du\u00a0<a href=\"http:\/\/www.lefigaro.fr\/sports\/rugby\/joe-van-niekerk-de-la-jungle-du-costa-rica-a-celle-des-tetes-des-rugbymen-20250617\" target=\"_blank\" data-fig-type=\"Article\" rel=\"noopener\" data-gtm-custom-categorie=\"navigation\" data-gtm-custom-action=\"crossclick\" data-gtm-custom-label=\"Contextuel\" data-gtm-event=\"customEventSPE\" data-fig-domain=\"LEFIGARO\">Costa Rica<\/a>\u00a0a dit mardi avoir mis au jour un projet pr\u00e9sum\u00e9 visant \u00e0 assassiner le pr\u00e9sident du pays, Rodrigo Chaves, \u00e0 un peu plus de deux semaines de l\u2019\u00e9lection pr\u00e9sidentielle pour laquelle la candidate du parti conservateur au pouvoir est favorite.<\/p>\n<p class=\"fig-paragraph\">Jorge Torres, chef de la Direction du renseignement et de la s\u00e9curit\u00e9 nationale, rattach\u00e9e \u00e0 la pr\u00e9sidence, a d\u00e9clar\u00e9 \u00e0 la presse que cet organisme avait appris l\u2019existence du complot pr\u00e9sum\u00e9 gr\u00e2ce \u00e0 une \u00absource confidentielle\u00bb l\u2019ayant inform\u00e9 du paiement d\u2019un tueur \u00e0 gages.<\/p>\n<p>                                            <a class=\"fig-a11y-skip\" href=\"#fig-a11y-skip-main-inarticle\" data-module=\"a11y-skip\" data-context=\"was @visible\"><br \/>\n    Passer la publicit\u00e9<br \/>\n<\/a>            <\/p>\n<p>                                            Peu avant les \u00e9lections<\/p>\n<p class=\"fig-paragraph\">Cette annonce intervient peu de temps avant les \u00e9lection pr\u00e9sidentielle et l\u00e9gislatives du 1er f\u00e9vrier dans ce pays d\u2019Am\u00e9rique centrale.\u00a0<a href=\"http:\/\/www.lefigaro.fr\/flash-actu\/le-conservateur-rodrigo-chaves-elu-president-du-costa-rica-20220404\" target=\"_blank\" data-fig-type=\"NewsFlash\" rel=\"noopener\" data-gtm-custom-categorie=\"navigation\" data-gtm-custom-action=\"crossclick\" data-gtm-custom-label=\"Contextuel\" data-gtm-event=\"customEventSPE\" data-fig-domain=\"LEFIGARO\">Rodrigo Chaves<\/a>, que la constitution emp\u00eache de briguer un second mandat cons\u00e9cutif, a apport\u00e9 son soutien \u00e0 l\u2019une de ses anciennes ministres, Laura Fernandez, pour lui succ\u00e9der.<\/p>\n<p class=\"fig-paragraph\">Les groupes d\u2019opposition ont mis en garde contre ce qu\u2019ils consid\u00e8rent comme une possible ing\u00e9rence dans l\u2019\u00e9lection de la part du pr\u00e9sident du Salvador, Nayib Bukele. Le pr\u00e9sident Chaves a invit\u00e9 son homologue salvadorien au Costa Rica mercredi pour poser la premi\u00e8re pierre d\u2019une nouvelle m\u00e9ga-prison calqu\u00e9e sur le tristement c\u00e9l\u00e8bre Centre de confinement du terrorisme (Cecot) du Salvador. Des milliers d\u2019hommes sont d\u00e9tenus sans inculpation au CECOT, dans le cadre de la guerre men\u00e9e par Bukele contre la violence des gangs.<\/p>\n","protected":false},"excerpt":{"rendered":"Jorge Torres, chef de la Direction du renseignement et de la s\u00e9curit\u00e9 nationale, a d\u00e9clar\u00e9 \u00e0 la presse&hellip;\n","protected":false},"author":2,"featured_media":661354,"comment_status":"","ping_status":"","sticky":false,"template":"","format":"standard","meta":{"footnotes":""},"categories":[5],"tags":[11,6744,897,1011,27,14,12,28],"class_list":{"0":"post-661353","1":"post","2":"type-post","3":"status-publish","4":"format-standard","5":"has-post-thumbnail","7":"category-international","8":"tag-actualites","9":"tag-assassinat","10":"tag-costa-rica","11":"tag-fr","12":"tag-france","13":"tag-international","14":"tag-news","15":"tag-world"},"share_on_mastodon":{"url":"https:\/\/pubeurope.com\/@fr\/115889630408771702","error":""},"_links":{"self":[{"href":"https:\/\/www.europesays.com\/fr\/wp-json\/wp\/v2\/posts\/661353","targetHints":{"allow":["GET"]}}],"collection":[{"href":"https:\/\/www.europesays.com\/fr\/wp-json\/wp\/v2\/posts"}],"about":[{"href":"https:\/\/www.europesays.com\/fr\/wp-json\/wp\/v2\/types\/post"}],"author":[{"embeddable":true,"href":"https:\/\/www.europesays.com\/fr\/wp-json\/wp\/v2\/users\/2"}],"replies":[{"embeddable":true,"href":"https:\/\/www.europesays.com\/fr\/wp-json\/wp\/v2\/comments?post=661353"}],"version-history":[{"count":0,"href":"https:\/\/www.europesays.com\/fr\/wp-json\/wp\/v2\/posts\/661353\/revisions"}],"wp:featuredmedia":[{"embeddable":true,"href":"https:\/\/www.europesays.com\/fr\/wp-json\/wp\/v2\/media\/661354"}],"wp:attachment":[{"href":"https:\/\/www.europesays.com\/fr\/wp-json\/wp\/v2\/media?parent=661353"}],"wp:term":[{"taxonomy":"category","embeddable":true,"href":"https:\/\/www.europesays.com\/fr\/wp-json\/wp\/v2\/categories?post=661353"},{"taxonomy":"post_tag","embeddable":true,"href":"https:\/\/www.europesays.com\/fr\/wp-json\/wp\/v2\/tags?post=661353"}],"curies":[{"name":"wp","href":"https:\/\/api.w.org\/{rel}","templated":true}]}}