{"id":661360,"date":"2026-01-13T20:19:26","date_gmt":"2026-01-13T20:19:26","guid":{"rendered":"https:\/\/www.europesays.com\/fr\/661360\/"},"modified":"2026-01-13T20:19:26","modified_gmt":"2026-01-13T20:19:26","slug":"une-star-de-hollywood-pourrait-booster-lasse","status":"publish","type":"post","link":"https:\/\/www.europesays.com\/fr\/661360\/","title":{"rendered":"Une star de Hollywood pourrait booster l&rsquo;ASSE"},"content":{"rendered":"<p>L&rsquo;AS Saint-Etienne a des supporters<br \/>\npartout. Vraiment partout. M\u00eame l\u00e0 o\u00f9 on ne les attend absolument<br \/>\npas.<\/p>\n<p class=\"ng-star-inserted\">L\u2019AS<br \/>\nSaint-\u00c9tienne se bat chaque week-end dans l\u2019anonymat relatif de la<br \/>\nLigue 2, port\u00e9e par la ferveur de ses supporters et le r\u00eave de<br \/>\nretrouver l\u2019\u00e9lite du football fran\u00e7ais. Un combat de longue<br \/>\nhaleine, fait de sueur et de matchs \u00e2pres, loin des paillettes et<br \/>\ndes grands projecteurs. Pourtant, au c\u0153ur de l\u2019hiver, c\u2019est<br \/>\npr\u00e9cis\u00e9ment de cet univers glamour qu\u2019est venu un soutien aussi<br \/>\nimprobable que spectaculaire. Un alli\u00e9 de poids, dont la voix porte<br \/>\n\u00e0 des millions de kilom\u00e8tres du Forez.<\/p>\n<p>Le v\u0153u<br \/>\nde Timoth\u00e9e Chalamet pour l\u2019ASSE<\/p>\n<p class=\"ng-star-inserted\">Cet<br \/>\nalli\u00e9 n\u2019est autre que Timoth\u00e9e Chalamet. Tout juste aur\u00e9ol\u00e9 de son<br \/>\nGolden Globe du meilleur acteur, <a href=\"https:\/\/peuple-vert.fr\/asse-actualite\/chalamet-golden-globe-asse\/\" target=\"_blank\" rel=\"nofollow noopener\">la superstar<br \/>\nfranco-am\u00e9ricaine n\u2019a pas oubli\u00e9 le club de son c\u0153ur<\/a> au moment<br \/>\nde formuler ses v\u0153ux pour la nouvelle ann\u00e9e. \u00ab\u00a0Pour que<br \/>\n2026 soit vraiment parfaite, il faudra que Saint-\u00c9tienne remonte en<br \/>\nLigue 1 la saison prochaine\u00a0\u00bb, a-t-il d\u00e9clar\u00e9. Ce n\u2019est<br \/>\npas une tocade de star : Chalamet est un supporter revendiqu\u00e9 et de<br \/>\nlongue date des Verts, arborant r\u00e9guli\u00e8rement le maillot st\u00e9phanois<br \/>\ndans sa vie priv\u00e9e.<\/p>\n<p class=\"ng-star-inserted\">Cette<br \/>\nd\u00e9claration, en apparence anecdotique, est en r\u00e9alit\u00e9 un coup de<br \/>\nprojecteur inestimable pour l\u2019ASSE. Elle propulse le club sur la<br \/>\nsc\u00e8ne m\u00e9diatique internationale, bien au-del\u00e0 des cercles sportifs.<br \/>\nPour une franchise qui cherche \u00e0 redorer son blason et \u00e0 attirer de<br \/>\nnouveaux partenaires, associer son image \u00e0 l\u2019une des plus grandes<br \/>\nstars de cin\u00e9ma du moment est une opportunit\u00e9 marketing en or.<br \/>\nC\u2019est une publicit\u00e9 gratuite et d\u2019une puissance rare.<\/p>\n<blockquote class=\"twitter-tweet\"><p><a class=\"twitter-link\" rel=\"noindex, nofollow noopener\" href=\"https:\/\/twitter.com\/FerveurVerte_\/status\/2011003863361290534\" target=\"_blank\"><\/p><\/blockquote>\n<p>Une<br \/>\nmotivation suppl\u00e9mentaire pour la mont\u00e9e<\/p>\n<p class=\"ng-star-inserted\">Au-del\u00e0<br \/>\nde l\u2019aspect marketing, ce soutien a une port\u00e9e symbolique forte.<br \/>\nPour les joueurs et le staff, savoir qu\u2019une personnalit\u00e9 de cette<br \/>\nenvergure suit leurs performances et esp\u00e8re leur r\u00e9ussite est une<br \/>\nsource de motivation suppl\u00e9mentaire. Cela ajoute une dimension<br \/>\nromanesque \u00e0 leur qu\u00eate de la remont\u00e9e, transformant une saison de<br \/>\nLigue 2 en une histoire suivie jusqu\u2019\u00e0 Hollywood.<\/p>\n<p class=\"ng-star-inserted\">Bien<br \/>\ns\u00fbr, Timoth\u00e9e Chalamet ne marquera pas de but et ne donnera pas de<br \/>\nconsigne sur le banc de touche. Mais son v\u0153u public vient rappeler<br \/>\nau monde du football que l\u2019AS Saint-\u00c9tienne reste un club \u00e0 part,<br \/>\ndont l\u2019aura d\u00e9passe largement ses r\u00e9sultats sportifs actuels. Aux<br \/>\njoueurs d\u00e9sormais de faire en sorte que le v\u0153u de leur plus c\u00e9l\u00e8bre<br \/>\nsupporter devienne une r\u00e9alit\u00e9.<\/p>\n<p><script async src=\"https:\/\/platform.twitter.com\/widgets.js\" charset=\"utf-8\"><\/script><\/p>\n","protected":false},"excerpt":{"rendered":"L&rsquo;AS Saint-Etienne a des supporters partout. Vraiment partout. M\u00eame l\u00e0 o\u00f9 on ne les attend absolument pas. L\u2019AS&hellip;\n","protected":false},"author":2,"featured_media":661361,"comment_status":"","ping_status":"","sticky":false,"template":"","format":"standard","meta":{"footnotes":""},"categories":[9653],"tags":[1111,11,2430,1777,674,1011,27,12,25,4001],"class_list":{"0":"post-661360","1":"post","2":"type-post","3":"status-publish","4":"format-standard","5":"has-post-thumbnail","7":"category-saint-etienne","8":"tag-actu","9":"tag-actualites","10":"tag-auvergne-rhone-alpes","11":"tag-eu","12":"tag-europe","13":"tag-fr","14":"tag-france","15":"tag-news","16":"tag-republique-francaise","17":"tag-saint-etienne"},"share_on_mastodon":{"url":"https:\/\/pubeurope.com\/@fr\/115889646078856774","error":""},"_links":{"self":[{"href":"https:\/\/www.europesays.com\/fr\/wp-json\/wp\/v2\/posts\/661360","targetHints":{"allow":["GET"]}}],"collection":[{"href":"https:\/\/www.europesays.com\/fr\/wp-json\/wp\/v2\/posts"}],"about":[{"href":"https:\/\/www.europesays.com\/fr\/wp-json\/wp\/v2\/types\/post"}],"author":[{"embeddable":true,"href":"https:\/\/www.europesays.com\/fr\/wp-json\/wp\/v2\/users\/2"}],"replies":[{"embeddable":true,"href":"https:\/\/www.europesays.com\/fr\/wp-json\/wp\/v2\/comments?post=661360"}],"version-history":[{"count":0,"href":"https:\/\/www.europesays.com\/fr\/wp-json\/wp\/v2\/posts\/661360\/revisions"}],"wp:featuredmedia":[{"embeddable":true,"href":"https:\/\/www.europesays.com\/fr\/wp-json\/wp\/v2\/media\/661361"}],"wp:attachment":[{"href":"https:\/\/www.europesays.com\/fr\/wp-json\/wp\/v2\/media?parent=661360"}],"wp:term":[{"taxonomy":"category","embeddable":true,"href":"https:\/\/www.europesays.com\/fr\/wp-json\/wp\/v2\/categories?post=661360"},{"taxonomy":"post_tag","embeddable":true,"href":"https:\/\/www.europesays.com\/fr\/wp-json\/wp\/v2\/tags?post=661360"}],"curies":[{"name":"wp","href":"https:\/\/api.w.org\/{rel}","templated":true}]}}