{"id":661362,"date":"2026-01-13T20:20:22","date_gmt":"2026-01-13T20:20:22","guid":{"rendered":"https:\/\/www.europesays.com\/fr\/661362\/"},"modified":"2026-01-13T20:20:22","modified_gmt":"2026-01-13T20:20:22","slug":"meurthe-et-moselle-voiture-en-feu-et-vehicules-vandalises-a-jarville-la-malgrange","status":"publish","type":"post","link":"https:\/\/www.europesays.com\/fr\/661362\/","title":{"rendered":"Meurthe-et-Moselle. Voiture en feu et v\u00e9hicules vandalis\u00e9s \u00e0 Jarville-la-Malgrange"},"content":{"rendered":"<p>La nuit de lundi\u00a012 \u00e0 mardi 13\u00a0janvier a \u00e9t\u00e9 mouvement\u00e9e, \u00e0 Jarville-la-Malgrange. Stationn\u00e9e sur une place de parking \u00e0 hauteur du 9, rue d\u2019Alsace, une voiture a \u00e9t\u00e9 d\u00e9truite par un incendie.<\/p>\n<p>D\u2019apr\u00e8s les premi\u00e8res constatations, un conteneur poubelle situ\u00e9 \u00e0 l\u2019arri\u00e8re du v\u00e9hicule de soci\u00e9t\u00e9 a pu \u00eatre incendi\u00e9 en premier lieu avant que les flammes ne se propagent \u00e0 la carrosserie. Ou vice versa.<\/p>\n<p>Avec l\u2019intervention des pompiers, la partie moteur est rest\u00e9e intacte. Un poste et un coffret \u00e9lectrique situ\u00e9s en fa\u00e7ade de b\u00e2timent ont \u00e9t\u00e9 \u00e9galement endommag\u00e9s et le vitrage d\u2019un appartement s\u2019est fissur\u00e9 sous l\u2019effet du d\u00e9gagement de chaleur.<\/p>\n<p>  Coups de feu en 2024<\/p>\n<p>\u00c0 quelques centaines de m\u00e8tres du sinistre, rue de la R\u00e9publique, sur un parking qui jouxte le coll\u00e8ge Albert-Camus, deux voitures en stationnement et un utilitaire professionnel ont \u00e9t\u00e9 vandalis\u00e9s (vitres bris\u00e9es). Une enqu\u00eate a \u00e9t\u00e9 ouverte pour tenter d\u2019identifier les auteurs de ce qui ressemble \u00e0 des violences urbaines. Des faits survenus quelques heures apr\u00e8s la c\u00e9r\u00e9monie des v\u0153ux du maire de la ville.<\/p>\n","protected":false},"excerpt":{"rendered":"La nuit de lundi\u00a012 \u00e0 mardi 13\u00a0janvier a \u00e9t\u00e9 mouvement\u00e9e, \u00e0 Jarville-la-Malgrange. Stationn\u00e9e sur une place de parking&hellip;\n","protected":false},"author":2,"featured_media":661363,"comment_status":"","ping_status":"","sticky":false,"template":"","format":"standard","meta":{"footnotes":""},"categories":[9635],"tags":[1111,11,271,272,1704,1777,674,274,1011,27,775,1310,9648,9649,3457,1702,12,25],"class_list":{"0":"post-661362","1":"post","2":"type-post","3":"status-publish","4":"format-standard","5":"has-post-thumbnail","7":"category-nancy","8":"tag-actu","9":"tag-actualites","10":"tag-crime","11":"tag-delit-et-contravention","12":"tag-edition-nancy-et-agglomeration","13":"tag-eu","14":"tag-europe","15":"tag-faits-divers-justice","16":"tag-fr","17":"tag-france","18":"tag-grand-est","19":"tag-incendie","20":"tag-jarville-la-malgrange","21":"tag-metropole-du-grand-nancy-54b2","22":"tag-meurthe-et-moselle","23":"tag-nancy","24":"tag-news","25":"tag-republique-francaise"},"share_on_mastodon":{"url":"https:\/\/pubeurope.com\/@fr\/115889650052146050","error":""},"_links":{"self":[{"href":"https:\/\/www.europesays.com\/fr\/wp-json\/wp\/v2\/posts\/661362","targetHints":{"allow":["GET"]}}],"collection":[{"href":"https:\/\/www.europesays.com\/fr\/wp-json\/wp\/v2\/posts"}],"about":[{"href":"https:\/\/www.europesays.com\/fr\/wp-json\/wp\/v2\/types\/post"}],"author":[{"embeddable":true,"href":"https:\/\/www.europesays.com\/fr\/wp-json\/wp\/v2\/users\/2"}],"replies":[{"embeddable":true,"href":"https:\/\/www.europesays.com\/fr\/wp-json\/wp\/v2\/comments?post=661362"}],"version-history":[{"count":0,"href":"https:\/\/www.europesays.com\/fr\/wp-json\/wp\/v2\/posts\/661362\/revisions"}],"wp:featuredmedia":[{"embeddable":true,"href":"https:\/\/www.europesays.com\/fr\/wp-json\/wp\/v2\/media\/661363"}],"wp:attachment":[{"href":"https:\/\/www.europesays.com\/fr\/wp-json\/wp\/v2\/media?parent=661362"}],"wp:term":[{"taxonomy":"category","embeddable":true,"href":"https:\/\/www.europesays.com\/fr\/wp-json\/wp\/v2\/categories?post=661362"},{"taxonomy":"post_tag","embeddable":true,"href":"https:\/\/www.europesays.com\/fr\/wp-json\/wp\/v2\/tags?post=661362"}],"curies":[{"name":"wp","href":"https:\/\/api.w.org\/{rel}","templated":true}]}}