{"id":66137,"date":"2025-05-01T05:19:10","date_gmt":"2025-05-01T05:19:10","guid":{"rendered":"https:\/\/www.europesays.com\/fr\/66137\/"},"modified":"2025-05-01T05:19:10","modified_gmt":"2025-05-01T05:19:10","slug":"energie-bctg-accompagne-les-fonds-conseilles-par-icon-infrastructure","status":"publish","type":"post","link":"https:\/\/www.europesays.com\/fr\/66137\/","title":{"rendered":"Energie : BCTG accompagne les fonds conseill\u00e9s par iCON Infrastructure"},"content":{"rendered":"<p><img loading=\"lazy\" decoding=\"async\" alt=\"\u00a9 Shutterstock - Fond\u00e9 en 2008 \u00e0 Amiens, H2air est un d\u00e9veloppeur ind\u00e9pendant de premier plan de projets \u00e9oliens terrestres et solaires en France.\" data-zoom-src=\"https:\/\/www.europesays.com\/fr\/wp-content\/uploads\/2025\/05\/initial-parc-eolien.jpg\" data-zoomable=\"\" height=\"702\" src=\"https:\/\/www.europesays.com\/fr\/wp-content\/uploads\/2025\/05\/initial-parc-eolien.jpg\" width=\"1248\"\/>  <\/p>\n<p class=\"article-desc\">\u00a9 Shutterstock &#8211; Fond\u00e9 en 2008 \u00e0 Amiens, H2air est un d\u00e9veloppeur ind\u00e9pendant de premier plan de projets \u00e9oliens terrestres et solaires en France. <\/p>\n<p><strong>BCTG Avocats<\/strong> est intervenu aux c\u00f4t\u00e9s de <strong>Herbert Smith Freehills<\/strong> pour accompagner les fonds conseill\u00e9s par <strong>iCON Infrastructure LLP<\/strong>, soci\u00e9t\u00e9 ind\u00e9pendante d\u2019investissement dans les infrastructures, dans le cadre de leur <strong>prise de participation<\/strong> au capital de <strong>H2air<\/strong>, d\u00e9veloppeur-producteur ind\u00e9pendant d\u2019<a href=\"https:\/\/mesinfos.fr\/ile-de-france\/ekwateur-l-eleve-modele-de-l-energie-renouvelable-199910.html\" rel=\"noopener\" target=\"_blank\">\u00e9nergies renouvelables<\/a> en France. <\/p>\n<p>Fond\u00e9 en 2008 \u00e0 Amiens, <strong>H2air <\/strong>est un d\u00e9veloppeur ind\u00e9pendant de premier plan de projets <strong>\u00e9oliens terrestres et solaires<\/strong> fran\u00e7ais. L&rsquo;entreprise poss\u00e8de et exploite 13 parcs \u00e9oliens terrestres d&rsquo;une capacit\u00e9 install\u00e9e totale de 263 MW. Avec plus de 150 salari\u00e9s et neuf agences, H2air d\u00e9veloppe un portefeuille de projets \u00e9oliens et solaires de plus de 3 GW.\u00a0 <\/p>\n<p> Expertise en \u00e9nergies renouvelables <\/p>\n<p><a href=\"https:\/\/mesinfos.fr\/ile-de-france\/eolien-bctg-avocats-conseille-mirova-et-rive-private-investment-106482.html\" rel=\"noopener\" target=\"_blank\">BCTG Avocats<\/a> a apport\u00e9 son <strong>expertise<\/strong> et sa connaissance des <strong>\u00e9nergies renouvelables<\/strong>, pour accompagner les fonds conseill\u00e9s par iCON Infrastructure LLP sur les enjeux sectoriels de l\u2019op\u00e9ration, mobilisant une \u00e9quipe pluridisciplinaire avec notamment :\u00a0<br \/>\u2022 Paul Elfassi, associ\u00e9, Nelsie Berg\u00e8s et Gaspard Terray (environnement, r\u00e8glementaire et permitting)<br \/>\u2022 Diane Mouratoglou et Catherine Dupuy, associ\u00e9es, Aur\u00e9lie Wagner, Thibaut Magerman, Amyra Khalidi (contrats de projet, foncier, financement)<br \/>\u2022 Aymeric Malphettes, associ\u00e9, Alexandra Carpentier (corporate)<br \/>\u2022 Sabine de Paillerets, associ\u00e9e, Estelle Saboury (social)<br \/>\u2022 Antoine Beauquier, associ\u00e9, Clothilde Hennequin (compliance). <\/p>\n","protected":false},"excerpt":{"rendered":"\u00a9 Shutterstock &#8211; Fond\u00e9 en 2008 \u00e0 Amiens, H2air est un d\u00e9veloppeur ind\u00e9pendant de premier plan de projets&hellip;\n","protected":false},"author":2,"featured_media":66138,"comment_status":"","ping_status":"","sticky":false,"template":"","format":"standard","meta":{"footnotes":""},"categories":[1592],"tags":[1111,11,16658,1777,674,1011,27,662,12,626,25],"class_list":{"0":"post-66137","1":"post","2":"type-post","3":"status-publish","4":"format-standard","5":"has-post-thumbnail","7":"category-ile-de-france","8":"tag-actu","9":"tag-actualites","10":"tag-avocats","11":"tag-eu","12":"tag-europe","13":"tag-fr","14":"tag-france","15":"tag-ile-de-france","16":"tag-news","17":"tag-paris","18":"tag-republique-francaise"},"share_on_mastodon":{"url":"https:\/\/pubeurope.com\/@fr\/114430893583121374","error":""},"_links":{"self":[{"href":"https:\/\/www.europesays.com\/fr\/wp-json\/wp\/v2\/posts\/66137","targetHints":{"allow":["GET"]}}],"collection":[{"href":"https:\/\/www.europesays.com\/fr\/wp-json\/wp\/v2\/posts"}],"about":[{"href":"https:\/\/www.europesays.com\/fr\/wp-json\/wp\/v2\/types\/post"}],"author":[{"embeddable":true,"href":"https:\/\/www.europesays.com\/fr\/wp-json\/wp\/v2\/users\/2"}],"replies":[{"embeddable":true,"href":"https:\/\/www.europesays.com\/fr\/wp-json\/wp\/v2\/comments?post=66137"}],"version-history":[{"count":0,"href":"https:\/\/www.europesays.com\/fr\/wp-json\/wp\/v2\/posts\/66137\/revisions"}],"wp:featuredmedia":[{"embeddable":true,"href":"https:\/\/www.europesays.com\/fr\/wp-json\/wp\/v2\/media\/66138"}],"wp:attachment":[{"href":"https:\/\/www.europesays.com\/fr\/wp-json\/wp\/v2\/media?parent=66137"}],"wp:term":[{"taxonomy":"category","embeddable":true,"href":"https:\/\/www.europesays.com\/fr\/wp-json\/wp\/v2\/categories?post=66137"},{"taxonomy":"post_tag","embeddable":true,"href":"https:\/\/www.europesays.com\/fr\/wp-json\/wp\/v2\/tags?post=66137"}],"curies":[{"name":"wp","href":"https:\/\/api.w.org\/{rel}","templated":true}]}}