{"id":661370,"date":"2026-01-13T20:24:10","date_gmt":"2026-01-13T20:24:10","guid":{"rendered":"https:\/\/www.europesays.com\/fr\/661370\/"},"modified":"2026-01-13T20:24:10","modified_gmt":"2026-01-13T20:24:10","slug":"la-halle-tropisme-se-transforme-en-jungle-urbaine","status":"publish","type":"post","link":"https:\/\/www.europesays.com\/fr\/661370\/","title":{"rendered":"La Halle Tropisme se transforme en jungle urbaine"},"content":{"rendered":"<p>\t\t\t\t\t\t\t\tLe concept : La nature accessible \u00e0 tous<\/p>\n<p data-path-to-node=\"3\">Pour bien d\u00e9buter l\u2019ann\u00e9e, la c\u00e9l\u00e8bre enseigne investit la <b data-path-to-node=\"3\" data-index-in-node=\"170\">Halle Tropisme<\/b> le temps d\u2019un week-end prolong\u00e9 pour une Grande Vente de Plantes \u00e0 prix mini.<\/p>\n<p data-path-to-node=\"5\">Depuis 2017, Plantes Pour Tous s\u2019est donn\u00e9 pour mission de d\u00e9mocratiser l\u2019acc\u00e8s aux plantes. Fond\u00e9 par des paysagistes-urbanistes passionn\u00e9s, le concept repose sur un circuit court : des plantes d\u00e9nich\u00e9es directement chez des producteurs europ\u00e9ens engag\u00e9s dans une d\u00e9marche durable (gestion de l\u2019eau, \u00e9nergie, r\u00e9duction des d\u00e9chets).<\/p>\n<p data-path-to-node=\"6\">R\u00e9sultat ? Une fra\u00eecheur imbattable et, surtout, des prix tr\u00e8s doux qui d\u00e9butent \u00e0 <b data-path-to-node=\"6\" data-index-in-node=\"83\">0,99 \u20ac<\/b>.<\/p>\n<p>Ce qui vous attend \u00e0 la Halle Tropisme<\/p>\n<p data-path-to-node=\"8\">Que vous soyez un expert en botanique ou un d\u00e9butant redoutant de faire mourir son premier cactus, vous trouverez forc\u00e9ment votre bonheur parmi plus de <b data-path-to-node=\"8\" data-index-in-node=\"152\">150 vari\u00e9t\u00e9s<\/b> :<\/p>\n<ul data-path-to-node=\"9\">\n<li>\n<p data-path-to-node=\"9,0,0\"><b data-path-to-node=\"9,0,0\" data-index-in-node=\"0\">Les incontournables :<\/b> Monstera, Pilea, Ficus et Calathea pour pimper votre salon.<\/p>\n<\/li>\n<li>\n<p data-path-to-node=\"9,1,0\"><b data-path-to-node=\"9,1,0\" data-index-in-node=\"0\">Les formats g\u00e9ants :<\/b> Des grandes plantes pour transformer votre int\u00e9rieur en v\u00e9ritable jungle.<\/p>\n<\/li>\n<li>\n<p data-path-to-node=\"9,2,0\"><b data-path-to-node=\"9,2,0\" data-index-in-node=\"0\">L\u2019offre anti-gaspi :<\/b> Un chariot d\u00e9di\u00e9 aux plantes \u00ab\u00a0en qu\u00eate d\u2019amour\u00a0\u00bb avec des r\u00e9ductions allant jusqu\u2019\u00e0 <b data-path-to-node=\"9,2,0\" data-index-in-node=\"104\">-50%<\/b>.<\/p>\n<\/li>\n<li>\n<p data-path-to-node=\"9,3,0\"><b data-path-to-node=\"9,3,0\" data-index-in-node=\"0\">L\u2019essentiel d\u00e9co :<\/b> Terreau, pots et cache-pots pour personnaliser votre nouvelle acquisition.<\/p>\n<\/li>\n<\/ul>\n<p>Une exp\u00e9rience de shopping fluide et experte<\/p>\n<p data-path-to-node=\"11\">Oubliez la cohue des jardineries classiques. Ici, le parcours est pens\u00e9 pour \u00eatre agr\u00e9able :<\/p>\n<ol start=\"1\" data-path-to-node=\"12\">\n<li>\n<p data-path-to-node=\"12,0,0\"><b data-path-to-node=\"12,0,0\" data-index-in-node=\"0\">Classement par cat\u00e9gorie :<\/b> Trouvez facilement ce que vous cherchez.<\/p>\n<\/li>\n<li>\n<p data-path-to-node=\"12,1,0\"><b data-path-to-node=\"12,1,0\" data-index-in-node=\"0\">Conseils d\u2019experts :<\/b> Une \u00e9quipe de \u00ab\u00a0Plant Lovers\u00a0\u00bb sera sur place pour r\u00e9pondre \u00e0 vos questions.<\/p>\n<\/li>\n<li>\n<p data-path-to-node=\"12,2,0\"><b data-path-to-node=\"12,2,0\" data-index-in-node=\"0\">Fiches d\u2019entretien :<\/b> Des QR codes sont dispos\u00e9s tout au long du parcours pour que vous repartiez avec toutes les cl\u00e9s du succ\u00e8s.<\/p>\n<\/li>\n<\/ol>\n<blockquote data-path-to-node=\"13\">\n<p data-path-to-node=\"13,0\"><b data-path-to-node=\"13,0\" data-index-in-node=\"0\">Le petit conseil en plus :<\/b> Pour \u00e9viter l\u2019attente et garantir la fluidit\u00e9, pensez \u00e0 r\u00e9server votre cr\u00e9neau gratuitement sur la <a class=\"ng-star-inserted\" href=\"https:\/\/grande-vente-de-plantes-montpellier.eventbrite.fr\/\" target=\"_blank\" rel=\"noopener\">billetterie en ligne<\/a>.<\/p>\n<\/blockquote>\n<ul data-path-to-node=\"16\">\n<li>\n<p data-path-to-node=\"16,0,0\"><b data-path-to-node=\"16,0,0\" data-index-in-node=\"0\">O\u00f9 ?<\/b> Halle Tropisme au 121 rue Fontcouverte \u00e0 \u00a0Montpellier.<\/p>\n<\/li>\n<li>\n<p data-path-to-node=\"16,1,0\"><b data-path-to-node=\"16,1,0\" data-index-in-node=\"0\">Quand ?<\/b> Vendredi 6 et samedi 7 f\u00e9vrier : 9h \u2013 19h Samedi 7 f\u00e9vrier : 9h \u2013 19h et dimanche 8 f\u00e9vrier : 10h \u2013 17h<\/p>\n<\/li>\n<li>\n<p data-path-to-node=\"16,2,0\"><b data-path-to-node=\"16,2,0\" data-index-in-node=\"0\">Combien ?<\/b> Entr\u00e9e gratuite<\/p>\n<\/li>\n<\/ul>\n<blockquote class=\"instagram-media\" style=\"background: #FFF; border: 0; border-radius: 3px; box-shadow: 0 0 1px 0 rgba(0,0,0,0.5),0 1px 10px 0 rgba(0,0,0,0.15); margin: 1px; max-width: 540px; min-width: 326px; padding: 0; width: calc(100% - 2px);\" data-instgrm-captioned=\"\" data-instgrm-permalink=\"https:\/\/www.instagram.com\/reel\/DTarRxUAkEy\/?utm_source=ig_embed&amp;utm_campaign=loading\" data-instgrm-version=\"14\">\n<\/blockquote>\n<p>\t\t\t\t\t\t\t\t\t\t\t\t\t\t\t<script async src=\"\/\/www.instagram.com\/embed.js\"><\/script><\/p>\n","protected":false},"excerpt":{"rendered":"Le concept : La nature accessible \u00e0 tous Pour bien d\u00e9buter l\u2019ann\u00e9e, la c\u00e9l\u00e8bre enseigne investit la Halle&hellip;\n","protected":false},"author":2,"featured_media":661371,"comment_status":"","ping_status":"","sticky":false,"template":"","format":"standard","meta":{"footnotes":""},"categories":[9599],"tags":[1111,11,1777,674,1011,27,2208,12,2680,25],"class_list":{"0":"post-661370","1":"post","2":"type-post","3":"status-publish","4":"format-standard","5":"has-post-thumbnail","7":"category-montpellier","8":"tag-actu","9":"tag-actualites","10":"tag-eu","11":"tag-europe","12":"tag-fr","13":"tag-france","14":"tag-montpellier","15":"tag-news","16":"tag-occitanie","17":"tag-republique-francaise"},"share_on_mastodon":{"url":"https:\/\/pubeurope.com\/@fr\/115889665774347088","error":""},"_links":{"self":[{"href":"https:\/\/www.europesays.com\/fr\/wp-json\/wp\/v2\/posts\/661370","targetHints":{"allow":["GET"]}}],"collection":[{"href":"https:\/\/www.europesays.com\/fr\/wp-json\/wp\/v2\/posts"}],"about":[{"href":"https:\/\/www.europesays.com\/fr\/wp-json\/wp\/v2\/types\/post"}],"author":[{"embeddable":true,"href":"https:\/\/www.europesays.com\/fr\/wp-json\/wp\/v2\/users\/2"}],"replies":[{"embeddable":true,"href":"https:\/\/www.europesays.com\/fr\/wp-json\/wp\/v2\/comments?post=661370"}],"version-history":[{"count":0,"href":"https:\/\/www.europesays.com\/fr\/wp-json\/wp\/v2\/posts\/661370\/revisions"}],"wp:featuredmedia":[{"embeddable":true,"href":"https:\/\/www.europesays.com\/fr\/wp-json\/wp\/v2\/media\/661371"}],"wp:attachment":[{"href":"https:\/\/www.europesays.com\/fr\/wp-json\/wp\/v2\/media?parent=661370"}],"wp:term":[{"taxonomy":"category","embeddable":true,"href":"https:\/\/www.europesays.com\/fr\/wp-json\/wp\/v2\/categories?post=661370"},{"taxonomy":"post_tag","embeddable":true,"href":"https:\/\/www.europesays.com\/fr\/wp-json\/wp\/v2\/tags?post=661370"}],"curies":[{"name":"wp","href":"https:\/\/api.w.org\/{rel}","templated":true}]}}