{"id":661374,"date":"2026-01-13T20:26:12","date_gmt":"2026-01-13T20:26:12","guid":{"rendered":"https:\/\/www.europesays.com\/fr\/661374\/"},"modified":"2026-01-13T20:26:12","modified_gmt":"2026-01-13T20:26:12","slug":"normandie-les-passagers-de-ces-villes-normandes-sont-les-plus-sympas-de-france-decouvrez-lesquelles","status":"publish","type":"post","link":"https:\/\/www.europesays.com\/fr\/661374\/","title":{"rendered":"Normandie. Les passagers de ces villes normandes sont les plus sympas de France\u00a0: d\u00e9couvrez lesquelles\u00a0!"},"content":{"rendered":"<p melodystyle=\"texte\" data-end=\"553\">Bonne nouvelle. Malgr\u00e9 les embouteillages, le temps parfois maussade, les Normands figurent parmi les personnes les plus agr\u00e9ables \u00e0 voyager. C&rsquo;est la <a href=\"https:\/\/www.tendanceouest.com\/actualite-432443-commerce-trois-nouvelles-villes-de-seine-maritime-accueillent-uber-eats-la-liste-des-partenaires-devoilee\" target=\"_blank\" rel=\"noopener\">plateforme Uber<\/a> qui l&rsquo;affirme. La soci\u00e9t\u00e9 de transport a d\u00e9voil\u00e9 mardi 13\u00a0janvier un classement des passagers les plus polis durant un trajet. Clients et conducteurs peuvent s&rsquo;attribuer des notes de 1 \u00e0 5 apr\u00e8s chaque <a href=\"https:\/\/www.tendanceouest.com\/actualite-429977-rouen-fini-les-allers-retours-pour-les-parents-uber-lance-son-service-special-ado-voila-comment-ca-marche\" target=\"_blank\" rel=\"noopener\">voyage en Uber<\/a>. \u00ab\u00a0Les notes sont anonymes. Les passagers et les chauffeurs ne savent pas qui fait l&rsquo;appr\u00e9ciation d&rsquo;un trajet ou d&rsquo;une personne en particulier\u00a0\u00bb, pr\u00e9cise l&rsquo;entreprise.<\/p>\n<p>Une note moyenne de 4,97 sur 5<\/p>\n<p melodystyle=\"texte\" data-end=\"1264\">R\u00e9sultat, <a href=\"https:\/\/www.tendanceouest.com\/actualite-434804-manche-cette-ville-du-cotentin-gagne-des-habitants-pour-la-quatrieme-annee-de-suite\" target=\"_blank\" rel=\"noopener\">les habitants de Cherbourg<\/a> sont \u00e0 la deuxi\u00e8me place des passagers les plus polis de France\u00a0! Les r\u00e9sidents du Cotentin ont obtenu la note moyenne de 4,97\/5. Un excellent score partag\u00e9 avec les villes de Troyes, Lorient, Avignon, Poitiers et Besan\u00e7on. Seuls les passagers provenant de Saint-Quentin dans l&rsquo;Aisne ont un meilleur score (4,98\/5). Une autre ville de Normandie fait aussi partie du classement\u00a0: Rouen. La ville de Seine-Maritime est en cinqui\u00e8me position avec une note de 4,93\/5. Quel est le secret derri\u00e8re ces bonnes notes\u00a0? Juste des r\u00e8gles simples que recommande la plateforme\u00a0: respect du chauffeur, ne pas claquer les portes, \u00eatre \u00e0 l&rsquo;heure et \u00e9viter de boire et de manger dans le v\u00e9hicule.<\/p>\n<p>Les Parisiens en bas du classement<\/p>\n<p melodystyle=\"texte\" data-end=\"1712\" data-is-only-node=\"\">Sans grande surprise, les passagers les plus malpolis viennent de\u2026 Paris. Les r\u00e9sidents de la capitale sont not\u00e9s en moyenne 4,85\/5. C&rsquo;est la pire note du classement, au m\u00eame niveau que Grenoble. Mais rien n&rsquo;est perdu. De mani\u00e8re g\u00e9n\u00e9rale, les passagers fran\u00e7ais s&rsquo;am\u00e9liorent en voiture. Le score de politesse est pass\u00e9 de 4,86 l&rsquo;an pass\u00e9 \u00e0 4,89 en 2026. C&rsquo;est toujours plus que les <a href=\"https:\/\/www.tendanceouest.com\/actualite-435250-tourisme-58-paquebots-ont-debarque-a-cherbourg-en-2025-decouvrez-leur-nombre-en-2026\" target=\"_blank\" rel=\"noopener\">touristes \u00e9trangers<\/a>, dont le score est de 4,84\/5 en moyenne.<\/p>\n","protected":false},"excerpt":{"rendered":"Bonne nouvelle. Malgr\u00e9 les embouteillages, le temps parfois maussade, les Normands figurent parmi les personnes les plus agr\u00e9ables&hellip;\n","protected":false},"author":2,"featured_media":661375,"comment_status":"","ping_status":"","sticky":false,"template":"","format":"standard","meta":{"footnotes":""},"categories":[9587],"tags":[1111,11,1777,674,1011,27,12,5161,25,9590],"class_list":{"0":"post-661374","1":"post","2":"type-post","3":"status-publish","4":"format-standard","5":"has-post-thumbnail","7":"category-rouen","8":"tag-actu","9":"tag-actualites","10":"tag-eu","11":"tag-europe","12":"tag-fr","13":"tag-france","14":"tag-news","15":"tag-normandie","16":"tag-republique-francaise","17":"tag-rouen"},"share_on_mastodon":{"url":"https:\/\/pubeurope.com\/@fr\/115889673612425474","error":""},"_links":{"self":[{"href":"https:\/\/www.europesays.com\/fr\/wp-json\/wp\/v2\/posts\/661374","targetHints":{"allow":["GET"]}}],"collection":[{"href":"https:\/\/www.europesays.com\/fr\/wp-json\/wp\/v2\/posts"}],"about":[{"href":"https:\/\/www.europesays.com\/fr\/wp-json\/wp\/v2\/types\/post"}],"author":[{"embeddable":true,"href":"https:\/\/www.europesays.com\/fr\/wp-json\/wp\/v2\/users\/2"}],"replies":[{"embeddable":true,"href":"https:\/\/www.europesays.com\/fr\/wp-json\/wp\/v2\/comments?post=661374"}],"version-history":[{"count":0,"href":"https:\/\/www.europesays.com\/fr\/wp-json\/wp\/v2\/posts\/661374\/revisions"}],"wp:featuredmedia":[{"embeddable":true,"href":"https:\/\/www.europesays.com\/fr\/wp-json\/wp\/v2\/media\/661375"}],"wp:attachment":[{"href":"https:\/\/www.europesays.com\/fr\/wp-json\/wp\/v2\/media?parent=661374"}],"wp:term":[{"taxonomy":"category","embeddable":true,"href":"https:\/\/www.europesays.com\/fr\/wp-json\/wp\/v2\/categories?post=661374"},{"taxonomy":"post_tag","embeddable":true,"href":"https:\/\/www.europesays.com\/fr\/wp-json\/wp\/v2\/tags?post=661374"}],"curies":[{"name":"wp","href":"https:\/\/api.w.org\/{rel}","templated":true}]}}