{"id":661376,"date":"2026-01-13T20:27:17","date_gmt":"2026-01-13T20:27:17","guid":{"rendered":"https:\/\/www.europesays.com\/fr\/661376\/"},"modified":"2026-01-13T20:27:17","modified_gmt":"2026-01-13T20:27:17","slug":"rouen-un-chauffeur-de-teor-fait-un-malaise-les-secours-interviennent","status":"publish","type":"post","link":"https:\/\/www.europesays.com\/fr\/661376\/","title":{"rendered":"Rouen. Un chauffeur de Teor fait un malaise, les secours interviennent"},"content":{"rendered":"<p melodystyle=\"texte\">Un conducteur de <a href=\"https:\/\/www.lecourriercauchois.fr\/actualite-391205-rouen-alcoolise-il-percute-un-bus-et-termine-sa-soiree-au-commissariat\" target=\"_blank\" rel=\"noopener\">bus Teor<\/a> a \u00e9t\u00e9 pris en charge par les secours ce mardi 13 janvier, apr\u00e8s avoir fait un <a href=\"https:\/\/www.lecourriercauchois.fr\/actualite-391289-faits-divers-l-helicoptere-dragon-76-envoye-pour-secourir-une-bolbecaise\" target=\"_blank\" rel=\"noopener\">malaise<\/a> \u00e0 l&rsquo;arr\u00eat Kindarena \u00e0 Rouen.<\/p>\n<p>Aucune fuite relev\u00e9e<\/p>\n<p melodystyle=\"texte\">A leur arriv\u00e9e sur les lieux \u00e0 17h, l&rsquo;homme a indiqu\u00e9 avoir senti une odeur de gasoil dans un bus et avoir perdu connaissance. Il a \u00e9t\u00e9 pris en charge et envoy\u00e9 \u00e0 l&rsquo;h\u00f4pital pour un examen compl\u00e9mentaire. Apr\u00e8s reconnaissance, les sapeurs-pompiers n&rsquo;ont rien relev\u00e9 de particulier.<\/p>\n<p melodystyle=\"texte\">L&rsquo;intervention s&rsquo;est termin\u00e9e \u00e0 17h50.<\/p>\n","protected":false},"excerpt":{"rendered":"Un conducteur de bus Teor a \u00e9t\u00e9 pris en charge par les secours ce mardi 13 janvier, apr\u00e8s&hellip;\n","protected":false},"author":2,"featured_media":661377,"comment_status":"","ping_status":"","sticky":false,"template":"","format":"standard","meta":{"footnotes":""},"categories":[9587],"tags":[1111,11,1777,674,1011,27,12,5161,25,9590],"class_list":{"0":"post-661376","1":"post","2":"type-post","3":"status-publish","4":"format-standard","5":"has-post-thumbnail","7":"category-rouen","8":"tag-actu","9":"tag-actualites","10":"tag-eu","11":"tag-europe","12":"tag-fr","13":"tag-france","14":"tag-news","15":"tag-normandie","16":"tag-republique-francaise","17":"tag-rouen"},"share_on_mastodon":{"url":"https:\/\/pubeurope.com\/@fr\/115889678232175870","error":""},"_links":{"self":[{"href":"https:\/\/www.europesays.com\/fr\/wp-json\/wp\/v2\/posts\/661376","targetHints":{"allow":["GET"]}}],"collection":[{"href":"https:\/\/www.europesays.com\/fr\/wp-json\/wp\/v2\/posts"}],"about":[{"href":"https:\/\/www.europesays.com\/fr\/wp-json\/wp\/v2\/types\/post"}],"author":[{"embeddable":true,"href":"https:\/\/www.europesays.com\/fr\/wp-json\/wp\/v2\/users\/2"}],"replies":[{"embeddable":true,"href":"https:\/\/www.europesays.com\/fr\/wp-json\/wp\/v2\/comments?post=661376"}],"version-history":[{"count":0,"href":"https:\/\/www.europesays.com\/fr\/wp-json\/wp\/v2\/posts\/661376\/revisions"}],"wp:featuredmedia":[{"embeddable":true,"href":"https:\/\/www.europesays.com\/fr\/wp-json\/wp\/v2\/media\/661377"}],"wp:attachment":[{"href":"https:\/\/www.europesays.com\/fr\/wp-json\/wp\/v2\/media?parent=661376"}],"wp:term":[{"taxonomy":"category","embeddable":true,"href":"https:\/\/www.europesays.com\/fr\/wp-json\/wp\/v2\/categories?post=661376"},{"taxonomy":"post_tag","embeddable":true,"href":"https:\/\/www.europesays.com\/fr\/wp-json\/wp\/v2\/tags?post=661376"}],"curies":[{"name":"wp","href":"https:\/\/api.w.org\/{rel}","templated":true}]}}