{"id":661386,"date":"2026-01-13T20:32:11","date_gmt":"2026-01-13T20:32:11","guid":{"rendered":"https:\/\/www.europesays.com\/fr\/661386\/"},"modified":"2026-01-13T20:32:11","modified_gmt":"2026-01-13T20:32:11","slug":"municipales-2026-conseil-municipal-mini-a-schiltigheim-appel-a-la-fusion-a-strasbourg","status":"publish","type":"post","link":"https:\/\/www.europesays.com\/fr\/661386\/","title":{"rendered":"Municipales 2026. Conseil municipal mini \u00e0 Schiltigheim, appel \u00e0 la fusion \u00e0 Strasbourg&#8230;"},"content":{"rendered":"<p class=\"insetTitle\">\u00c0 Strasbourg, un appel aux b\u00e9n\u00e9voles pour la tenue des bureaux de vote<\/p>\n<p>\u00c0 l\u2019approche des \u00e9lections municipales des 15 et 22\u00a0mars, la Ville de Strasbourg lance un appel aux b\u00e9n\u00e9voles souhaitant s\u2019engager dans le bon d\u00e9roulement du scrutin en participant au fonctionnement des bureaux de vote.<\/p>\n<p>Les b\u00e9n\u00e9voles pourront notamment exercer la fonction d\u2019assesseur dans l\u2019un des 149 bureaux de vote de la ville.<\/p>\n<p>Les assesseurs assistent le pr\u00e9sident du bureau de vote. Ils sont charg\u00e9s de v\u00e9rifier l\u2019identit\u00e9 des \u00e9lecteurs, de faire signer la liste d\u2019\u00e9margement, d\u2019assurer la r\u00e9gularit\u00e9 des op\u00e9rations de vote et de participer au d\u00e9pouillement des bulletins de vote. Pour \u00eatre assesseur lors des prochaines \u00e9lections, il faut remplir les conditions suivantes\u00a0:<br \/>&#8211; \u00catre inscrit sur les listes \u00e9lectorales strasbourgeoises\u00a0;<br \/>&#8211; Savoir lire et \u00e9crire\u00a0;<br \/>&#8211; \u00catre disponible le jour du scrutin.<\/p>\n<p>Pr\u00e9sents sur des plages horaires d\u00e9finies en concertation avec le pr\u00e9sident du bureau de vote, les assesseurs auront le temps n\u00e9cessaire pour effectuer leur devoir \u00e9lectoral dans leur bureau de vote.\u00a0Afin de permettre aux futurs membres des bureaux de vote d\u2019exercer leur mission dans les meilleures conditions, le bureau des \u00e9lections de la Ville de Strasbourg organisera en amont des s\u00e9ances de formation.<\/p>\n<p>Les citoyens int\u00e9ress\u00e9s peuvent s\u2019inscrire via le site Strasbourg.eu ou en contactant directement le service des \u00e9lections \u00e0 l\u2019adresse elections@ strasbourg.eu.<\/p>\n","protected":false},"excerpt":{"rendered":"\u00c0 Strasbourg, un appel aux b\u00e9n\u00e9voles pour la tenue des bureaux de vote \u00c0 l\u2019approche des \u00e9lections municipales&hellip;\n","protected":false},"author":2,"featured_media":661387,"comment_status":"","ping_status":"","sticky":false,"template":"","format":"standard","meta":{"footnotes":""},"categories":[2820],"tags":[1111,11,2880,5949,4188,1777,674,107,1011,27,775,12,316,25,640,2879],"class_list":{"0":"post-661386","1":"post","2":"type-post","3":"status-publish","4":"format-standard","5":"has-post-thumbnail","7":"category-strasbourg","8":"tag-actu","9":"tag-actualites","10":"tag-edition-strasbourg","11":"tag-elections","12":"tag-elections-municipales","13":"tag-eu","14":"tag-europe","15":"tag-fil-info","16":"tag-fr","17":"tag-france","18":"tag-grand-est","19":"tag-news","20":"tag-politique","21":"tag-republique-francaise","22":"tag-strasbourg","23":"tag-strasbourg-ville"},"share_on_mastodon":{"url":"https:\/\/pubeurope.com\/@fr\/115889697147486571","error":""},"_links":{"self":[{"href":"https:\/\/www.europesays.com\/fr\/wp-json\/wp\/v2\/posts\/661386","targetHints":{"allow":["GET"]}}],"collection":[{"href":"https:\/\/www.europesays.com\/fr\/wp-json\/wp\/v2\/posts"}],"about":[{"href":"https:\/\/www.europesays.com\/fr\/wp-json\/wp\/v2\/types\/post"}],"author":[{"embeddable":true,"href":"https:\/\/www.europesays.com\/fr\/wp-json\/wp\/v2\/users\/2"}],"replies":[{"embeddable":true,"href":"https:\/\/www.europesays.com\/fr\/wp-json\/wp\/v2\/comments?post=661386"}],"version-history":[{"count":0,"href":"https:\/\/www.europesays.com\/fr\/wp-json\/wp\/v2\/posts\/661386\/revisions"}],"wp:featuredmedia":[{"embeddable":true,"href":"https:\/\/www.europesays.com\/fr\/wp-json\/wp\/v2\/media\/661387"}],"wp:attachment":[{"href":"https:\/\/www.europesays.com\/fr\/wp-json\/wp\/v2\/media?parent=661386"}],"wp:term":[{"taxonomy":"category","embeddable":true,"href":"https:\/\/www.europesays.com\/fr\/wp-json\/wp\/v2\/categories?post=661386"},{"taxonomy":"post_tag","embeddable":true,"href":"https:\/\/www.europesays.com\/fr\/wp-json\/wp\/v2\/tags?post=661386"}],"curies":[{"name":"wp","href":"https:\/\/api.w.org\/{rel}","templated":true}]}}