{"id":661388,"date":"2026-01-13T20:33:12","date_gmt":"2026-01-13T20:33:12","guid":{"rendered":"https:\/\/www.europesays.com\/fr\/661388\/"},"modified":"2026-01-13T20:33:12","modified_gmt":"2026-01-13T20:33:12","slug":"strasbourg-la-mairie-et-le-parquet-sorganisent-pour-rappeler-a-lordre-les-habitants-non-respectueux","status":"publish","type":"post","link":"https:\/\/www.europesays.com\/fr\/661388\/","title":{"rendered":"Strasbourg\u00a0: la mairie et le parquet s&rsquo;organisent pour rappeler \u00e0 l&rsquo;ordre les habitants non respectueux"},"content":{"rendered":"<p>La procureure de la R\u00e9publique de Strasbourg, Clarisse Taron et la maire, Jeanne Barseghian ont sign\u00e9 ce 13 janvier 2026, une convention \u00ab\u00a0rappel \u00e0 l&rsquo;ordre\u00a0\u00bb. D\u00e9sormais, si une personne a un comportements inadapt\u00e9 mais non r\u00e9pr\u00e9hensible devant la justice, elle pourra \u00eatre convoqu\u00e9e \u00e0 la mairie.<\/p>\n<p>La mairie et le parquet de Strasbourg resserrent leur coop\u00e9ration pour mieux lutter contre les comportements inadapt\u00e9s. Une convention de \u00ab\u00a0rappel \u00e0 l&rsquo;ordre\u00a0\u00bb a \u00e9t\u00e9 sign\u00e9 le 13 janvier 2026 entre la maire,\u00a0Jeanne Barseghian, et la procureure de la R\u00e9publique,\u00a0Clarisse Taron. Elle d\u00e9finit concr\u00e8tement un droit de l&rsquo;\u00e9lu\u00a0: <strong>convoquer un habitant si il agit de fa\u00e7on inadapt\u00e9e, par exemple, s&rsquo;il provoque des incivilit\u00e9s qui ne tombent pas sous le coup de la loi.<\/strong> Ce dispositif vise principalement les mineurs et les jeunes adultes. Il permet une meilleure collaboration, avec l&rsquo;objectif de d\u00e9tecter plus rapidement les comportements ill\u00e9gaux.<\/p>\n<p>Une collaboration entre les services de la mairie et la Justice<\/p>\n<p>Les maires ne sont pas oblig\u00e9s de signer une convention avec le parquet pour pouvoir convoquer leurs habitants en cas de comportement irrespectueux, mais avec ce syst\u00e8me, <strong>les deux entit\u00e9s collaborent<\/strong>. Les services de la mairie de Strasbourg doivent d&rsquo;abord demander l&rsquo;autorisation \u00e0 la procureure de la R\u00e9publique, Clarisse Taron pour convoquer une personne.\u00a0 &lsquo;Il s&rsquo;agit \u00e9videmment pas de traiter de cette mani\u00e8re l\u00e0 des violences, des outrages, pr\u00e9cise Clarisse Taron, mais de traiter des nuisances, des chahuts, des incivilit\u00e9s qui peuvent aussi \u00eatre le signe d&rsquo;un comportement non respectueux des r\u00e8gles du vivre ensemble.\u00a0\u00bb Une fois que la procureure a donn\u00e9 son accord, le fautif est convoqu\u00e9 \u00e0 la mairie, avec ses parents s&rsquo;il est mineur.<\/p>\n<p>\u00c0 Strasbourg, il sera re\u00e7u par Nadia Zourgui, adjointe \u00e0 la maire en charge de la tranquillit\u00e9 publique, ainsi que l&rsquo;\u00e9lu responsable de la zone o\u00f9 s&rsquo;est produite l&rsquo;incivilit\u00e9. \u00ab\u00a0Le but ce n&rsquo;est pas de faire peur, explique Nadia Zourgui, c&rsquo;est vraiment de faire comprendre l&rsquo;importance de l&rsquo;acte. Faire comprendre \u00e0 l&rsquo;enfant que chaque acte qu&rsquo;il va commettre a un impact sur le reste, sur le concierge qui doit r\u00e9parer, par exemple quand il vient squatter une cour d&rsquo;\u00e9cole et qu&rsquo;il laisse des d\u00e9chets\u00a0\u00bb.\u00a0 <strong>Ces personnes \u00ab\u00a0victimes\u00a0\u00bb de l&rsquo;incivilit\u00e9 seront \u00e9galement invit\u00e9es lors de la convocation.<\/strong><\/p>\n<p>Pr\u00e9venir plut\u00f4t que punir<\/p>\n<p>\u00c0 l&rsquo;issue de cet entretien, aucune punition directe n&rsquo;est prise, mais il peut \u00e9ventuellement servir de signal d&rsquo;alerte, confirme la procureure de la R\u00e9publique, Clarisse Taron\u00a0: \u00ab\u00a0On peut avoir un jeune adolescent qui ne respecte plus rien et \u00e0 ce moment l\u00e0,\u00a0 on peut v\u00e9rifier s&rsquo;il y a une n\u00e9cessit\u00e9 de mettre en place un suivi \u00e9ducatif, par exemple. Ces \u00e9changes avec la mairie peuvent aussi d\u00e9boucher sur d&rsquo;autres saisine de l&rsquo;institution judiciaire\u00a0\u00bb, ajoute la procureure. <strong>L&rsquo;objectif reste avant tout de stopper un d\u00e9bordement de comportement avant qu&rsquo;il devienne ill\u00e9gal.<\/strong><\/p>\n<p>En effet, la mairie n&rsquo;a aucun pouvoir de punition, l&rsquo;id\u00e9e n&rsquo;est pas non plus de r\u00e9primander sur le plan moral, estime\u00a0Nadia Zourgui, adjointe \u00e0 la maire en charge de la tranquillit\u00e9 publique. \u00ab\u00a0Ce n&rsquo;est pas coercitif, explique-t-elle, c&rsquo;est vraiment expliquer les r\u00e8gles de vivre ensemble, de soci\u00e9t\u00e9, de ce qu&rsquo;on peut faire, ce qu&rsquo;on ne peut pas faire et faire comprendre \u00e0 l&rsquo;enfant que \u00e7a a un impact sur tout le reste de la communaut\u00e9. \u00c0 un moment donn\u00e9, on ne peut pas laisser faire. Ce n&rsquo;est pas pour tirer les oreilles, c&rsquo;est pour faire comprendre l&rsquo;impact de l&rsquo;acte\u00a0\u00bb. <strong>Le protocole pourra \u00eatre modifi\u00e9 au fur et \u00e0 mesure pour l&rsquo;affiner et un premier bilan chiffr\u00e9 est pr\u00e9vu en janvier 2027.<\/strong><\/p>\n<p>\u00c0 lire aussi   <img decoding=\"async\" src=\"https:\/\/www.europesays.com\/fr\/wp-content\/uploads\/2026\/01\/1768336392_998_400x400.jpeg\" alt=\"\" style=\"--_image-preview:url('data:image\/jpeg;base64,\/9j\/2wBDACgcHiMeGSgjISMtKygwPGRBPDc3PHtYXUlkkYCZlo+AjIqgtObDoKrarYqMyP\/L2u71\/\/\/\/m8H\/\/\/\/6\/+b9\/\/j\/2wBDASstLTw1PHZBQXb4pYyl+Pj4+Pj4+Pj4+Pj4+Pj4+Pj4+Pj4+Pj4+Pj4+Pj4+Pj4+Pj4+Pj4+Pj4+Pj4+Pj4+Pj\/wAARCAAXACoDASIAAhEBAxEB\/8QAGQAAAwEBAQAAAAAAAAAAAAAAAAIFBAMB\/8QAJBAAAgEDAwQDAQAAAAAAAAAAAQIAAxESEyExBBRRUiJBQnH\/xAAWAQEBAQAAAAAAAAAAAAAAAAACAQD\/xAAZEQEBAQEBAQAAAAAAAAAAAAAAARESMUH\/2gAMAwEAAhEDEQA\/AK78CQOsX5uQP1zLrsBTBJ2kPqKmWdvaG1Y0UaCKgqYgm09qgMgZRzEVmqU0S+33aJWc0hZeBN1F5sPgdMGGnM3eObAcQ7yp6xYjcXeoLsdvEm1mxY\/2EIPquo1MBibRcXNy5yhCTcJzK4Pl5jZLCEXov\/\/Z');\" loading=\"lazy\" fetchpriority=\"low\" aria-hidden=\"true\" class=\"svelte-1cksh76 rounded\" onload=\"this.__e=event\" onerror=\"this.__e=event\"\/><\/p>\n","protected":false},"excerpt":{"rendered":"La procureure de la R\u00e9publique de Strasbourg, Clarisse Taron et la maire, Jeanne Barseghian ont sign\u00e9 ce 13&hellip;\n","protected":false},"author":2,"featured_media":661389,"comment_status":"","ping_status":"","sticky":false,"template":"","format":"standard","meta":{"footnotes":""},"categories":[2820],"tags":[1111,11,1777,674,1011,27,775,12,25,640],"class_list":{"0":"post-661388","1":"post","2":"type-post","3":"status-publish","4":"format-standard","5":"has-post-thumbnail","7":"category-strasbourg","8":"tag-actu","9":"tag-actualites","10":"tag-eu","11":"tag-europe","12":"tag-fr","13":"tag-france","14":"tag-grand-est","15":"tag-news","16":"tag-republique-francaise","17":"tag-strasbourg"},"share_on_mastodon":{"url":"https:\/\/pubeurope.com\/@fr\/115889701252701949","error":""},"_links":{"self":[{"href":"https:\/\/www.europesays.com\/fr\/wp-json\/wp\/v2\/posts\/661388","targetHints":{"allow":["GET"]}}],"collection":[{"href":"https:\/\/www.europesays.com\/fr\/wp-json\/wp\/v2\/posts"}],"about":[{"href":"https:\/\/www.europesays.com\/fr\/wp-json\/wp\/v2\/types\/post"}],"author":[{"embeddable":true,"href":"https:\/\/www.europesays.com\/fr\/wp-json\/wp\/v2\/users\/2"}],"replies":[{"embeddable":true,"href":"https:\/\/www.europesays.com\/fr\/wp-json\/wp\/v2\/comments?post=661388"}],"version-history":[{"count":0,"href":"https:\/\/www.europesays.com\/fr\/wp-json\/wp\/v2\/posts\/661388\/revisions"}],"wp:featuredmedia":[{"embeddable":true,"href":"https:\/\/www.europesays.com\/fr\/wp-json\/wp\/v2\/media\/661389"}],"wp:attachment":[{"href":"https:\/\/www.europesays.com\/fr\/wp-json\/wp\/v2\/media?parent=661388"}],"wp:term":[{"taxonomy":"category","embeddable":true,"href":"https:\/\/www.europesays.com\/fr\/wp-json\/wp\/v2\/categories?post=661388"},{"taxonomy":"post_tag","embeddable":true,"href":"https:\/\/www.europesays.com\/fr\/wp-json\/wp\/v2\/tags?post=661388"}],"curies":[{"name":"wp","href":"https:\/\/api.w.org\/{rel}","templated":true}]}}