{"id":661392,"date":"2026-01-13T20:36:21","date_gmt":"2026-01-13T20:36:21","guid":{"rendered":"https:\/\/www.europesays.com\/fr\/661392\/"},"modified":"2026-01-13T20:36:21","modified_gmt":"2026-01-13T20:36:21","slug":"vente-et-usage-de-protoxyde-dazote-comment-ces-communes-de-loire-atlantique-ont-decide-de","status":"publish","type":"post","link":"https:\/\/www.europesays.com\/fr\/661392\/","title":{"rendered":"Vente et usage de protoxyde d\u2019azote\u00a0: comment ces communes de Loire-Atlantique ont d\u00e9cid\u00e9 de"},"content":{"rendered":"<tr wp_automatic_readability=\"2.9426751592357\">\n<td valign=\"middle\" align=\"center\" class=\"col-logo\">\n    <img decoding=\"async\" src=\"https:\/\/www.europesays.com\/fr\/wp-content\/uploads\/2025\/04\/presse-ocean.gif\" alt=\"logo Presse-Oc\u00e9an\" height=\"66\"\/><\/p>\n<\/td>\n<td class=\"col-titre\">\n\t\t\tMardi 13 janvier 2026 16:25<br \/>\n\t\t\t<a class=\"icon-bulle sizeL count\" href=\"#ancreAvis\"><br \/>\n\t&#8230;<br \/>\n<\/a><\/td>\n<\/tr>\n<p>\t\t<a class=\"mavillebox2 elmt-photo\" href=\"https:\/\/maville.com\/photosmvi\/2026\/01\/13\/P35686884D7142612G.jpg\" title=\" Le gaz des capsules est transf\u00e9r\u00e9 dans des ballons avant d\u2019\u00eatre inhal\u00e9 par bouff\u00e9es.  \u00a9  Photo d\u2019illustration archives PO-RB  \" rel=\"galerie_actu noopener\" target=\"_blank\"><br \/>\n\t<img decoding=\"async\" src=\"https:\/\/www.europesays.com\/fr\/wp-content\/uploads\/2026\/01\/P35686884D7142612G_crop_640-330_.jpg\" alt=\"photo  le gaz des capsules est transf\u00e9r\u00e9 dans des ballons avant d\u2019\u00eatre inhal\u00e9 par bouff\u00e9es.  \u00a9  photo d\u2019illustration archives po-rb \"\/><br \/>\n\t1<br \/>\n<\/a><\/p>\n<p class=\"elmt-legende\"> Le gaz des capsules est transf\u00e9r\u00e9 dans des ballons avant d\u2019\u00eatre inhal\u00e9 par bouff\u00e9es.  \u00a9  Photo d\u2019illustration archives PO-RB  <\/p>\n<p>\t\tQuand bien m\u00eame il n\u2019a pas constat\u00e9 un usage r\u00e9cr\u00e9atif du produit dans la commune, le maire de Pornichet Jean-Claude Pelleteur pr\u00e9f\u00e8re \u00ab\u00a0prendre les devants\u00a0\u00bb. Basse-Goulaine, La Baule, Nantes&#8230; ont aussi pris des mesures contre\u00a0ce gaz de protoxyde d\u2019azote, dit gaz hilarant.<\/p>\n<p><b>Cet article est r\u00e9serv\u00e9 aux abonn\u00e9s<\/b><\/p>\n<p>Pour un acc\u00e8s imm\u00e9diat, abonnez-vous<\/p>\n<p><b>1\u00e8re semaine offerte<\/b><\/p>\n<p>\t\t Marina CESSA. \u00a0\u00a0<br \/>\n\t\tPresse-Oc\u00e9an<\/p>\n<p>Retrouvez d&rsquo;autres actus sur les communes de :<\/p>\n<p>\t\t&#13;<\/p>\n","protected":false},"excerpt":{"rendered":"Mardi 13 janvier 2026 16:25 &#8230; 1 Le gaz des capsules est transf\u00e9r\u00e9 dans des ballons avant d\u2019\u00eatre&hellip;\n","protected":false},"author":2,"featured_media":661393,"comment_status":"","ping_status":"","sticky":false,"template":"","format":"standard","meta":{"footnotes":""},"categories":[2818],"tags":[1111,11,42188,1674,24684,1777,674,1011,27,3047,766,12,2636,4571,42187,25,39469,4100],"class_list":{"0":"post-661392","1":"post","2":"type-post","3":"status-publish","4":"format-standard","5":"has-post-thumbnail","7":"category-nantes","8":"tag-actu","9":"tag-actualites","10":"tag-azote","11":"tag-communes","12":"tag-decide","13":"tag-eu","14":"tag-europe","15":"tag-fr","16":"tag-france","17":"tag-loire-atlantique","18":"tag-nantes","19":"tag-news","20":"tag-pays-de-la-loire","21":"tag-prendre","22":"tag-protoxyde","23":"tag-republique-francaise","24":"tag-usage","25":"tag-vente"},"share_on_mastodon":{"url":"https:\/\/pubeurope.com\/@fr\/115889713119143928","error":""},"_links":{"self":[{"href":"https:\/\/www.europesays.com\/fr\/wp-json\/wp\/v2\/posts\/661392","targetHints":{"allow":["GET"]}}],"collection":[{"href":"https:\/\/www.europesays.com\/fr\/wp-json\/wp\/v2\/posts"}],"about":[{"href":"https:\/\/www.europesays.com\/fr\/wp-json\/wp\/v2\/types\/post"}],"author":[{"embeddable":true,"href":"https:\/\/www.europesays.com\/fr\/wp-json\/wp\/v2\/users\/2"}],"replies":[{"embeddable":true,"href":"https:\/\/www.europesays.com\/fr\/wp-json\/wp\/v2\/comments?post=661392"}],"version-history":[{"count":0,"href":"https:\/\/www.europesays.com\/fr\/wp-json\/wp\/v2\/posts\/661392\/revisions"}],"wp:featuredmedia":[{"embeddable":true,"href":"https:\/\/www.europesays.com\/fr\/wp-json\/wp\/v2\/media\/661393"}],"wp:attachment":[{"href":"https:\/\/www.europesays.com\/fr\/wp-json\/wp\/v2\/media?parent=661392"}],"wp:term":[{"taxonomy":"category","embeddable":true,"href":"https:\/\/www.europesays.com\/fr\/wp-json\/wp\/v2\/categories?post=661392"},{"taxonomy":"post_tag","embeddable":true,"href":"https:\/\/www.europesays.com\/fr\/wp-json\/wp\/v2\/tags?post=661392"}],"curies":[{"name":"wp","href":"https:\/\/api.w.org\/{rel}","templated":true}]}}