{"id":661394,"date":"2026-01-13T20:37:20","date_gmt":"2026-01-13T20:37:20","guid":{"rendered":"https:\/\/www.europesays.com\/fr\/661394\/"},"modified":"2026-01-13T20:37:20","modified_gmt":"2026-01-13T20:37:20","slug":"quelles-sont-selon-vous-les-priorites-du-prochain-maire","status":"publish","type":"post","link":"https:\/\/www.europesays.com\/fr\/661394\/","title":{"rendered":"quelles sont selon vous les priorit\u00e9s du prochain maire\u00a0?"},"content":{"rendered":"<p>                    Par<br \/>\n        <strong><br \/>\n            <a href=\"https:\/\/actu.fr\/auteur\/thomas-bernard\" title=\"Consulter tous les articles de Thomas Bernard\" target=\"_blank\" rel=\"noopener\">Thomas Bernard<\/a><br \/>\n                    <\/strong><\/p>\n<p>        Publi\u00e9 le<\/p>\n<p>            13 janv. 2026 \u00e0 16h04        <\/p>\n<p>Dans quelques semaines, les Nantais seront appel\u00e9s aux urnes lors des <a href=\"https:\/\/actu.fr\/nantes\/elections-municipales\" target=\"_blank\" rel=\"noopener\">\u00e9lections municipales<\/a>, organis\u00e9es <b>les dimanches 15 et 22 mars 2026<\/b>. \u00c0 deux mois de ces \u00e9lections, la r\u00e9daction d\u2019<a href=\"https:\/\/actu.fr\/nantes\/\" target=\"_blank\" rel=\"noopener\">actu Nantes <\/a>vous propose, via cette consultation, de partager vos sujets de pr\u00e9occupation dans la cit\u00e9 des ducs de Bretagne pour ce scrutin.<\/p>\n<p>Municipales 2026 \u00e0 Nantes : quels sujets prioritaires pour les \u00e9lections ?\u00a0<\/p>\n<p class=\" wall-content\">Pour partager vos impressions, il suffit de s\u00e9lectionner les sujets qui vous semblent <b>les plus importants pour le prochain maire de Nantes<\/b>. N\u2019h\u00e9sitez pas \u00e0 ajouter vos propres id\u00e9es.\u00a0<\/p>\n<p class=\" wall-content\">Si le formulaire ne s\u2019affiche pas, <a href=\"https:\/\/docs.google.com\/forms\/d\/e\/1FAIpQLSenoJpd987CVxwE6_bdLfOY8o2-oCPaP1SngBycjfwAQ0bV7A\/viewform?embedded=true&amp;pli=1\" target=\"_blank\" rel=\"noopener\">cliquez ici<\/a>.\u00a0<\/p>\n<p>    <a href=\"https:\/\/docs.google.com\/forms\/d\/e\/1FAIpQLSenoJpd987CVxwE6_bdLfOY8o2-oCPaP1SngBycjfwAQ0bV7A\/viewform?embedded=true\" title=\"Ouvrie le lien\" target=\"_blank\" rel=\"noopener\">Cliquez ici pour visualiser le contenu<\/a><\/p>\n<p class=\" wall-content\">Personnalisez votre actualit\u00e9 en ajoutant vos villes et m\u00e9dias en favori avec <a href=\"https:\/\/moncompte.actu.fr\" title=\"D\u00e9couvez Mon Actu\" rel=\"nofollow noopener\" data-trk=\"{&quot;cta&quot;:{&quot;action&quot;:&quot;https:\\\/\\\/moncompte.actu.fr&quot;,&quot;category&quot;:&quot;mon compte&quot;,&quot;from&quot;:&quot;article footer&quot;,&quot;name&quot;:&quot;Mon actu&quot;,&quot;type&quot;:&quot;cta&quot;}}\" target=\"_blank\">Mon Actu<\/a>.<\/p>\n","protected":false},"excerpt":{"rendered":"Par Thomas Bernard Publi\u00e9 le 13 janv. 2026 \u00e0 16h04 Dans quelques semaines, les Nantais seront appel\u00e9s aux&hellip;\n","protected":false},"author":2,"featured_media":661395,"comment_status":"","ping_status":"","sticky":false,"template":"","format":"standard","meta":{"footnotes":""},"categories":[2818],"tags":[1111,11,4260,4188,1777,674,1011,27,3434,766,12,2636,316,25,11243],"class_list":{"0":"post-661394","1":"post","2":"type-post","3":"status-publish","4":"format-standard","5":"has-post-thumbnail","7":"category-nantes","8":"tag-actu","9":"tag-actualites","10":"tag-appel-a-temoins","11":"tag-elections-municipales","12":"tag-eu","13":"tag-europe","14":"tag-fr","15":"tag-france","16":"tag-municipales-2026","17":"tag-nantes","18":"tag-news","19":"tag-pays-de-la-loire","20":"tag-politique","21":"tag-republique-francaise","22":"tag-sondages"},"share_on_mastodon":{"url":"https:\/\/pubeurope.com\/@fr\/115889716854856796","error":""},"_links":{"self":[{"href":"https:\/\/www.europesays.com\/fr\/wp-json\/wp\/v2\/posts\/661394","targetHints":{"allow":["GET"]}}],"collection":[{"href":"https:\/\/www.europesays.com\/fr\/wp-json\/wp\/v2\/posts"}],"about":[{"href":"https:\/\/www.europesays.com\/fr\/wp-json\/wp\/v2\/types\/post"}],"author":[{"embeddable":true,"href":"https:\/\/www.europesays.com\/fr\/wp-json\/wp\/v2\/users\/2"}],"replies":[{"embeddable":true,"href":"https:\/\/www.europesays.com\/fr\/wp-json\/wp\/v2\/comments?post=661394"}],"version-history":[{"count":0,"href":"https:\/\/www.europesays.com\/fr\/wp-json\/wp\/v2\/posts\/661394\/revisions"}],"wp:featuredmedia":[{"embeddable":true,"href":"https:\/\/www.europesays.com\/fr\/wp-json\/wp\/v2\/media\/661395"}],"wp:attachment":[{"href":"https:\/\/www.europesays.com\/fr\/wp-json\/wp\/v2\/media?parent=661394"}],"wp:term":[{"taxonomy":"category","embeddable":true,"href":"https:\/\/www.europesays.com\/fr\/wp-json\/wp\/v2\/categories?post=661394"},{"taxonomy":"post_tag","embeddable":true,"href":"https:\/\/www.europesays.com\/fr\/wp-json\/wp\/v2\/tags?post=661394"}],"curies":[{"name":"wp","href":"https:\/\/api.w.org\/{rel}","templated":true}]}}