{"id":661396,"date":"2026-01-13T20:38:15","date_gmt":"2026-01-13T20:38:15","guid":{"rendered":"https:\/\/www.europesays.com\/fr\/661396\/"},"modified":"2026-01-13T20:38:15","modified_gmt":"2026-01-13T20:38:15","slug":"lancee-pour-stopper-le-harcelement-de-rue-a-bordeaux-son-application-est-finalement-jugee-illegale","status":"publish","type":"post","link":"https:\/\/www.europesays.com\/fr\/661396\/","title":{"rendered":"Lanc\u00e9e pour stopper le harc\u00e8lement de rue \u00e0 Bordeaux, son application est finalement jug\u00e9e ill\u00e9gale"},"content":{"rendered":"<p>                    Par<br \/>\n        <strong><br \/>\n            <a href=\"https:\/\/actu.fr\/auteur\/julian-doubax\" title=\"Consulter tous les articles de Julian Doubax\" target=\"_blank\" rel=\"noopener\">Julian Doubax<\/a><br \/>\n                    <\/strong><\/p>\n<p>        Publi\u00e9 le<\/p>\n<p>            13 janv. 2026 \u00e0 18h32        <\/p>\n<p>En septembre\u00a02025, S\u00e9bastien Lamour avait lanc\u00e9 <a href=\"https:\/\/actu.fr\/nouvelle-aquitaine\/bordeaux_33063\/j-aimerais-qu-elle-ne-fonctionne-pas-il-lance-une-application-pour-rentrer-en-securite-la-nuit-a-bordeaux_63137103.html\" target=\"_blank\" rel=\"noopener\">l\u2019application Safly<\/a> \u00e0 <a href=\"https:\/\/actu.fr\/bordeaux\/\" target=\"_blank\" rel=\"noopener\">Bordeaux<\/a>. Le but\u2009: cr\u00e9er un service de co-pi\u00e9tonnage pour \u00e9viter le <strong>harc\u00e8lement de rue<\/strong>. Mais quatre mois plus tard, le projet a fait pschitt. Mi-d\u00e9cembre, l\u2019entrepreneur bordelais a \u00e9t\u00e9 rattrap\u00e9 par le Conseil national des activit\u00e9s priv\u00e9es de s\u00e9curit\u00e9 (CNAPS) qui a jug\u00e9 son activit\u00e9 comme <strong>ill\u00e9gale<\/strong>. L\u2019application est donc suspendue mais son cr\u00e9ateur esp\u00e8re la <strong>revivre autrement<\/strong>.<\/p>\n<p>Un service de co-pi\u00e9tonnage<\/p>\n<p class=\" wall-content\">Peu apr\u00e8s le lancement de son application, S\u00e9bastien Lamour expliquait son projet aupr\u00e8s d\u2019<a href=\"https:\/\/actu.fr\/bordeaux\/\" target=\"_blank\" rel=\"noopener\">actu Bordeaux<\/a>. Il souhaitait d\u00e9velopper un <strong>outil<\/strong> pour agir contre le harc\u00e8lement de rue et les violences. Pour cela, il a con\u00e7u Safly. Concr\u00e8tement, la personne pouvait choisir la date et l\u2019horaire et un agent de s\u00e9curit\u00e9 venait effectuer l\u2019itin\u00e9raire demand\u00e9 avec elle pour \u00ab\u2009rentrer sereinement\u2009\u00bb. Pour un trajet, il fallait d\u00e9bourser<strong> 10\u00a0euros<\/strong> pour \u00eatre raccompagn\u00e9.<\/p>\n<p class=\" wall-content\">Un syst\u00e8me qui n\u2019avait pas \u00e9t\u00e9 bien accueilli par tous. \u00ab\u2009C\u2019est un service qui a fait <strong>d\u00e9bat<\/strong>. Il y a encore un gros <strong>c\u00f4t\u00e9 viriliste<\/strong> dans l\u2019initiative\u2009\u00bb, estimait Annie Carraretto, co-pr\u00e9sidente du Planning familial de la Gironde aupr\u00e8s de notre r\u00e9daction en septembre dernier.<\/p>\n<p>Une application jug\u00e9e ill\u00e9gale<\/p>\n<p class=\" wall-content\">En d\u00e9cembre, le couperet est alors <strong>tomb\u00e9<\/strong> pour le cr\u00e9ateur. Le r\u00e9gulateur des agents de s\u00e9curit\u00e9 lui a adress\u00e9 un courrier informant que son service \u00ab\u2009usurpait le r\u00f4le de garde rapproch\u00e9\u2009\u00bb. Par cons\u00e9quent, toute continuit\u00e9 de son activit\u00e9 l\u2019expose \u00e0 des<strong> poursuites l\u00e9gales.<\/strong><\/p>\n<p class=\" wall-content\">\u00ab\u2009Ce mod\u00e8le d\u2019accompagnateur a \u00e9t\u00e9 jug\u00e9 ill\u00e9gal car il pouvait \u00eatre compar\u00e9 \u00e0 une sorte de garde rapproch\u00e9e officieuse. Ce sont des agents de s\u00e9curit\u00e9 qui ont alert\u00e9 le CNAPS\u2009\u00bb, rapporte S\u00e9bastien Lamour ce mardi 13\u00a0janvier 2026. \u00ab\u2009Le syst\u00e8me de paiement posait aussi probl\u00e8me. Si certains trouvaient <strong>l\u2019id\u00e9e positive<\/strong>, d\u2019autres estimaient que cela faisait de la <strong>concurrence<\/strong>. Mais cela n\u2019est pas pertinent car ce march\u00e9 n\u2019existait pas.\u2009\u00bb<\/p>\n<p>Un \u00ab\u2009au revoir\u2009\u00bb mais pas un \u00ab\u2009adieu\u2009\u00bb<\/p>\n<p class=\" wall-content\">Si l\u2019application Safly est d\u00e8s \u00e0 pr\u00e9sent <strong>suspendue<\/strong>, le cr\u00e9ateur girondin ne compte pas s\u2019arr\u00eater l\u00e0. \u00ab\u2009C\u2019est un <strong>au revoir<\/strong> mais pas un adieu\u2009\u00bb, indique-t-il dans son message annon\u00e7ant la fin de cette aventure. \u00ab\u2009Je suis en cours de r\u00e9flexion pour m\u2019associer avec un autre cr\u00e9ateur pour trouver un autre concept de co-pi\u00e9tonnage.\u2009\u00bb<\/p>\n<p>Votre r\u00e9gion, votre actu !<\/p>\n<p>Recevez chaque jour les infos qui comptent pour vous.<\/p>\n<p>\t<a href=\"https:\/\/actu.fr\/newsletter\" class=\"ac-btn ac-btn--corner ac-btn--medium ac-btn--blue800\" target=\"_blank\" rel=\"noopener\">S&rsquo;incrire<\/a><\/p>\n<p class=\" wall-content\">Ce coup-ci, l\u2019homme de 28\u00a0ans souhaite s\u2019orienter vers une application \u00ab\u2009communautaire et s\u00e9curis\u00e9e\u2009\u00bb pour permettre aux citoyens de se raccompagner entre eux de fa\u00e7on volontaire et\u2026 <strong>gratuite<\/strong>.<\/p>\n<p class=\" wall-content\">Personnalisez votre actualit\u00e9 en ajoutant vos villes et m\u00e9dias en favori avec <a href=\"https:\/\/moncompte.actu.fr\" title=\"D\u00e9couvez Mon Actu\" rel=\"nofollow noopener\" data-trk=\"{&quot;cta&quot;:{&quot;action&quot;:&quot;https:\\\/\\\/moncompte.actu.fr&quot;,&quot;category&quot;:&quot;mon compte&quot;,&quot;from&quot;:&quot;article footer&quot;,&quot;name&quot;:&quot;Mon actu&quot;,&quot;type&quot;:&quot;cta&quot;}}\" target=\"_blank\">Mon Actu<\/a>.<\/p>\n","protected":false},"excerpt":{"rendered":"Par Julian Doubax Publi\u00e9 le 13 janv. 2026 \u00e0 18h32 En septembre\u00a02025, S\u00e9bastien Lamour avait lanc\u00e9 l\u2019application Safly&hellip;\n","protected":false},"author":2,"featured_media":661397,"comment_status":"","ping_status":"","sticky":false,"template":"","format":"standard","meta":{"footnotes":""},"categories":[2817],"tags":[1111,11,1997,1777,674,1011,27,2825,12,2219,25,104],"class_list":{"0":"post-661396","1":"post","2":"type-post","3":"status-publish","4":"format-standard","5":"has-post-thumbnail","7":"category-bordeaux","8":"tag-actu","9":"tag-actualites","10":"tag-bordeaux","11":"tag-eu","12":"tag-europe","13":"tag-fr","14":"tag-france","15":"tag-insecurite","16":"tag-news","17":"tag-nouvelle-aquitaine","18":"tag-republique-francaise","19":"tag-societe"},"share_on_mastodon":{"url":"https:\/\/pubeurope.com\/@fr\/115889720777531029","error":""},"_links":{"self":[{"href":"https:\/\/www.europesays.com\/fr\/wp-json\/wp\/v2\/posts\/661396","targetHints":{"allow":["GET"]}}],"collection":[{"href":"https:\/\/www.europesays.com\/fr\/wp-json\/wp\/v2\/posts"}],"about":[{"href":"https:\/\/www.europesays.com\/fr\/wp-json\/wp\/v2\/types\/post"}],"author":[{"embeddable":true,"href":"https:\/\/www.europesays.com\/fr\/wp-json\/wp\/v2\/users\/2"}],"replies":[{"embeddable":true,"href":"https:\/\/www.europesays.com\/fr\/wp-json\/wp\/v2\/comments?post=661396"}],"version-history":[{"count":0,"href":"https:\/\/www.europesays.com\/fr\/wp-json\/wp\/v2\/posts\/661396\/revisions"}],"wp:featuredmedia":[{"embeddable":true,"href":"https:\/\/www.europesays.com\/fr\/wp-json\/wp\/v2\/media\/661397"}],"wp:attachment":[{"href":"https:\/\/www.europesays.com\/fr\/wp-json\/wp\/v2\/media?parent=661396"}],"wp:term":[{"taxonomy":"category","embeddable":true,"href":"https:\/\/www.europesays.com\/fr\/wp-json\/wp\/v2\/categories?post=661396"},{"taxonomy":"post_tag","embeddable":true,"href":"https:\/\/www.europesays.com\/fr\/wp-json\/wp\/v2\/tags?post=661396"}],"curies":[{"name":"wp","href":"https:\/\/api.w.org\/{rel}","templated":true}]}}