{"id":661398,"date":"2026-01-13T20:39:10","date_gmt":"2026-01-13T20:39:10","guid":{"rendered":"https:\/\/www.europesays.com\/fr\/661398\/"},"modified":"2026-01-13T20:39:10","modified_gmt":"2026-01-13T20:39:10","slug":"pres-de-bordeaux-un-voyeur-espionnait-sa-voisine-par-un-trou-quil-avait-perce-dans-son-volet","status":"publish","type":"post","link":"https:\/\/www.europesays.com\/fr\/661398\/","title":{"rendered":"Pr\u00e8s de Bordeaux, un voyeur espionnait sa voisine par un trou qu\u2019il avait perc\u00e9 dans son volet"},"content":{"rendered":"<p>Il \u00e9tait activement recherch\u00e9 depuis d\u00e9but d\u00e9cembre par la police, qui avait \u00e9t\u00e9 alert\u00e9e de la possible pr\u00e9sence d\u2019un voyeur dans le secteur de Lormont. Dans la nuit du samedi\u00a010 au dimanche 11\u00a0janvier, un suspect a \u00e9t\u00e9 interpell\u00e9 en flagrant d\u00e9lit par un \u00e9quipage de la brigade anticriminalit\u00e9 de la division Est, \u00e0 Lormont. L\u2019homme \u00e9tait cach\u00e9 dans des buissons d\u2019un jardin et observait une habitante dans son logement.<\/p>\n","protected":false},"excerpt":{"rendered":"Il \u00e9tait activement recherch\u00e9 depuis d\u00e9but d\u00e9cembre par la police, qui avait \u00e9t\u00e9 alert\u00e9e de la possible pr\u00e9sence&hellip;\n","protected":false},"author":2,"featured_media":661399,"comment_status":"","ping_status":"","sticky":false,"template":"","format":"standard","meta":{"footnotes":""},"categories":[2817],"tags":[1111,11,1997,1777,674,1011,27,12,2219,25],"class_list":{"0":"post-661398","1":"post","2":"type-post","3":"status-publish","4":"format-standard","5":"has-post-thumbnail","7":"category-bordeaux","8":"tag-actu","9":"tag-actualites","10":"tag-bordeaux","11":"tag-eu","12":"tag-europe","13":"tag-fr","14":"tag-france","15":"tag-news","16":"tag-nouvelle-aquitaine","17":"tag-republique-francaise"},"share_on_mastodon":{"url":"https:\/\/pubeurope.com\/@fr\/115889724719506253","error":""},"_links":{"self":[{"href":"https:\/\/www.europesays.com\/fr\/wp-json\/wp\/v2\/posts\/661398","targetHints":{"allow":["GET"]}}],"collection":[{"href":"https:\/\/www.europesays.com\/fr\/wp-json\/wp\/v2\/posts"}],"about":[{"href":"https:\/\/www.europesays.com\/fr\/wp-json\/wp\/v2\/types\/post"}],"author":[{"embeddable":true,"href":"https:\/\/www.europesays.com\/fr\/wp-json\/wp\/v2\/users\/2"}],"replies":[{"embeddable":true,"href":"https:\/\/www.europesays.com\/fr\/wp-json\/wp\/v2\/comments?post=661398"}],"version-history":[{"count":0,"href":"https:\/\/www.europesays.com\/fr\/wp-json\/wp\/v2\/posts\/661398\/revisions"}],"wp:featuredmedia":[{"embeddable":true,"href":"https:\/\/www.europesays.com\/fr\/wp-json\/wp\/v2\/media\/661399"}],"wp:attachment":[{"href":"https:\/\/www.europesays.com\/fr\/wp-json\/wp\/v2\/media?parent=661398"}],"wp:term":[{"taxonomy":"category","embeddable":true,"href":"https:\/\/www.europesays.com\/fr\/wp-json\/wp\/v2\/categories?post=661398"},{"taxonomy":"post_tag","embeddable":true,"href":"https:\/\/www.europesays.com\/fr\/wp-json\/wp\/v2\/tags?post=661398"}],"curies":[{"name":"wp","href":"https:\/\/api.w.org\/{rel}","templated":true}]}}