{"id":661400,"date":"2026-01-13T20:40:09","date_gmt":"2026-01-13T20:40:09","guid":{"rendered":"https:\/\/www.europesays.com\/fr\/661400\/"},"modified":"2026-01-13T20:40:09","modified_gmt":"2026-01-13T20:40:09","slug":"toulouse-un-incendie-se-declare-dans-un-entrepot-contenant-des-solvants-50-pompiers-sur-place","status":"publish","type":"post","link":"https:\/\/www.europesays.com\/fr\/661400\/","title":{"rendered":"Toulouse. Un incendie se d\u00e9clare dans un entrep\u00f4t contenant des solvants, 50 pompiers sur place"},"content":{"rendered":"<p>                    Par<br \/>\n        <strong><br \/>\n            <a href=\"https:\/\/actu.fr\/auteur\/lucie-2\" title=\"Consulter tous les articles de Lucie Fraisse\" target=\"_blank\" rel=\"noopener\">Lucie Fraisse<\/a><br \/>\n                    <\/strong><\/p>\n<p>        Publi\u00e9 le<\/p>\n<p>            13 janv. 2026 \u00e0 19h58        <\/p>\n<p>L\u2019alerte a \u00e9t\u00e9 donn\u00e9e peu avant 18\u00a0heures, ce mardi 13\u00a0janvier 2026 alors qu\u2019un feu venait de se d\u00e9clarer dans un entrep\u00f4t situ\u00e9 rue de Fenouillet, au nord de <a href=\"https:\/\/actu.fr\/toulouse\/\" target=\"_blank\" rel=\"noopener\">Toulouse<\/a>.<\/p>\n<p>Dans un b\u00e2timent avec des solvants<\/p>\n<p class=\" wall-content\">Selon les pompiers, le feu s\u2019est d\u00e9clar\u00e9 dans <strong>une cellule de 50m\u00b2<\/strong>, elle-m\u00eame situ\u00e9e dans un plus vaste b\u00e2timent de 800 m\u00b2.<\/p>\n<p class=\" wall-content\">Cette cellule de 50m\u00b2 contient des solvants. Vers 19h30, les pompiers ont annonc\u00e9 que des mesures du niveau de toxicit\u00e9 des fum\u00e9es \u00e9taient en cours.<\/p>\n<p>    <a href=\"https:\/\/www.google.com\/maps\/embed?pb=!1m18!1m12!1m3!1d2887.9469608193062!2d1.42400607466273!3d43.62846285403267!2m3!1f0!2f0!3f0!3m2!1i1024!2i768!4f13.1!3m3!1m2!1s0x12aea4b51f40f0b3%3A0x7ae056d2fae3d91e!2sRue%20de%20Fenouillet%2C%2031200%20Toulouse!5e0!3m2!1sfr!2sfr!4v1768330471648!5m2!1sfr!2sfr\" title=\"Ouvrie le lien\" target=\"_blank\" rel=\"noopener\">Cliquez ici pour visualiser le contenu<\/a><\/p>\n<p>Des pompiers sp\u00e9cialis\u00e9s en risques chimiques<\/p>\n<p class=\" wall-content\">La<strong> rue de Fenouillet<\/strong> est coup\u00e9e \u00e0 la circulation dans les deux sens, une cinquantaine de pompiers sont toujours mobilis\u00e9s sur place ce mardi soir dont un groupe sp\u00e9cialis\u00e9 en risques chimiques, une ambulance, quatre fourgons incendie. Un groupe de commandement a \u00e9t\u00e9 d\u00e9ploy\u00e9.<\/p>\n<p class=\" wall-content\">Personnalisez votre actualit\u00e9 en ajoutant vos villes et m\u00e9dias en favori avec <a href=\"https:\/\/moncompte.actu.fr\" title=\"D\u00e9couvez Mon Actu\" rel=\"nofollow noopener\" data-trk=\"{&quot;cta&quot;:{&quot;action&quot;:&quot;https:\\\/\\\/moncompte.actu.fr&quot;,&quot;category&quot;:&quot;mon compte&quot;,&quot;from&quot;:&quot;article footer&quot;,&quot;name&quot;:&quot;Mon actu&quot;,&quot;type&quot;:&quot;cta&quot;}}\" target=\"_blank\">Mon Actu<\/a>.<\/p>\n","protected":false},"excerpt":{"rendered":"Par Lucie Fraisse Publi\u00e9 le 13 janv. 2026 \u00e0 19h58 L\u2019alerte a \u00e9t\u00e9 donn\u00e9e peu avant 18\u00a0heures, ce&hellip;\n","protected":false},"author":2,"featured_media":661401,"comment_status":"","ping_status":"","sticky":false,"template":"","format":"standard","meta":{"footnotes":""},"categories":[2816],"tags":[1111,11,1777,674,118,1011,27,1310,12,2680,25,2312],"class_list":{"0":"post-661400","1":"post","2":"type-post","3":"status-publish","4":"format-standard","5":"has-post-thumbnail","7":"category-toulouse","8":"tag-actu","9":"tag-actualites","10":"tag-eu","11":"tag-europe","12":"tag-faits-divers","13":"tag-fr","14":"tag-france","15":"tag-incendie","16":"tag-news","17":"tag-occitanie","18":"tag-republique-francaise","19":"tag-toulouse"},"share_on_mastodon":{"url":"https:\/\/pubeurope.com\/@fr\/115889728609381478","error":""},"_links":{"self":[{"href":"https:\/\/www.europesays.com\/fr\/wp-json\/wp\/v2\/posts\/661400","targetHints":{"allow":["GET"]}}],"collection":[{"href":"https:\/\/www.europesays.com\/fr\/wp-json\/wp\/v2\/posts"}],"about":[{"href":"https:\/\/www.europesays.com\/fr\/wp-json\/wp\/v2\/types\/post"}],"author":[{"embeddable":true,"href":"https:\/\/www.europesays.com\/fr\/wp-json\/wp\/v2\/users\/2"}],"replies":[{"embeddable":true,"href":"https:\/\/www.europesays.com\/fr\/wp-json\/wp\/v2\/comments?post=661400"}],"version-history":[{"count":0,"href":"https:\/\/www.europesays.com\/fr\/wp-json\/wp\/v2\/posts\/661400\/revisions"}],"wp:featuredmedia":[{"embeddable":true,"href":"https:\/\/www.europesays.com\/fr\/wp-json\/wp\/v2\/media\/661401"}],"wp:attachment":[{"href":"https:\/\/www.europesays.com\/fr\/wp-json\/wp\/v2\/media?parent=661400"}],"wp:term":[{"taxonomy":"category","embeddable":true,"href":"https:\/\/www.europesays.com\/fr\/wp-json\/wp\/v2\/categories?post=661400"},{"taxonomy":"post_tag","embeddable":true,"href":"https:\/\/www.europesays.com\/fr\/wp-json\/wp\/v2\/tags?post=661400"}],"curies":[{"name":"wp","href":"https:\/\/api.w.org\/{rel}","templated":true}]}}