{"id":661402,"date":"2026-01-13T20:41:10","date_gmt":"2026-01-13T20:41:10","guid":{"rendered":"https:\/\/www.europesays.com\/fr\/661402\/"},"modified":"2026-01-13T20:41:10","modified_gmt":"2026-01-13T20:41:10","slug":"coupe-de-france-de-football-lamiens-sc-se-deplacera-a-toulouse-en-8e-de-finale","status":"publish","type":"post","link":"https:\/\/www.europesays.com\/fr\/661402\/","title":{"rendered":"Coupe de France\u00a0de Football\u00a0: L&rsquo;Amiens SC se d\u00e9placera \u00e0 Toulouse en 8e de finale"},"content":{"rendered":"<p>L&rsquo;Amiens SC (Ligue 2) h\u00e9rite d&rsquo;un tirage difficile pour les 8e de finale de la Coupe de France de football. Les ami\u00e9nois se d\u00e9placeront \u00e0 Toulouse (8e de Ligue 1) le 3 ou 4 f\u00e9vrier prochain. <\/p>\n<p>Apr\u00e8s Auby (3-0), Reims Ste-Anne (4-0) , Le Havre (2-0), et Montreuil (4-2), <strong>c&rsquo;est encore \u00e0 l&rsquo;ext\u00e9rieur que l&rsquo;Amiens SC va poursuivre sa route<\/strong> en Coupe de France. Les ami\u00e9nois (15e de Ligue 2) <strong>se d\u00e9placeront au Stadium de Toulouse<\/strong> (8e de Ligue 1). Un tirage difficile pour l&rsquo;ASC avec un long d\u00e9placement \u00e0 g\u00e9rer <strong>au coeur d&rsquo;une semaine \u00e0 trois matchs<\/strong> d\u00e9but f\u00e9vrier.<\/p>\n<p>Duprez\u00a0: \u00ab\u00a0On esp\u00e9rait un tirage plus glamour!\u00a0\u00bb<\/p>\n<p>\u00ab\u00a0On aurait pu <strong>esp\u00e9rer un tirage un peu plus glamour<\/strong> et jouer \u00e0 domicile pour faire plaisir \u00e0 nos supporters!\u00a0\u00bb, regrette le pr\u00e9sident d\u00e9l\u00e9gu\u00e9 de l&rsquo;Amiens SC Christophe Duprez. \u00ab\u00a0<strong>L&rsquo;affiche r\u00eav\u00e9e c&rsquo;\u00e9tait Lens<\/strong> pour une belle f\u00eate \u00e0 la Licorne\u00a0! C&rsquo;est comme \u00e7a, il faut respecter le tirage. Tout est permis, nous avons d\u00e9j\u00e0 sorti Le Havre club de Ligue 1, donc nous irons \u00e0 Toulouse avec nos armes pour envisager de passer ce tour!\u00a0\u00bb<\/p>\n<p>Les deux \u00e9quipes ne se sont plus crois\u00e9es <strong>depuis le 15 mars 2022<\/strong> en Ligue 2. Un mauvais souvenir pour l&rsquo;Amiens SC <strong>surclass\u00e9 ce soir l\u00e0 6-0<\/strong> dans la \u00ab\u00a0Ville rose\u00a0\u00bb. Les 8e de finale sont programm\u00e9s les 3 et 4 f\u00e9vrier prochains.<\/p>\n","protected":false},"excerpt":{"rendered":"L&rsquo;Amiens SC (Ligue 2) h\u00e9rite d&rsquo;un tirage difficile pour les 8e de finale de la Coupe de France&hellip;\n","protected":false},"author":2,"featured_media":661403,"comment_status":"","ping_status":"","sticky":false,"template":"","format":"standard","meta":{"footnotes":""},"categories":[2816],"tags":[1111,11,1777,674,1011,27,12,2680,25,2312],"class_list":{"0":"post-661402","1":"post","2":"type-post","3":"status-publish","4":"format-standard","5":"has-post-thumbnail","7":"category-toulouse","8":"tag-actu","9":"tag-actualites","10":"tag-eu","11":"tag-europe","12":"tag-fr","13":"tag-france","14":"tag-news","15":"tag-occitanie","16":"tag-republique-francaise","17":"tag-toulouse"},"share_on_mastodon":{"url":"https:\/\/pubeurope.com\/@fr\/115889732743119009","error":""},"_links":{"self":[{"href":"https:\/\/www.europesays.com\/fr\/wp-json\/wp\/v2\/posts\/661402","targetHints":{"allow":["GET"]}}],"collection":[{"href":"https:\/\/www.europesays.com\/fr\/wp-json\/wp\/v2\/posts"}],"about":[{"href":"https:\/\/www.europesays.com\/fr\/wp-json\/wp\/v2\/types\/post"}],"author":[{"embeddable":true,"href":"https:\/\/www.europesays.com\/fr\/wp-json\/wp\/v2\/users\/2"}],"replies":[{"embeddable":true,"href":"https:\/\/www.europesays.com\/fr\/wp-json\/wp\/v2\/comments?post=661402"}],"version-history":[{"count":0,"href":"https:\/\/www.europesays.com\/fr\/wp-json\/wp\/v2\/posts\/661402\/revisions"}],"wp:featuredmedia":[{"embeddable":true,"href":"https:\/\/www.europesays.com\/fr\/wp-json\/wp\/v2\/media\/661403"}],"wp:attachment":[{"href":"https:\/\/www.europesays.com\/fr\/wp-json\/wp\/v2\/media?parent=661402"}],"wp:term":[{"taxonomy":"category","embeddable":true,"href":"https:\/\/www.europesays.com\/fr\/wp-json\/wp\/v2\/categories?post=661402"},{"taxonomy":"post_tag","embeddable":true,"href":"https:\/\/www.europesays.com\/fr\/wp-json\/wp\/v2\/tags?post=661402"}],"curies":[{"name":"wp","href":"https:\/\/api.w.org\/{rel}","templated":true}]}}