{"id":661404,"date":"2026-01-13T20:42:25","date_gmt":"2026-01-13T20:42:25","guid":{"rendered":"https:\/\/www.europesays.com\/fr\/661404\/"},"modified":"2026-01-13T20:42:25","modified_gmt":"2026-01-13T20:42:25","slug":"les-111-des-arts-de-lille-lance-un-appel-aux-candidatures-dartistes-pour-sa-prochaine-expo-13-01-2026","status":"publish","type":"post","link":"https:\/\/www.europesays.com\/fr\/661404\/","title":{"rendered":"Les 111 des Arts de Lille lance un appel aux candidatures d&rsquo;artistes pour sa prochaine expo &#8211; 13\/01\/2026"},"content":{"rendered":"<p>Dans le cadre de la 8\u1d49 \u00e9dition de l&rsquo;Exposition des 111 des Arts Lille, qui aura lieu du samedi 19 au dimanche 27 septembre 2026, l&rsquo;association est \u00e0 la recherche de 111 artistes. Les candidatures sont ouvertes.<\/p>\n<p>Tous les ans, l&rsquo;association 111 des Arts Lille organise <a target=\"_blank\" href=\"https:\/\/www.vozer.fr\/2025\/09\/17\/fin-septembre-l-expo-vente-solidaire-des-111-des-arts-revient-dans-le-vieux-lille\/\" rel=\"noopener\">une expo-vente solidaire<\/a> au profit des enfants et adolescent\u00b7es malades du cancer. Le concept est unique :\u00a0111 artistes exposent chacun\u00b7e au minimum 11 \u0153uvres de 20x20cm.<\/p>\n<p>En ce d\u00e9but d&rsquo;ann\u00e9e, l&rsquo;asso se lance dans les pr\u00e9paratifs de la 8e \u00e9dition de l&rsquo;Exposition-Rencontre-Vente qui aura lieu du samedi 19 au dimanche 27 septembre, dans la salle de la Halle aux Sucres du Vieux-Lille. Et avant toute chose : il faut des artistes. C&rsquo;est pour cette raison que 111 des Arts appelle les artistes \u00e0 candidater \u00e0 la prochaine \u00e9dition.<\/p>\n<p>Comment participer ?<\/p>\n<p>Pour candidater, quelques r\u00e8gles sont \u00e0 respecter :<\/p>\n<ul>&#13;<\/p>\n<li>remplir 2 exemplaires de la fiche candidature<\/li>\n<p>&#13;<\/p>\n<li>r\u00e9aliser et envoyer 2 \u0153uvres originales au format 20&#215;20 cm, sans cadre ni aucun syst\u00e8me d&rsquo;accrochage<\/li>\n<p>&#13;<\/p>\n<li>joindre un CV<\/li>\n<p>&#13;<\/p>\n<li>un ch\u00e8que d&rsquo;adh\u00e9sion annuelle obligatoire de 30\u20ac<br \/>&#13;<\/li>\n<p>&#13;<\/p>\n<li>une enveloppe prenant en compte la fragilit\u00e9 des \u0153uvres et suffisamment affranchie \u00e0 l\u2019adresse de l\u2019artiste, pour le retour du dossier en cas de non s\u00e9lection<\/li>\n<p>&#13;<\/ul>\n<p>Tous les d\u00e9tails pour postuler se trouvent dans le dossier de candidature qu&rsquo;on vous <a target=\"_blank\" href=\"https:\/\/les111desartslille.com\/wp-content\/uploads\/2026\/01\/Dossier-de-candidature-Lille-Artistes-2026.pdf\" rel=\"noopener\">met en lien<\/a>.<\/p>\n<p>Le d\u00e9p\u00f4t des candidatures est possible jusqu&rsquo;au 27 mars. Apr\u00e8s \u00e7a, un nouveau jury ind\u00e9pendant, compos\u00e9 de pros du monde de l&rsquo;art, proc\u00e9dera \u00e0 la s\u00e9lection des 111 artistes qui participeront \u00e0 cette nouvelle \u00e9dition. \u00ab\u00a0Les r\u00e9sultats seront communiqu\u00e9s \u00e0 la fin du mois d&rsquo;avril\u00a0\u00bb, indique l&rsquo;association.<\/p>\n<p>Pendant l&rsquo;expo-vente<\/p>\n<p>Chaque artiste s\u00e9lectionn\u00e9 s\u2019engagera \u00e0 remettre, avant le d\u00e9but de l\u2019expo-vente, un minimum de 9 \u0153uvres, en plus des 2 originaux adress\u00e9es dans le dossier de candidature.\u00a0\u00ab\u00a0Bien s\u00fbr, il lui est aussi possible d\u2019en pr\u00e9voir davantage, dans le cas, o\u00f9 il voudrait rebondir sur son succ\u00e8s\u00a0\u00bb, pr\u00e9cise l&rsquo;asso. D\u00e9tail qui a son importance : les \u0153uvres devront \u00eatre semblables, dans leur style et leur technique, aux \u0153uvres retenues par le jury. \u00ab\u00a0L\u2019artiste pourra apposer sa signature au dos de l\u2019\u0153uvre, s\u2019il la juge trop envahissante en fa\u00e7ade compte tenu du format r\u00e9duit.\u00a0\u00bb<\/p>\n<p>Chaque \u0153uvre est vendue 111\u20ac : 55\u20ac pour l&rsquo;artiste et 56\u20ac pour la recherche m\u00e9dicale.<\/p>\n","protected":false},"excerpt":{"rendered":"Dans le cadre de la 8\u1d49 \u00e9dition de l&rsquo;Exposition des 111 des Arts Lille, qui aura lieu du&hellip;\n","protected":false},"author":2,"featured_media":661405,"comment_status":"","ping_status":"","sticky":false,"template":"","format":"standard","meta":{"footnotes":""},"categories":[2815],"tags":[1111,11,1777,674,1011,27,811,1307,12,25],"class_list":{"0":"post-661404","1":"post","2":"type-post","3":"status-publish","4":"format-standard","5":"has-post-thumbnail","7":"category-lille","8":"tag-actu","9":"tag-actualites","10":"tag-eu","11":"tag-europe","12":"tag-fr","13":"tag-france","14":"tag-hauts-de-france","15":"tag-lille","16":"tag-news","17":"tag-republique-francaise"},"share_on_mastodon":{"url":"https:\/\/pubeurope.com\/@fr\/115889736559344490","error":""},"_links":{"self":[{"href":"https:\/\/www.europesays.com\/fr\/wp-json\/wp\/v2\/posts\/661404","targetHints":{"allow":["GET"]}}],"collection":[{"href":"https:\/\/www.europesays.com\/fr\/wp-json\/wp\/v2\/posts"}],"about":[{"href":"https:\/\/www.europesays.com\/fr\/wp-json\/wp\/v2\/types\/post"}],"author":[{"embeddable":true,"href":"https:\/\/www.europesays.com\/fr\/wp-json\/wp\/v2\/users\/2"}],"replies":[{"embeddable":true,"href":"https:\/\/www.europesays.com\/fr\/wp-json\/wp\/v2\/comments?post=661404"}],"version-history":[{"count":0,"href":"https:\/\/www.europesays.com\/fr\/wp-json\/wp\/v2\/posts\/661404\/revisions"}],"wp:featuredmedia":[{"embeddable":true,"href":"https:\/\/www.europesays.com\/fr\/wp-json\/wp\/v2\/media\/661405"}],"wp:attachment":[{"href":"https:\/\/www.europesays.com\/fr\/wp-json\/wp\/v2\/media?parent=661404"}],"wp:term":[{"taxonomy":"category","embeddable":true,"href":"https:\/\/www.europesays.com\/fr\/wp-json\/wp\/v2\/categories?post=661404"},{"taxonomy":"post_tag","embeddable":true,"href":"https:\/\/www.europesays.com\/fr\/wp-json\/wp\/v2\/tags?post=661404"}],"curies":[{"name":"wp","href":"https:\/\/api.w.org\/{rel}","templated":true}]}}