{"id":661406,"date":"2026-01-13T20:43:28","date_gmt":"2026-01-13T20:43:28","guid":{"rendered":"https:\/\/www.europesays.com\/fr\/661406\/"},"modified":"2026-01-13T20:43:28","modified_gmt":"2026-01-13T20:43:28","slug":"lille-une-femme-de-46-ans-victime-dun-viol-par-un-cambrioleur-arme","status":"publish","type":"post","link":"https:\/\/www.europesays.com\/fr\/661406\/","title":{"rendered":"Lille : une femme de 46 ans victime d\u2019un viol par un cambrioleur arm\u00e9"},"content":{"rendered":"<p>Dans la nuit du 7 au 8 janvier, une habitante de Villeneuve-d&rsquo;Ascq a v\u00e9cu l&rsquo;enfer \u00e0 son domicile. R\u00e9veill\u00e9e par une intrusion, cette femme de 46 ans a \u00e9t\u00e9 violent\u00e9e, viol\u00e9e sous la menace d&rsquo;une arme et d\u00e9pouill\u00e9e. Retour sur les faits et l&rsquo;avanc\u00e9e de l&rsquo;enqu\u00eate.<\/p>\n<p>Une sc\u00e8ne d&rsquo;horreur absolue. \u00ab\u00a0Une femme de 46 ans a \u00e9t\u00e9 viol\u00e9e \u00e0 son domicile et a subi un important cambriolage dans la nuit du 7 au 8 janvier \u00e0 Villeneuve-d\u2019Ascq, dans le Nord\u00a0\u00bb rapporte <a href=\"https:\/\/www.lefigaro.fr\/faits-divers\/nord-une-femme-de-46-ans-violee-a-son-domicile-et-victime-d-un-vol-estime-a-80-000-euros-20260110\" data-entity-type=\"external\" target=\"_blank\" rel=\"noopener\">Le Figaro<\/a>. Tout commence par le bruit de bris de vitre au rez-de-chauss\u00e9e du pavillon. Comprenant imm\u00e9diatement qu&rsquo;une intrusion est en cours, la victime tente de r\u00e9agir. N&rsquo;\u00e9coutant que son instinct de survie, cette <strong>nuit d&rsquo;horreur<\/strong> prend une tournure dramatique lorsqu&rsquo;elle parvient \u00e0 sortir de son domicile pour chercher de l&rsquo;aide.<\/p>\n<p>Malheureusement, les trois malfaiteurs ne lui laissent aucune chance. Alors qu&rsquo;elle essaie d&rsquo;alerter le voisinage, <strong>elle est rattrap\u00e9e par les intrus<\/strong>. Ces derniers la font \u00ab rentrer de force \u00e0 l&rsquo;int\u00e9rieur de son domicile, en la tirant par les cheveux \u00bb, selon les premiers \u00e9l\u00e9ments rapport\u00e9s. Une fois la victime isol\u00e9e de nouveau \u00e0 l&rsquo;int\u00e9rieur, le pi\u00e8ge se referme sur elle, marquant le d\u00e9but d&rsquo;un calvaire physique et psychologique.<\/p>\n<p>Un pr\u00e9judice estim\u00e9 \u00e0 80 000 euros<\/p>\n<p>Une fois ma\u00eetres des lieux, les agresseurs d\u00e9ploient une violence extr\u00eame pour parvenir \u00e0 leurs fins. Le trio s&rsquo;en prend physiquement \u00e0 la quadrag\u00e9naire avant de commettre l&rsquo;irr\u00e9parable.<strong> L&rsquo;un des hommes viole la victime \u00e0 plusieurs reprises, \u00ab <\/strong><strong>en la mena\u00e7ant avec une arme de poing et un taser<\/strong><strong> \u00bb<\/strong>. Un acte barbare perp\u00e9tr\u00e9 parall\u00e8lement au pillage de la maison.<\/p>\n<p>Les malfaiteurs font main basse sur des biens de grande valeur. Selon les informations du Figaro, \u00ab\u00a0le trio a ensuite pris la fuite, emportant des sacs et des bijoux dont <strong>la valeur est estim\u00e9e \u00e0 pr\u00e8s de 80 000 euros<\/strong>\u00ab\u00a0. Ils tentent ensuite de d\u00e9rober le v\u00e9hicule de la victime pour prendre la fuite, mais \u00e9chouent dans leur man\u0153uvre, les obligeant \u00e0 abandonner la voiture sur place.<\/p>\n<p class=\"text-base font-semibold mr-0 mb-2 md:mr-4 md:mb-0 text-center md:text-left\">\n    Vous avez aim\u00e9 cet article ?\n  <\/p>\n<p>    Inscrivez-vous \u00e0 nos Newsletters<\/p>\n<p>L&rsquo;enqu\u00eate : une interpellation d\u00e9cisive<\/p>\n<p>C&rsquo;est finalement gr\u00e2ce \u00e0 la vigilance des voisins, alert\u00e9s par les cris, que les secours ont pu \u00eatre pr\u00e9venus. \u00c0 leur arriv\u00e9e, les policiers d\u00e9couvrent le v\u00e9hicule des fuyards abandonn\u00e9 \u00e0 proximit\u00e9, contenant \u00ab une arme \u00e0 feu et des affaires appartenant \u00e0 la victime \u00bb dans l&rsquo;habitacle. Cette d\u00e9couverte mat\u00e9rielle permet d&rsquo;orienter rapidement les recherches dans le secteur.<\/p>\n<p>Quelques instants plus tard, les forces de l&rsquo;ordre interpellent un individu correspondant au signalement. Ce <a href=\"https:\/\/www.planet.fr\/societe-affaire-elodie-kulik-un-suspect-a-parle.294687.29336.html\" target=\"_blank\" rel=\"noopener\"><strong>suspect de 22 ans connu<\/strong><\/a><strong> des services de police<\/strong> pr\u00e9sentait une blessure, compatible avec l&rsquo;effraction. Il a \u00e9t\u00e9 imm\u00e9diatement plac\u00e9 en garde \u00e0 vue. Tandis que les deux autres complices sont toujours activement recherch\u00e9s, l&rsquo;<strong>enqu\u00eate confi\u00e9e \u00e0 la Direction de la criminalit\u00e9 territoriale<\/strong> (DCT) devra faire toute la lumi\u00e8re sur ce drame.\u00a0<\/p>\n<p>Selon les informations du <a href=\"https:\/\/www.leparisien.fr\/faits-divers\/agressee-violee-et-cambriolee-pour-un-montant-de-80-000-euros-leffroyable-nuit-dune-femme-de-46-ans-dans-le-nord-12-01-2026-DOTTEN2ACJDFFJWI6SH4FURDDM.php\" data-entity-type=\"external\" target=\"_blank\" rel=\"noopener\">Parisien<\/a>, le parquet de Lille a ouvert une enqu\u00eate pour \u00ab vol en r\u00e9union \u00bb et \u00ab viol sous la menace d\u2019une arme \u00bb. Les investigations ont \u00e9t\u00e9 confi\u00e9es \u00e0 la Direction de la criminalit\u00e9 territoriale (DCT). Il est important de rappeler que pour des crimes tels que le <strong>viol sous la menace d&rsquo;une arme, la peine encourue<\/strong> devant une cour d&rsquo;assises est extr\u00eamement lourde, pouvant aller jusqu&rsquo;\u00e0 20 ans de r\u00e9clusion criminelle.<\/p>\n","protected":false},"excerpt":{"rendered":"Dans la nuit du 7 au 8 janvier, une habitante de Villeneuve-d&rsquo;Ascq a v\u00e9cu l&rsquo;enfer \u00e0 son domicile.&hellip;\n","protected":false},"author":2,"featured_media":661407,"comment_status":"","ping_status":"","sticky":false,"template":"","format":"standard","meta":{"footnotes":""},"categories":[2815],"tags":[1111,11,1777,674,1011,27,811,1307,12,25],"class_list":{"0":"post-661406","1":"post","2":"type-post","3":"status-publish","4":"format-standard","5":"has-post-thumbnail","7":"category-lille","8":"tag-actu","9":"tag-actualites","10":"tag-eu","11":"tag-europe","12":"tag-fr","13":"tag-france","14":"tag-hauts-de-france","15":"tag-lille","16":"tag-news","17":"tag-republique-francaise"},"share_on_mastodon":{"url":"https:\/\/pubeurope.com\/@fr\/115889740513480729","error":""},"_links":{"self":[{"href":"https:\/\/www.europesays.com\/fr\/wp-json\/wp\/v2\/posts\/661406","targetHints":{"allow":["GET"]}}],"collection":[{"href":"https:\/\/www.europesays.com\/fr\/wp-json\/wp\/v2\/posts"}],"about":[{"href":"https:\/\/www.europesays.com\/fr\/wp-json\/wp\/v2\/types\/post"}],"author":[{"embeddable":true,"href":"https:\/\/www.europesays.com\/fr\/wp-json\/wp\/v2\/users\/2"}],"replies":[{"embeddable":true,"href":"https:\/\/www.europesays.com\/fr\/wp-json\/wp\/v2\/comments?post=661406"}],"version-history":[{"count":0,"href":"https:\/\/www.europesays.com\/fr\/wp-json\/wp\/v2\/posts\/661406\/revisions"}],"wp:featuredmedia":[{"embeddable":true,"href":"https:\/\/www.europesays.com\/fr\/wp-json\/wp\/v2\/media\/661407"}],"wp:attachment":[{"href":"https:\/\/www.europesays.com\/fr\/wp-json\/wp\/v2\/media?parent=661406"}],"wp:term":[{"taxonomy":"category","embeddable":true,"href":"https:\/\/www.europesays.com\/fr\/wp-json\/wp\/v2\/categories?post=661406"},{"taxonomy":"post_tag","embeddable":true,"href":"https:\/\/www.europesays.com\/fr\/wp-json\/wp\/v2\/tags?post=661406"}],"curies":[{"name":"wp","href":"https:\/\/api.w.org\/{rel}","templated":true}]}}