{"id":661408,"date":"2026-01-13T20:44:09","date_gmt":"2026-01-13T20:44:09","guid":{"rendered":"https:\/\/www.europesays.com\/fr\/661408\/"},"modified":"2026-01-13T20:44:09","modified_gmt":"2026-01-13T20:44:09","slug":"on-est-menaces-de-mort","status":"publish","type":"post","link":"https:\/\/www.europesays.com\/fr\/661408\/","title":{"rendered":"\u00ab\u2009On est menac\u00e9s de mort \u00bb"},"content":{"rendered":"<p>                    Par<br \/>\n        <strong><br \/>\n            <a href=\"https:\/\/actu.fr\/auteur\/thibault-nadal-actu-fr\" title=\"Consulter tous les articles de Thibault Nadal\" target=\"_blank\" rel=\"noopener\">Thibault Nadal<\/a><br \/>\n                    <\/strong><\/p>\n<p>        Publi\u00e9 le<\/p>\n<p>            13 janv. 2026 \u00e0 18h26        <\/p>\n<p>Pour C\u00e9cile, c\u2019est la goutte de trop, celle qui fait d\u00e9border le vase. Ce vendredi 9\u00a0janvier 2026, une f\u00eate de mariage \u00e9tait organis\u00e9e dans une salle en face de son domicile, situ\u00e9 sur le boulevard des Neiges dans le 8e arrondissement de <a href=\"https:\/\/actu.fr\/marseille\/\" target=\"_blank\" rel=\"noopener\">Marseille<\/a>. La quadrag\u00e9naire raconte que la c\u00e9l\u00e9bration a tr\u00e8s vite d\u00e9rap\u00e9. \u00ab\u2009Apr\u00e8s plus d\u2019une heure de bruits, de klaxons et de musiques \u00e0 fond, mon mari d\u00e9cide d\u2019aller \u00e0 leur rencontre\u2009\u00bb. Face \u00e0 eux, elle explique ce dernier re\u00e7oit imm\u00e9diatement des menaces de mort et des insultes. \u00ab\u2009C\u2019\u00e9tait \u00e0 base de\u2009: <strong>\u2018je vais te tuer\u2019 ou \u2018nique ta m\u00e8re<\/strong>\u2018 \u00bb, raconte-t-elle \u00e0 actu Marseille. Le point d\u2019orgue d\u2019une situation qui dure depuis l\u2019\u00e9t\u00e9 dernier et qui trouve comme d\u00e9nominateur commun, la salle Casa Bianca.<\/p>\n<p>    <a href=\"https:\/\/www.google.com\/maps\/embed?pb=!1m18!1m12!1m3!1d2906.145049103789!2d5.37828481261389!3d43.2483817710038!2m3!1f0!2f0!3f0!3m2!1i1024!2i768!4f13.1!3m3!1m2!1s0x12c9c76bfc85c7bd%3A0x6aaa2a693689afd9!2sCASA%20BIANCA%20Marseille!5e0!3m2!1sfr!2sfr!4v1768318131025!5m2!1sfr!2sfr\" title=\"Ouvrie le lien\" target=\"_blank\" rel=\"noopener\">Cliquez ici pour visualiser le contenu<\/a><\/p>\n<p>\u00ab\u2009Des semaines qu\u2019on n\u2019en peut plus\u2009\u00bb<\/p>\n<p class=\" wall-content\">Ouverte depuis le mois de juin\u00a02025, la salle Casa Bianca cause beaucoup de soucis \u00e0 ses voisins. \u00ab\u2009Cela fait des semaines qu\u2019on n\u2019en peut plus, c\u2019est <strong>un bazar pas possible<\/strong>\u2009\u00bb, raconte C\u00e9cile qui habite juste en face depuis cinq ans, avec son mari et son fils.<\/p>\n<p class=\" wall-content\">Restauratrice dans la vie, elle raconte un quotidien totalement chamboul\u00e9 par les nuisances caus\u00e9es par cette salle.<\/p>\n<blockquote class=\"ac-article-quote wall-content\">\n<p>On doit subir jusqu\u2019\u00e0 minuit-1h du matin tout et n\u2019importe quoi. On se demande comment cette salle fait pour exister.<\/p>\n<p>    <strong>C\u00e9cile<\/strong><br \/>\n        Habitante du 8e arrondissement de Marseille    <\/p><\/blockquote>\n<p>Bruits, ins\u00e9curit\u00e9, salet\u00e9\u2026<\/p>\n<p class=\" wall-content\">Des nuisances qui sont multiples, \u00e0 l\u2019\u00e9couter\u2009: \u00ab\u2009<strong>La musique est tr\u00e8s forte<\/strong> et les portes sont r\u00e9guli\u00e8rement ouvertes lorsque les gens vont fumer \u00e0 l\u2019ext\u00e9rieur.\u2009\u00bb Pour \u00e9tayer ses propos, elle raconte que lors d\u2019un d\u00eener organis\u00e9 \u00e0 son domicile, il \u00e9tait impossible d\u2019\u00e9couter la musique, tellement celle de la salle \u00e9tait puissante.<\/p>\n<p class=\" wall-content\">La question du stationnement est aussi devenue centrale dans la rue, avec des voitures \u00ab\u2009gar\u00e9es n\u2019importe comment\u2009\u00bb. Tout comme sa salet\u00e9 avec du \u00ab\u2009vomi, de la pisse et des d\u00e9chets\u2009\u00bb partout. <strong>\u00ab\u2009La rue est devenue une poubelle \u00e0 ciel ouvert\u2009\u00bb<\/strong>, d\u00e9plore C\u00e9cile qui regrette que ces occupants \u00ab\u2009ne respectent rien\u2009\u00bb.<\/p>\n<p>Votre r\u00e9gion, votre actu !<\/p>\n<p>Recevez chaque jour les infos qui comptent pour vous.<\/p>\n<p>\t<a href=\"https:\/\/actu.fr\/newsletter\" class=\"ac-btn ac-btn--corner ac-btn--medium ac-btn--blue800\" target=\"_blank\" rel=\"noopener\">S&rsquo;incrire<\/a><\/p>\n<p class=\" wall-content\">Enfin, la femme de 42\u00a0ans explique que cette salle <strong>\u00ab\u2009attire des groupes de racailles\u2009\u00bb<\/strong> et que cela fait r\u00e9gner <a href=\"https:\/\/actu.fr\/tag\/insecurite\" target=\"_blank\" rel=\"noopener\">un \u00ab\u2009sentiment d\u2019ins\u00e9curit\u00e9\u2009\u00bb<\/a>, dans ce quartier situ\u00e9 \u00e0 deux pas des plages.<\/p>\n<p>Une police absente\u2009?<\/p>\n<p class=\" wall-content\">Pour tenter de mettre fin \u00e0 cette situation devenue \u00ab\u2009insupportable\u2009\u00bb, C\u00e9cile affirme multiplier les appels \u00e0 la police. \u00ab\u2009<strong>On n\u2019arr\u00eate pas<\/strong>, mais elle ne vient jamais et elle est difficile \u00e0 joindre.\u2009\u00bb<\/p>\n<p class=\" wall-content\">Alors, l\u2019option de <strong>vendre<\/strong> <strong>son appartement<\/strong> est d\u00e9sormais sur la table. \u00ab\u2009On l\u2019envisage\u2009\u00bb, reconna\u00eet C\u00e9cile.<\/p>\n<p class=\" wall-content\">Avant d\u2019arriver \u00e0 cette solution, elle explique, avec d\u2019autres habitants, avoir contact\u00e9\u00a0le Comit\u00e9 d\u2019int\u00e9r\u00eat de quartier (CIQ) de Bonneveine-Vieille Chapelle. La pr\u00e9sidente Christine La Rocca explique avoir <strong>fait de nombreux signalements<\/strong> \u00e0 la mairie de secteur, mais aussi \u00e0 Yannick Ohanessian, adjoint \u00e0 la S\u00e9curit\u00e9 de <a href=\"https:\/\/actu.fr\/tag\/benoit-payan\" target=\"_blank\" rel=\"noopener\">Beno\u00eet Payan<\/a>.<\/p>\n<p>    <a href=\"https:\/\/www.facebook.com\/plugins\/post.php?href=https%3A%2F%2Fwww.facebook.com%2Fpermalink.php%3Fstory_fbid%3Dpfbid0KUcYcUE8BUiwkAJU1ek29pn8LBUixcCQaVaG16hqLdwiu51TvHpiyuAAyG5WZd9hl%26id%3D100094617139889&amp;show_text=true&amp;width=350\" title=\"Ouvrie le lien\" target=\"_blank\" rel=\"noopener\">Cliquez ici pour visualiser le contenu<\/a><\/p>\n<p>Un contr\u00f4le bient\u00f4t effectu\u00e9 par la police municipale<\/p>\n<p class=\" wall-content\">Contact\u00e9e par actu Marseille, la Ville assure que les demandes ont \u00e9t\u00e9 transmises aux services administratifs de la police municipale.<\/p>\n<p class=\" wall-content\">Consciente de la lenteur des d\u00e9marches, elle r\u00e9affirme que <strong>\u00ab\u2009le dossier a \u00e9t\u00e9 pris en main\u2009\u00bb<\/strong> et r\u00e9v\u00e8le qu\u2019un contr\u00f4le va bient\u00f4t \u00eatre effectu\u00e9 sur place par la police municipale.<\/p>\n<p class=\" wall-content\">Le g\u00e9rant de la salle Casa Bianca n\u2019a pas r\u00e9pondu \u00e0 nos sollicitations.<\/p>\n<p class=\" wall-content\">Personnalisez votre actualit\u00e9 en ajoutant vos villes et m\u00e9dias en favori avec <a href=\"https:\/\/moncompte.actu.fr\" title=\"D\u00e9couvez Mon Actu\" rel=\"nofollow noopener\" data-trk=\"{&quot;cta&quot;:{&quot;action&quot;:&quot;https:\\\/\\\/moncompte.actu.fr&quot;,&quot;category&quot;:&quot;mon compte&quot;,&quot;from&quot;:&quot;article footer&quot;,&quot;name&quot;:&quot;Mon actu&quot;,&quot;type&quot;:&quot;cta&quot;}}\" target=\"_blank\">Mon Actu<\/a>.<\/p>\n","protected":false},"excerpt":{"rendered":"Par Thibault Nadal Publi\u00e9 le 13 janv. 2026 \u00e0 18h26 Pour C\u00e9cile, c\u2019est la goutte de trop, celle&hellip;\n","protected":false},"author":2,"featured_media":661409,"comment_status":"","ping_status":"","sticky":false,"template":"","format":"standard","meta":{"footnotes":""},"categories":[2814],"tags":[1111,11,1777,674,1011,27,2825,884,12,882,25,104],"class_list":{"0":"post-661408","1":"post","2":"type-post","3":"status-publish","4":"format-standard","5":"has-post-thumbnail","7":"category-marseille","8":"tag-actu","9":"tag-actualites","10":"tag-eu","11":"tag-europe","12":"tag-fr","13":"tag-france","14":"tag-insecurite","15":"tag-marseille","16":"tag-news","17":"tag-provence-alpes-cote-dazur","18":"tag-republique-francaise","19":"tag-societe"},"share_on_mastodon":{"url":"https:\/\/pubeurope.com\/@fr\/115889744429743932","error":""},"_links":{"self":[{"href":"https:\/\/www.europesays.com\/fr\/wp-json\/wp\/v2\/posts\/661408","targetHints":{"allow":["GET"]}}],"collection":[{"href":"https:\/\/www.europesays.com\/fr\/wp-json\/wp\/v2\/posts"}],"about":[{"href":"https:\/\/www.europesays.com\/fr\/wp-json\/wp\/v2\/types\/post"}],"author":[{"embeddable":true,"href":"https:\/\/www.europesays.com\/fr\/wp-json\/wp\/v2\/users\/2"}],"replies":[{"embeddable":true,"href":"https:\/\/www.europesays.com\/fr\/wp-json\/wp\/v2\/comments?post=661408"}],"version-history":[{"count":0,"href":"https:\/\/www.europesays.com\/fr\/wp-json\/wp\/v2\/posts\/661408\/revisions"}],"wp:featuredmedia":[{"embeddable":true,"href":"https:\/\/www.europesays.com\/fr\/wp-json\/wp\/v2\/media\/661409"}],"wp:attachment":[{"href":"https:\/\/www.europesays.com\/fr\/wp-json\/wp\/v2\/media?parent=661408"}],"wp:term":[{"taxonomy":"category","embeddable":true,"href":"https:\/\/www.europesays.com\/fr\/wp-json\/wp\/v2\/categories?post=661408"},{"taxonomy":"post_tag","embeddable":true,"href":"https:\/\/www.europesays.com\/fr\/wp-json\/wp\/v2\/tags?post=661408"}],"curies":[{"name":"wp","href":"https:\/\/api.w.org\/{rel}","templated":true}]}}