{"id":661410,"date":"2026-01-13T20:45:14","date_gmt":"2026-01-13T20:45:14","guid":{"rendered":"https:\/\/www.europesays.com\/fr\/661410\/"},"modified":"2026-01-13T20:45:14","modified_gmt":"2026-01-13T20:45:14","slug":"a-marseille-les-agents-de-securite-de-grand-littoral-denoncent-intimidations-et-repression-syndicale","status":"publish","type":"post","link":"https:\/\/www.europesays.com\/fr\/661410\/","title":{"rendered":"\u00c0 Marseille, les agents de s\u00e9curit\u00e9 de Grand Littoral d\u00e9noncent \u00ab\u00a0intimidations\u00a0\u00bb et \u00ab\u00a0r\u00e9pression syndicale\u00a0\u00bb"},"content":{"rendered":"<p>Une cinquantaine d\u2019uniformes noirs et autant de t\u00e9moignages de col\u00e8re\u00a0: <a href=\"https:\/\/www.laprovence.com\/article\/faits-divers-justice\/7379166906546714\/marseille-un-groupe-encagoule-devalise-un-magasin-de-vetements-a-grand-littoral\" target=\"_blank\" rel=\"noopener\">devant le centre commercial Grand Littoral, dans les quartiers Nord<\/a> (Marseille 15e-16e), les agents de s\u00e9curit\u00e9 de la soci\u00e9t\u00e9 Triomphe se sont donn\u00e9 rendez-vous ce mardi 13\u00a0janvier \u00e0 l\u2019appel de la CGT pour d\u00e9noncer \u00ab\u00a0un management brutal\u00a0\u00bb qui va de \u00ab\u00a0l\u2019intimidation\u00a0\u00bb aux \u00ab\u00a0changements de planning arbitraires\u00a0\u00bb. <a href=\"https:\/\/www.laprovence.com\/article\/societe\/13964049937899\/on-est-agresse-par-les-clients-et-meprise-par-les-patrons-a-grand-littoral-les-agents-de-securite-manifestent-leur-colere\" target=\"_blank\" rel=\"noopener\">Plusieurs gr\u00e9vistes qui avaient particip\u00e9 au premier rassemblement<\/a>, le 5\u00a0d\u00e9cembre, alors qu\u2019ils plaidaient pour des revalorisations salariales au regard des risques qui p\u00e8sent sur leur m\u00e9tier, assurent aujourd\u2019hui \u00ab\u00a0faire pour certains l\u2019objet d\u2019une mutation, voire d\u2019un entretien pr\u00e9alable au licenciement\u00a0\u00bb. Sollicit\u00e9s, ni la soci\u00e9t\u00e9 Triomphe, ni Kl\u00e9pierre, qui g\u00e8re Grand Littoral, n\u2019ont pas apport\u00e9 de r\u00e9ponses.<\/p>\n<p>\u00ab\u00a0C\u2019est un message : &lsquo;Si tu fais gr\u00e8ve, tu d\u00e9gages'\u00a0\u00bb<\/p>\n<p>Salari\u00e9 de Triomphe qui se pr\u00e9sente comme \u00ab\u00a0le premier groupe de s\u00e9curit\u00e9 ind\u00e9pendant dans l\u2019univers du commerce\u00a0\u00bb, Marc voit ses espoirs r\u00e9duits \u00e0 n\u00e9ant. Divorc\u00e9, il voulait se rapprocher de l\u2019Occitanie o\u00f9 son fils de 5\u00a0ans habite avec sa m\u00e8re mais \u00ab\u00a0quelques jours apr\u00e8s avoir particip\u00e9 \u00e0 la manifestation de d\u00e9but d\u00e9cembre, on m\u2019a mut\u00e9 du c\u00f4t\u00e9 de Vitrolles&#8230;<\/p>\n","protected":false},"excerpt":{"rendered":"Une cinquantaine d\u2019uniformes noirs et autant de t\u00e9moignages de col\u00e8re\u00a0: devant le centre commercial Grand Littoral, dans les&hellip;\n","protected":false},"author":2,"featured_media":661411,"comment_status":"","ping_status":"","sticky":false,"template":"","format":"standard","meta":{"footnotes":""},"categories":[2814],"tags":[5734,1111,11,6891,15785,1777,674,1011,27,2515,151,3135,884,12,882,25,656,104],"class_list":{"0":"post-661410","1":"post","2":"type-post","3":"status-publish","4":"format-standard","5":"has-post-thumbnail","7":"category-marseille","8":"tag-5734","9":"tag-actu","10":"tag-actualites","11":"tag-agents","12":"tag-denoncent","13":"tag-eu","14":"tag-europe","15":"tag-fr","16":"tag-france","17":"tag-grand","18":"tag-les","19":"tag-littoral","20":"tag-marseille","21":"tag-news","22":"tag-provence-alpes-cote-dazur","23":"tag-republique-francaise","24":"tag-securite","25":"tag-societe"},"share_on_mastodon":{"url":"https:\/\/pubeurope.com\/@fr\/115889748326191626","error":""},"_links":{"self":[{"href":"https:\/\/www.europesays.com\/fr\/wp-json\/wp\/v2\/posts\/661410","targetHints":{"allow":["GET"]}}],"collection":[{"href":"https:\/\/www.europesays.com\/fr\/wp-json\/wp\/v2\/posts"}],"about":[{"href":"https:\/\/www.europesays.com\/fr\/wp-json\/wp\/v2\/types\/post"}],"author":[{"embeddable":true,"href":"https:\/\/www.europesays.com\/fr\/wp-json\/wp\/v2\/users\/2"}],"replies":[{"embeddable":true,"href":"https:\/\/www.europesays.com\/fr\/wp-json\/wp\/v2\/comments?post=661410"}],"version-history":[{"count":0,"href":"https:\/\/www.europesays.com\/fr\/wp-json\/wp\/v2\/posts\/661410\/revisions"}],"wp:featuredmedia":[{"embeddable":true,"href":"https:\/\/www.europesays.com\/fr\/wp-json\/wp\/v2\/media\/661411"}],"wp:attachment":[{"href":"https:\/\/www.europesays.com\/fr\/wp-json\/wp\/v2\/media?parent=661410"}],"wp:term":[{"taxonomy":"category","embeddable":true,"href":"https:\/\/www.europesays.com\/fr\/wp-json\/wp\/v2\/categories?post=661410"},{"taxonomy":"post_tag","embeddable":true,"href":"https:\/\/www.europesays.com\/fr\/wp-json\/wp\/v2\/tags?post=661410"}],"curies":[{"name":"wp","href":"https:\/\/api.w.org\/{rel}","templated":true}]}}