{"id":661414,"date":"2026-01-13T20:47:13","date_gmt":"2026-01-13T20:47:13","guid":{"rendered":"https:\/\/www.europesays.com\/fr\/661414\/"},"modified":"2026-01-13T20:47:13","modified_gmt":"2026-01-13T20:47:13","slug":"redecouvrez-les-plus-grands-films-de-lannee-2025-au-tarif-de-6-e","status":"publish","type":"post","link":"https:\/\/www.europesays.com\/fr\/661414\/","title":{"rendered":"red\u00e9couvrez les plus grands films de l\u2019ann\u00e9e 2025 au tarif de 6\u00a0\u20ac"},"content":{"rendered":"<p>Les semaines \u201cBest of\u201d reviennent en force dans les cin\u00e9mas Path\u00e9. Du mercredi\u00a014 au mardi 27\u00a0janvier 2026, les amateurs de cin\u00e9ma pourront (re) d\u00e9couvrir les hits de 2025 \u00e0 un tarif imbattable\u00a0: 6\u00a0euros la place, hors frais \u00e9ventuels. De la com\u00e9die au thriller, en passant par l\u2019animation et le drame, la programmation s\u2019annonce vari\u00e9e et familiale.\u00a0Au menu notamment\u00a0: 13 Jours 13 Nuits , le film qui a \u00e9lectris\u00e9 Cannes, F1 , Dragons , Sinners , Lilo &amp; Stitch , Ma m\u00e8re, Dieu et <a href=\"https:\/\/www.leprogres.fr\/p\/sylvie-vartan\" target=\"_blank\" rel=\"noopener\">Sylvie Vartan<\/a> , Dossier 137 , La venue de l\u2019avenir , Une bataille apr\u00e8s l\u2019autres (avec\u00a0Leonardo DiCaprio) ou encore Life of Chuck. \u00c0 Lyon, les Path\u00e9 Bellecour, Carr\u00e9 de Soie et Vaise participent pleinement, avec des s\u00e9ances adapt\u00e9es. La programmation peut varier selon les sites.<\/p>\n<p>  R\u00e9servez votre bon plan d\u00e8s maintenant<\/p>\n<p>Rien de plus simple\u00a0: consultez <a href=\"https:\/\/www.pathe.fr\/\" target=\"_blank\" rel=\"noopener\">pathe.fr<\/a> ou l\u2019appli mobile Path\u00e9 pour la grille horaire et r\u00e9server. Ce tarif exceptionnel fait des semaines \u201cBest of\u201d l\u2019occasion id\u00e9ale pour prolonger la magie du grand \u00e9cran sans se ruiner.<\/p>\n","protected":false},"excerpt":{"rendered":"Les semaines \u201cBest of\u201d reviennent en force dans les cin\u00e9mas Path\u00e9. Du mercredi\u00a014 au mardi 27\u00a0janvier 2026, les&hellip;\n","protected":false},"author":2,"featured_media":661415,"comment_status":"","ping_status":"","sticky":false,"template":"","format":"standard","meta":{"footnotes":""},"categories":[1889],"tags":[1111,11,2430,650,1687,2757,1777,674,1011,27,2428,2756,12,2922,25,2429],"class_list":{"0":"post-661414","1":"post","2":"type-post","3":"status-publish","4":"format-standard","5":"has-post-thumbnail","7":"category-lyon","8":"tag-actu","9":"tag-actualites","10":"tag-auvergne-rhone-alpes","11":"tag-cinema","12":"tag-culture-loisirs","13":"tag-edition-lyon-villeurbanne","14":"tag-eu","15":"tag-europe","16":"tag-fr","17":"tag-france","18":"tag-lyon","19":"tag-lyon-bassin","20":"tag-news","21":"tag-pouvoir-dachat","22":"tag-republique-francaise","23":"tag-rhone"},"share_on_mastodon":{"url":"https:\/\/pubeurope.com\/@fr\/115889756075341287","error":""},"_links":{"self":[{"href":"https:\/\/www.europesays.com\/fr\/wp-json\/wp\/v2\/posts\/661414","targetHints":{"allow":["GET"]}}],"collection":[{"href":"https:\/\/www.europesays.com\/fr\/wp-json\/wp\/v2\/posts"}],"about":[{"href":"https:\/\/www.europesays.com\/fr\/wp-json\/wp\/v2\/types\/post"}],"author":[{"embeddable":true,"href":"https:\/\/www.europesays.com\/fr\/wp-json\/wp\/v2\/users\/2"}],"replies":[{"embeddable":true,"href":"https:\/\/www.europesays.com\/fr\/wp-json\/wp\/v2\/comments?post=661414"}],"version-history":[{"count":0,"href":"https:\/\/www.europesays.com\/fr\/wp-json\/wp\/v2\/posts\/661414\/revisions"}],"wp:featuredmedia":[{"embeddable":true,"href":"https:\/\/www.europesays.com\/fr\/wp-json\/wp\/v2\/media\/661415"}],"wp:attachment":[{"href":"https:\/\/www.europesays.com\/fr\/wp-json\/wp\/v2\/media?parent=661414"}],"wp:term":[{"taxonomy":"category","embeddable":true,"href":"https:\/\/www.europesays.com\/fr\/wp-json\/wp\/v2\/categories?post=661414"},{"taxonomy":"post_tag","embeddable":true,"href":"https:\/\/www.europesays.com\/fr\/wp-json\/wp\/v2\/tags?post=661414"}],"curies":[{"name":"wp","href":"https:\/\/api.w.org\/{rel}","templated":true}]}}