{"id":661416,"date":"2026-01-13T20:49:27","date_gmt":"2026-01-13T20:49:27","guid":{"rendered":"https:\/\/www.europesays.com\/fr\/661416\/"},"modified":"2026-01-13T20:49:27","modified_gmt":"2026-01-13T20:49:27","slug":"open-data-en-perinat-idf-mise-a-disposition-de-nouveaux-indicateurs-pour-agir-sur-les-enjeux-de-sante-perinatale","status":"publish","type":"post","link":"https:\/\/www.europesays.com\/fr\/661416\/","title":{"rendered":"Open Data en P\u00e9rinat IDF : mise \u00e0 disposition de nouveaux indicateurs pour agir sur les enjeux de sant\u00e9 p\u00e9rinatale"},"content":{"rendered":"<p>L\u2019Open Data P\u00e9rinat IDF met \u00e0 disposition des indicateurs cl\u00e9s en sant\u00e9 p\u00e9rinatale : mortalit\u00e9 infantile, pr\u00e9maturit\u00e9, facteurs de risques maternels, recours \u00e0 l\u2019IVG, etc. La r\u00e9cente mise \u00e0 jour permet d\u2019acc\u00e9der \u00e0 des informations in\u00e9dites, notamment :<\/p>\n<ul>\n<li>de nouveaux indicateurs relatifs au parcours pr\u00e9- et post-natal, au d\u00e9pistage de la surdit\u00e9 et au programme r\u00e9gional de suivi des enfants vuln\u00e9rables (SEV), et<\/li>\n<li>la possibilit\u00e9 de r\u00e9aliser des tris crois\u00e9s sur certains indicateurs ;<\/li>\n<li>une \u00e9chelle g\u00e9ographique infra-d\u00e9partementale, correspondant \u00e0 l\u2019arrondissement INSEE.<\/li>\n<\/ul>\n<p>Pour les acteurs institutionnels, les r\u00e9seaux de p\u00e9rinatalit\u00e9 ou encore les professionnels de sant\u00e9 et du social, , ces donn\u00e9es constituent une base pour objectiver les constats de terrain, construire des diagnostics territoriaux et appuyer les d\u00e9cisions strat\u00e9giques.<\/p>\n<p><a class=\"lien-ext\" href=\"https:\/\/opendata-perinat.sante-idf.fr\/app_direct\/open.data\/\" target=\"_blank\" data-xiti-name=\"Acc\u00e9der \u00e0 l&#039;Open Data P\u00e9rinat IDF\" data-xiti-chapitre1=\"Open Data en P\u00e9rinat IDF : mise \u00e0 disposition de nouveaux indicateurs pour agir sur les enjeux de sant\u00e9 p\u00e9rinatale\" data-xiti-type=\"exit\" rel=\"noopener\">Acc\u00e9der \u00e0 l&rsquo;Open Data P\u00e9rinat IDF<\/a><\/p>\n<p>\u00a0<\/p>\n<p>        <img decoding=\"async\" loading=\"lazy\"  width=\"249\" height=\"367\" src=\"https:\/\/www.europesays.com\/fr\/wp-content\/uploads\/2026\/01\/Design sans titre (11).png.jpg\" alt=\"\" typeof=\"foaf:Image\" class=\"img-responsive\"\/><\/p>\n<p>T\u00e9moignageCorinne Rudelle, sage-femme r\u00e9f\u00e9rente technique dans le service de Protection maternelle et infantile (PMI), d\u00e9partement du Val-d&rsquo;Oise (95), utilisatrice de l\u2019Open Data<\/p>\n<p>\u00ab Dans le d\u00e9partement du Val-d\u2019Oise, mon r\u00f4le s\u2019articule autour de deux grandes missions : la protection maternelle, en lien direct avec la p\u00e9rinatalit\u00e9, et la sant\u00e9 sexuelle, qui concerne aussi d\u2019autres publics et d\u2019autres enjeux. \u00bb<\/p>\n<p>Un contexte d\u00e9partemental pr\u00e9occupant<\/p>\n<p>Le Val-d\u2019Oise fait l\u2019objet d\u2019une attention particuli\u00e8re au niveau r\u00e9gional. Le d\u00e9partement se situe parmi les plus touch\u00e9s par la mortalit\u00e9 infantile en \u00cele-de-France, comme l\u2019indique l\u2019Open Data P\u00e9rinat IDF avec un taux de 4,6 d\u00e9c\u00e8s pour 1 000 naissances (contre 4.3 en \u00cele-de-France) en 2024. Cette situation tend \u00e0 se d\u00e9grader au fil des ann\u00e9es.<\/p>\n<p>\u00ab C\u2019est pr\u00e9cis\u00e9ment ce contexte qui a motiv\u00e9 mon implication dans ce poste. Les donn\u00e9es disponibles montraient d\u00e9j\u00e0 des indicateurs pr\u00e9occupants en p\u00e9rinatalit\u00e9. Les objectiver permet de ne pas rester dans le ressenti, mais de poser un diagnostic pour agir. \u00bb<\/p>\n<p>\u00a0<\/p>\n<p>Un outil pour comprendre et mieux agir<\/p>\n<p>L\u2019acc\u00e8s aux donn\u00e9es en Open Data Perinat IDF a permis \u00e0 cette professionnelle de mieux situer le Val-d\u2019Oise face aux autres d\u00e9partements franciliens et de renforcer le travail partenarial.<\/p>\n<p>\u00ab L\u2019outil Open Data P\u00e9rinat IDF m\u2019a permis de disposer, en un seul endroit, d\u2019indicateurs essentiels : facteurs de risques maternels, pr\u00e9maturit\u00e9, bilan global de la situation d\u00e9partementale, \u00e9volution des indicateurs dans le temps. Les chiffres existaient d\u00e9j\u00e0, mais ils \u00e9taient dispers\u00e9s. L\u00e0, tout est rassembl\u00e9, lisible et exploitable. La fiabilit\u00e9 de l\u2019information aussi pr\u00e9cise est vraiment rassurante. \u00bb<\/p>\n<p>Ces donn\u00e9es constituent un appui concret pour le dialogue avec les maternit\u00e9s, les \u00e9quipes de PMI et les femmes enceintes, mais aussi pour le pilotage des actions.<\/p>\n<p>\u00ab Le fait de pouvoir montrer que, par rapport aux ann\u00e9es ant\u00e9rieures, la situation se d\u00e9grade, est un \u00e9l\u00e9ment important pour mobiliser les acteurs notamment institutionnels et renforcer la coordination avec le r\u00e9seau de p\u00e9rinatalit\u00e9 du Val-d\u2019Oise. \u00bb<\/p>\n<p>Vers une meilleure utilisation des donn\u00e9es au service des politiques publiques\u00a0<\/p>\n<p>La mise \u00e0 jour de l\u2019outil Open Data P\u00e9rinat IDF confirme son r\u00f4le structurant dans l\u2019accompagnement des professionnels de sant\u00e9 et des institutions. En facilitant l\u2019acc\u00e8s \u00e0 des donn\u00e9es fiables et comparables, il favorise une meilleure lecture des dynamiques territoriales et soutient l\u2019\u00e9laboration de politiques publiques plus adapt\u00e9es aux besoins des populations.<\/p>\n<p>Comme le souligne Corinne Rudelle, cet outil a \u00e9galement vocation \u00e0 d\u00e9passer les besoins des experts : \u00ab J\u2019esp\u00e8re que les \u00e9lus, le grand public et l\u2019ensemble des acteurs se saisiront de l\u2019outil. Les informations mises \u00e0 disposition peuvent \u00eatre utiles \u00e0 tous, pas uniquement aux professionnels sp\u00e9cialis\u00e9s sur ces questions. \u00bb<\/p>\n","protected":false},"excerpt":{"rendered":"L\u2019Open Data P\u00e9rinat IDF met \u00e0 disposition des indicateurs cl\u00e9s en sant\u00e9 p\u00e9rinatale : mortalit\u00e9 infantile, pr\u00e9maturit\u00e9, facteurs&hellip;\n","protected":false},"author":2,"featured_media":661417,"comment_status":"","ping_status":"","sticky":false,"template":"","format":"standard","meta":{"footnotes":""},"categories":[1592],"tags":[1111,11,1777,674,1011,27,662,12,626,25],"class_list":{"0":"post-661416","1":"post","2":"type-post","3":"status-publish","4":"format-standard","5":"has-post-thumbnail","7":"category-ile-de-france","8":"tag-actu","9":"tag-actualites","10":"tag-eu","11":"tag-europe","12":"tag-fr","13":"tag-france","14":"tag-ile-de-france","15":"tag-news","16":"tag-paris","17":"tag-republique-francaise"},"share_on_mastodon":{"url":"https:\/\/pubeurope.com\/@fr\/115889764112965193","error":""},"_links":{"self":[{"href":"https:\/\/www.europesays.com\/fr\/wp-json\/wp\/v2\/posts\/661416","targetHints":{"allow":["GET"]}}],"collection":[{"href":"https:\/\/www.europesays.com\/fr\/wp-json\/wp\/v2\/posts"}],"about":[{"href":"https:\/\/www.europesays.com\/fr\/wp-json\/wp\/v2\/types\/post"}],"author":[{"embeddable":true,"href":"https:\/\/www.europesays.com\/fr\/wp-json\/wp\/v2\/users\/2"}],"replies":[{"embeddable":true,"href":"https:\/\/www.europesays.com\/fr\/wp-json\/wp\/v2\/comments?post=661416"}],"version-history":[{"count":0,"href":"https:\/\/www.europesays.com\/fr\/wp-json\/wp\/v2\/posts\/661416\/revisions"}],"wp:featuredmedia":[{"embeddable":true,"href":"https:\/\/www.europesays.com\/fr\/wp-json\/wp\/v2\/media\/661417"}],"wp:attachment":[{"href":"https:\/\/www.europesays.com\/fr\/wp-json\/wp\/v2\/media?parent=661416"}],"wp:term":[{"taxonomy":"category","embeddable":true,"href":"https:\/\/www.europesays.com\/fr\/wp-json\/wp\/v2\/categories?post=661416"},{"taxonomy":"post_tag","embeddable":true,"href":"https:\/\/www.europesays.com\/fr\/wp-json\/wp\/v2\/tags?post=661416"}],"curies":[{"name":"wp","href":"https:\/\/api.w.org\/{rel}","templated":true}]}}