{"id":661418,"date":"2026-01-13T20:50:18","date_gmt":"2026-01-13T20:50:18","guid":{"rendered":"https:\/\/www.europesays.com\/fr\/661418\/"},"modified":"2026-01-13T20:50:18","modified_gmt":"2026-01-13T20:50:18","slug":"lombre-de-trafiquants-mexicains-derriere-la-saisie-record-de-207-kg-de-methamphetamine-en-france","status":"publish","type":"post","link":"https:\/\/www.europesays.com\/fr\/661418\/","title":{"rendered":"L\u2019ombre de trafiquants mexicains derri\u00e8re la saisie record de 207\u00a0kg de m\u00e9thamph\u00e9tamine en France"},"content":{"rendered":"<p class=\"paragraph text_align_left lp-f-body-02\">Au milieu des milliers de colis arriv\u00e9s \u00e0 l\u2019a\u00e9roport Charles-de-Gaulle en cette semaine de No\u00ebl, trois lourdes palettes en provenance de l\u2019a\u00e9roport de Mexico. Exp\u00e9di\u00e9s par un constructeur de pi\u00e8ces automobiles bas\u00e9 au Mexique, les cartons interpellent rapidement les douaniers\u2026 Apr\u00e8s un passage inefficace au scanner, un agent d\u00e9couvre une cache ultra-perfectionn\u00e9e dissimul\u00e9e dans des pi\u00e8ces de m\u00e9tal. \u00c0 l\u2019int\u00e9rieur, de la m\u00e9thamph\u00e9tamine, une drogue de synth\u00e8se particuli\u00e8rement addictive dont les saisies sont rares en m\u00e9tropole.<\/p>\n<p class=\"\">Pour la justice, une telle livraison <a href=\"https:\/\/www.leparisien.fr\/faits-divers\/un-laboratoire-de-methamphetamine-decouvert-dans-une-villa-de-luxe-du-var-un-trafic-lie-a-un-cartel-mexicain-demantele-24-05-2025-TON2UVRNXJCHZDJSUURB2SBL4M.php\" target=\"_self\" rel=\"noopener\">d\u2019un produit rare<\/a>, \u00e0 l\u2019aide de caches extr\u00eamement perfectionn\u00e9es, est forc\u00e9ment l\u2019\u0153uvre d\u2019une organisation criminelle de premier plan. En raison de la provenance du fret, la piste d\u2019une exp\u00e9dition par des cartels mexicains est envisag\u00e9e.<\/p>\n","protected":false},"excerpt":{"rendered":"Au milieu des milliers de colis arriv\u00e9s \u00e0 l\u2019a\u00e9roport Charles-de-Gaulle en cette semaine de No\u00ebl, trois lourdes palettes&hellip;\n","protected":false},"author":2,"featured_media":661419,"comment_status":"","ping_status":"","sticky":false,"template":"","format":"standard","meta":{"footnotes":""},"categories":[1888],"tags":[1111,1928,11,1927,459,1777,674,118,1011,27,12,1926,626,1925,25],"class_list":{"0":"post-661418","1":"post","2":"type-post","3":"status-publish","4":"format-standard","5":"has-post-thumbnail","7":"category-paris","8":"tag-actu","9":"tag-actu-paris","10":"tag-actualites","11":"tag-actualites-paris","12":"tag-departements-horsidfo","13":"tag-eu","14":"tag-europe","15":"tag-faits-divers","16":"tag-fr","17":"tag-france","18":"tag-news","19":"tag-news-paris","20":"tag-paris","21":"tag-paris-news","22":"tag-republique-francaise"},"share_on_mastodon":{"url":"https:\/\/pubeurope.com\/@fr\/115889767961397921","error":""},"_links":{"self":[{"href":"https:\/\/www.europesays.com\/fr\/wp-json\/wp\/v2\/posts\/661418","targetHints":{"allow":["GET"]}}],"collection":[{"href":"https:\/\/www.europesays.com\/fr\/wp-json\/wp\/v2\/posts"}],"about":[{"href":"https:\/\/www.europesays.com\/fr\/wp-json\/wp\/v2\/types\/post"}],"author":[{"embeddable":true,"href":"https:\/\/www.europesays.com\/fr\/wp-json\/wp\/v2\/users\/2"}],"replies":[{"embeddable":true,"href":"https:\/\/www.europesays.com\/fr\/wp-json\/wp\/v2\/comments?post=661418"}],"version-history":[{"count":0,"href":"https:\/\/www.europesays.com\/fr\/wp-json\/wp\/v2\/posts\/661418\/revisions"}],"wp:featuredmedia":[{"embeddable":true,"href":"https:\/\/www.europesays.com\/fr\/wp-json\/wp\/v2\/media\/661419"}],"wp:attachment":[{"href":"https:\/\/www.europesays.com\/fr\/wp-json\/wp\/v2\/media?parent=661418"}],"wp:term":[{"taxonomy":"category","embeddable":true,"href":"https:\/\/www.europesays.com\/fr\/wp-json\/wp\/v2\/categories?post=661418"},{"taxonomy":"post_tag","embeddable":true,"href":"https:\/\/www.europesays.com\/fr\/wp-json\/wp\/v2\/tags?post=661418"}],"curies":[{"name":"wp","href":"https:\/\/api.w.org\/{rel}","templated":true}]}}