{"id":661422,"date":"2026-01-13T20:52:23","date_gmt":"2026-01-13T20:52:23","guid":{"rendered":"https:\/\/www.europesays.com\/fr\/661422\/"},"modified":"2026-01-13T20:52:23","modified_gmt":"2026-01-13T20:52:23","slug":"le-groupe-annonce-son-grand-retour-avec-2-dates-a-paris","status":"publish","type":"post","link":"https:\/\/www.europesays.com\/fr\/661422\/","title":{"rendered":"le groupe annonce son grand retour avec 2 dates \u00e0 Paris"},"content":{"rendered":"<p class=\"intro\">C\u2019est d\u00e9sormais officiel\u00a0: le group de K-pop BTS fera son grand retour sur sc\u00e8ne en 2026 avec une tourn\u00e9e mondiale d\u2019envergure, et la France figure bien au programme. L\u2019annonce vient de tomber et cr\u00e9e d\u00e9j\u00e0 l\u2019\u00e9v\u00e9nement\u00a0: deux dates sont pr\u00e9vues \u00e0 Paris les 17 et 18 juillet 2026, confirmant l\u2019attente immense des fans fran\u00e7ais apr\u00e8s plusieurs ann\u00e9es sans tourn\u00e9e mondiale du groupe.<\/p>\n<p><a data-lightbox=\"article\" data-title=\"Le groupe BTS annonce 2 dates \u00e0 Paris pour sa tourn\u00e9e 2026 \u00a9 CC - AJEONG_JM\" class=\"image detail fullwidth\" href=\"https:\/\/www.jds.fr\/medias\/image\/tournee-mondiale-bts-le-groupe-annonce-son-grand-r-820179-1200-0-F.webp\" title=\"Le groupe BTS annonce 2 dates \u00e0 Paris pour sa tourn\u00e9e 2026 \u00a9 CC - AJEONG_JM\" target=\"_blank\" rel=\"noopener\"><br \/>\n<img decoding=\"async\" loading=\"lazy\" src=\"https:\/\/www.europesays.com\/fr\/wp-content\/uploads\/2026\/01\/tournee-mondiale-bts-le-groupe-annonce-son-grand-r-820179-1200-0.webp.webp\"   alt=\"Le groupe BTS annonce 2 dates \u00e0 Paris pour sa tourn\u00e9e 2026\" class=\"shortcode_image border\"\/><br \/>\n\u00a9 CC &#8211; AJEONG_JM<br \/>\nLe groupe BTS annonce 2 dates \u00e0 Paris pour sa tourn\u00e9e 2026<br \/>\n<\/a>\n<\/p>\n<p>Le retour de BTS sur sc\u00e8ne en 2026\u00a0: une tourn\u00e9e mondiale tr\u00e8s attendue<\/p>\n<p><strong>La tourn\u00e9e 2026 du groupe BTS<\/strong> s\u2019annonce comme l\u2019un des \u00e9v\u00e9nements musicaux majeurs de l\u2019ann\u00e9e. Le groupe sud-cor\u00e9en (compos\u00e9 de Jin, Suga, J-Hope, RM, Jimin, V et Jungkook) pr\u00e9voit une s\u00e9rie de concerts sur plusieurs continents, avec des \u00e9tapes en Asie, en Am\u00e9rique du Nord, en Am\u00e9rique latine et en Europe. Paris s\u2019impose une nouvelle fois comme une place forte de cette tourn\u00e9e, aux c\u00f4t\u00e9s de grandes capitales internationales.<\/p>\n<p>Cette annonce marque le <a href=\"https:\/\/www.jds.fr\/magazine\/actu-magazine\/retour-du-groupe-bts-en-2026-un-nouvel-album-et-une-tournee-mondial-1313838_A\" target=\"_blank\" rel=\"noopener\">retour tr\u00e8s attendu de BTS<\/a> sur sc\u00e8ne apr\u00e8s une p\u00e9riode consacr\u00e9e aux projets individuels et aux obligations militaires de certains membres. Pour l\u2019ARMY, il s\u2019agit d\u2019un moment historique, symbole de retrouvailles et de renaissance collective.<\/p>\n<p>Concert de BTS en France\u00a0: deux dates \u00e0 Paris en juillet 2026<\/p>\n<p>Les concerts parisiens auront lieu les <strong>vendredi 17 et samedi 18 juillet 2026<\/strong> au<strong> Stade de France.<\/strong><\/p>\n<p>Ce passage \u00e0 Paris marque les grandes retrouvailles du groupe avec leur public europ\u00e9en. Ce spectacle s&rsquo;annonce d\u00e9j\u00e0 comme l&rsquo;un des plus impressionnants de leur carri\u00e8re, avec une setlist m\u00ealant leurs plus grands classiques et les titres de leur nouvel album.\u00a0<\/p>\n<p>Billetterie pour les concerts de BTS \u00e0 Paris en 2026<\/p>\n<p class=\"mise_en_avant\">Les billets seront mis en vente le samedi 24 janvier 2026 \u00e0 15h<\/p>\n<p>Compte tenu de l\u2019engouement mondial autour de cette tourn\u00e9e, une forte affluence est attendue d\u00e8s la mise en vente des billets. Les fans sont donc invit\u00e9s \u00e0 rester particuli\u00e8rement attentifs aux prochaines annonces.<\/p>\n<p>Pour maximiser vos chances d&rsquo;obtenir un billet, il est conseiller de passer par les pr\u00e9ventes.\u00a0<br \/>Toutes les infos sur <a href=\"https:\/\/www.jds.fr\/paris\/magazine\/actu-magazine\/prevente-bts-a-paris-2026-comment-acceder-aux-billets-avant-tout-le-monde-1321247_A\" target=\"_blank\" rel=\"noopener\">les pr\u00e9ventes pour assister au concert de BTS \u00e0 Paris<\/a>.<\/p>\n<p><a data-lightbox=\"article\" data-title=\"Villes et dates de la tourn\u00e9e mondiale 2026 de BTS DR\" class=\"image detail fullwidth\" href=\"https:\/\/www.jds.fr\/medias\/image\/tournee-mondiale-bts-le-groupe-annonce-son-grand-r-1-820180-1200-0-F.webp\" title=\"Villes et dates de la tourn\u00e9e mondiale 2026 de BTS DR\" target=\"_blank\" rel=\"noopener\"><br \/>\n<img decoding=\"async\" loading=\"lazy\" src=\"https:\/\/www.europesays.com\/fr\/wp-content\/uploads\/2026\/01\/tournee-mondiale-bts-le-groupe-annonce-son-grand-r-1-820180-1200-0.webp.webp\"   alt=\"Villes et dates de la tourn\u00e9e mondiale 2026 de BTS\" class=\"shortcode_image border\"\/><br \/>\n\u00a9 DR<br \/>\nVilles et dates de la tourn\u00e9e mondiale 2026 de BTS<br \/>\n<\/a>\n<\/p>\n<p>BTS World Tour 2026 &#8211; Toutes les villes et dates de la tourn\u00e9e<\/p>\n<p>Voici les dates et villes actuellement annonc\u00e9es pour le BTS World Tour 2026\u00a0:\u00a0<\/p>\n<ul>&#13;<\/p>\n<li><strong>9, 11 &amp; 12 avril 2026<\/strong> &#8211; Goyang<\/li>\n<p>&#13;<\/p>\n<li><strong>17 &amp; 18 avril 2026<\/strong> &#8211; Tokyo<\/li>\n<p>&#13;<\/p>\n<li><strong>25 &amp; 26 avril 2026<\/strong> &#8211; Tampa<\/li>\n<p>&#13;<\/p>\n<li><strong>2 &amp; 3 mai 2026<\/strong> &#8211; El Paso<\/li>\n<p>&#13;<\/p>\n<li><strong>7, 9 &amp; 10 mai 2026<\/strong> &#8211; Mexico City<\/li>\n<p>&#13;<\/p>\n<li><strong>16 &amp; 17 mai 2026<\/strong> &#8211; Stanford<\/li>\n<p>&#13;<\/p>\n<li><strong>23, 24 &amp; 27 mai 2026<\/strong> &#8211; Las Vegas<\/li>\n<p>&#13;<\/p>\n<li><strong>12 &amp; 13 juin 2026<\/strong> &#8211; Busan<\/li>\n<p>&#13;<\/p>\n<li><strong>26 &amp; 27 juin 2026<\/strong> &#8211; Madrid<\/li>\n<p>&#13;<\/p>\n<li><strong>1 &amp; 2 juillet 2026<\/strong> &#8211; Brussels<\/li>\n<p>&#13;<\/p>\n<li><strong>6 &amp; 7 juillet 2026<\/strong> &#8211; London<\/li>\n<p>&#13;<\/p>\n<li><strong>11 &amp; 12 juillet 2026<\/strong> &#8211; Munich<\/li>\n<p>&#13;<\/p>\n<li><strong>17 &amp; 18 juillet 2026<\/strong> &#8211; Paris<\/li>\n<p>&#13;<\/p>\n<li><strong>1 &amp; 2 ao\u00fbt 2026<\/strong> &#8211; East Rutherford<\/li>\n<p>&#13;<\/p>\n<li><strong>5 &amp; 6 ao\u00fbt 2026<\/strong> &#8211; Foxborough<\/li>\n<p>&#13;<\/p>\n<li><strong>10 &amp; 11 ao\u00fbt 2026<\/strong> &#8211; Baltimore<\/li>\n<p>&#13;<\/p>\n<li><strong>15 &amp; 16 ao\u00fbt 2026<\/strong> &#8211; Arlington<\/li>\n<p>&#13;<\/p>\n<li><strong>22 &amp; 23 ao\u00fbt 2026<\/strong> &#8211; Toronto<\/li>\n<p>&#13;<\/p>\n<li><strong>27 &amp; 28 ao\u00fbt 2026<\/strong> &#8211; Chicago<\/li>\n<p>&#13;<\/p>\n<li><strong>1, 2, 5 &amp; 6 septembre 2026<\/strong> &#8211; Los Angeles<\/li>\n<p>&#13;<\/p>\n<li><strong>2 &amp; 3 octobre 2026<\/strong> &#8211; Bogota<\/li>\n<p>&#13;<\/p>\n<li><strong>9 &amp; 10 octobre 2026<\/strong> &#8211; Lima<\/li>\n<p>&#13;<\/p>\n<li><strong>16 &amp; 17 octobre 2026<\/strong> &#8211; Santiago<\/li>\n<p>&#13;<\/p>\n<li><strong>23 &amp; 24 octobre 2026<\/strong> &#8211; Buenos Aires<\/li>\n<p>&#13;<\/p>\n<li><strong>28, 30 &amp; 31 octobre 2026<\/strong> &#8211; S\u00e3o Paulo<\/li>\n<p>&#13;<\/p>\n<li><strong>19, 21 &amp; 22 novembre 2026<\/strong> &#8211; Kaohsiung<\/li>\n<p>&#13;<\/p>\n<li><strong>3, 5 &amp; 6 d\u00e9cembre 2026<\/strong> &#8211; Bangkok<\/li>\n<p>&#13;<\/p>\n<li><strong>12 &amp; 13 d\u00e9cembre 2026<\/strong> &#8211; Kuala Lumpur<\/li>\n<p>&#13;<\/p>\n<li><strong>17, 19, 20 &amp; 22 d\u00e9cembre 2026<\/strong> &#8211; Singapore<\/li>\n<p>&#13;<\/p>\n<li><strong>26 &amp; 27 d\u00e9cembre 2026<\/strong> &#8211; Jakarta<\/li>\n<p>&#13;<\/p>\n<li><strong>12 &amp; 13 f\u00e9vrier 2027<\/strong> &#8211; Melbourne<\/li>\n<p>&#13;<\/p>\n<li><strong>20 &amp; 21 f\u00e9vrier 2027<\/strong> &#8211; Sydney<\/li>\n<p>&#13;<\/p>\n<li><strong>4, 6 &amp; 7 mars 2027<\/strong> &#8211; Hong Kong<\/li>\n<p>&#13;<\/p>\n<li><strong>13 &amp; 14 mars 2027<\/strong> &#8211; Manila<\/li>\n<p>&#13;\n<\/ul>\n<p>D\u2019autres dates viendront compl\u00e9ter cette tourn\u00e9e mondiale. De nouvelles annonces sont attendues prochainement\u00a0!<\/p>\n","protected":false},"excerpt":{"rendered":"C\u2019est d\u00e9sormais officiel\u00a0: le group de K-pop BTS fera son grand retour sur sc\u00e8ne en 2026 avec une&hellip;\n","protected":false},"author":2,"featured_media":661423,"comment_status":"","ping_status":"","sticky":false,"template":"","format":"standard","meta":{"footnotes":""},"categories":[1888],"tags":[11,1777,674,1011,27,12,626,25],"class_list":{"0":"post-661422","1":"post","2":"type-post","3":"status-publish","4":"format-standard","5":"has-post-thumbnail","7":"category-paris","8":"tag-actualites","9":"tag-eu","10":"tag-europe","11":"tag-fr","12":"tag-france","13":"tag-news","14":"tag-paris","15":"tag-republique-francaise"},"share_on_mastodon":{"url":"https:\/\/pubeurope.com\/@fr\/115889776106193894","error":""},"_links":{"self":[{"href":"https:\/\/www.europesays.com\/fr\/wp-json\/wp\/v2\/posts\/661422","targetHints":{"allow":["GET"]}}],"collection":[{"href":"https:\/\/www.europesays.com\/fr\/wp-json\/wp\/v2\/posts"}],"about":[{"href":"https:\/\/www.europesays.com\/fr\/wp-json\/wp\/v2\/types\/post"}],"author":[{"embeddable":true,"href":"https:\/\/www.europesays.com\/fr\/wp-json\/wp\/v2\/users\/2"}],"replies":[{"embeddable":true,"href":"https:\/\/www.europesays.com\/fr\/wp-json\/wp\/v2\/comments?post=661422"}],"version-history":[{"count":0,"href":"https:\/\/www.europesays.com\/fr\/wp-json\/wp\/v2\/posts\/661422\/revisions"}],"wp:featuredmedia":[{"embeddable":true,"href":"https:\/\/www.europesays.com\/fr\/wp-json\/wp\/v2\/media\/661423"}],"wp:attachment":[{"href":"https:\/\/www.europesays.com\/fr\/wp-json\/wp\/v2\/media?parent=661422"}],"wp:term":[{"taxonomy":"category","embeddable":true,"href":"https:\/\/www.europesays.com\/fr\/wp-json\/wp\/v2\/categories?post=661422"},{"taxonomy":"post_tag","embeddable":true,"href":"https:\/\/www.europesays.com\/fr\/wp-json\/wp\/v2\/tags?post=661422"}],"curies":[{"name":"wp","href":"https:\/\/api.w.org\/{rel}","templated":true}]}}