{"id":661428,"date":"2026-01-13T20:55:11","date_gmt":"2026-01-13T20:55:11","guid":{"rendered":"https:\/\/www.europesays.com\/fr\/661428\/"},"modified":"2026-01-13T20:55:11","modified_gmt":"2026-01-13T20:55:11","slug":"un-missile-russe-provoque-lire-des-etats-unis-et-bataille-navale-en-mer-noire","status":"publish","type":"post","link":"https:\/\/www.europesays.com\/fr\/661428\/","title":{"rendered":"Un missile russe provoque l\u2019ire des Etats-Unis et bataille navale en mer Noire"},"content":{"rendered":"<p>Vous avez rat\u00e9 les derniers \u00e9v\u00e9nements sur la <a href=\"https:\/\/www.20minutes.fr\/monde\/ukraine\/\" class=\"c-link c-link--is-underlined\" target=\"_blank\" rel=\"noopener\">guerre en Ukraine<\/a>\u00a0? 20 Minutes fait le point pour vous tous les soirs. Voici l\u2019essentiel de ce mardi 13\u00a0janvier, au 1.419e jour du conflit.<\/p>\n<p>Le fait du jour<\/p>\n<p>Le ton monte consid\u00e9rablement entre la <a href=\"https:\/\/www.20minutes.fr\/monde\/russie\/\" class=\"c-link c-link--is-underlined\" target=\"_blank\" rel=\"noopener\">Russie<\/a> de <a href=\"https:\/\/www.20minutes.fr\/monde\/vladimir_poutine\/\" class=\"c-link c-link--is-underlined\" target=\"_blank\" rel=\"noopener\">Poutine<\/a> et les <a href=\"https:\/\/www.20minutes.fr\/monde\/etats-unis\/\" class=\"c-link c-link--is-underlined\" target=\"_blank\" rel=\"noopener\">Etats-Unis<\/a> de <a href=\"https:\/\/www.20minutes.fr\/dossier\/donald_trump\" class=\"c-link c-link--is-underlined\" target=\"_blank\" rel=\"noopener\">Trump<\/a>. L&rsquo;\u00ab\u00a0empoignade\u00a0\u00bb, verbale, a eu lieu dans la nuit de lundi \u00e0 mardi dans l\u2019enceinte feutr\u00e9e du Conseil de s\u00e9curit\u00e9 de l\u2019ONU, saisi par Kiev sur l\u2019emploi, vendredi dernier, d\u2019un missile balistique hypersonique Orechnik par Moscou.<\/p>\n<p>\u00ab\u00a0Cela constitue une nouvelle escalade dangereuse et inexplicable, alors que les Etats-Unis travaillent avec Kiev, d\u2019autres partenaires et Moscou pour mettre un terme \u00e0 la guerre via un accord n\u00e9goci\u00e9\u00a0\u00bb, a d\u00e9nonc\u00e9 l\u2019ambassadrice am\u00e9ricaine adjointe \u00e0 l\u2019<a href=\"https:\/\/www.20minutes.fr\/monde\/onu\/\" class=\"c-link c-link--is-underlined\" target=\"_blank\" rel=\"noopener\">ONU<\/a>, Tammy Bruce. \u00ab\u00a0Les deux parties devraient chercher des voies vers la d\u00e9sescalade, mais les actions de la Russie menacent d\u2019\u00e9tendre et d\u2019intensifier la guerre\u00a0\u00bb, a-t-elle ajout\u00e9, accusant Moscou de \u00ab\u00a0tourner la cause de la paix en ridicule\u00a0\u00bb.<\/p>\n<\/p>\n<p>L\u2019ambassadeur russe, Vassili Nebenzia, a rejet\u00e9 en bloc toutes les critiques les membres du Conseil de s\u00e9curit\u00e9 en bloc, assurant que l\u2019arm\u00e9e russe ne visait pas les civils.<\/p>\n<p>La d\u00e9claration du jour<\/p>\n<blockquote class=\"mx-m@xs mx-xxl@md color-ultramarine c-citation\">\n<p class=\"font-weight-regular@xs text-italic font-source-serif-pro text-l@xs c-citation__content\">\u00ab\u00a0Ce que nous voyons aujourd\u2019hui rappelle les pires pr\u00e9c\u00e9dents de l\u2019Histoire humaine, quand des empires malfaisants tentaient de briser la r\u00e9sistance des civils en utilisant le froid, la faim et les t\u00e9n\u00e8bres comme armes.\u00a0\u00bb<\/p>\n<\/blockquote>\n<p>Andri\u00ef Melnyk, ambassadeur ukrainien aupr\u00e8s de l\u2019ONU, n\u2019a pas m\u00e2ch\u00e9 ses mots non plus, alors que des habitants de Kiev grelottent, parfois par -15\u00a0\u00b0C, apr\u00e8s les d\u00e9g\u00e2ts caus\u00e9s sur les infrastructures \u00e9nerg\u00e9tiques de la capitale par la fameuse attaque massive russe de vendredi.<\/p>\n<p>Le chiffre du jour<\/p>\n<p>293. Le nombre de drones lanc\u00e9s ce mardi par Moscou sur l\u2019Ukraine, \u00e0 quoi s\u2019ajoutent au moins 25 missiles selon Kiev. Cette nouvelle attaque a vis\u00e9 les r\u00e9gions de Kiev, Kharkiv, Zaporijjia (sud) et Dnipropetrovsk (centre-est). A Kharkiv, elle a fait au moins quatre morts civils.<\/p>\n<p>La tendance<\/p>\n<p>La bataille navale se poursuit en mer Noire. Ce mardi, deux p\u00e9troliers grecs ont \u00e9t\u00e9 touch\u00e9s pr\u00e8s du port russe de Novorossi\u00efsk, en mer Noire, sans heureusement faire de d\u00e9g\u00e2ts majeurs. Le Matilda et le Delta Harmony, g\u00e9r\u00e9s par deux compagnies grecques et battant respectivement pavillon maltais et lib\u00e9rien, \u00ab\u00a0ont \u00e9t\u00e9 attaqu\u00e9s par deux drones sans subir de d\u00e9g\u00e2ts majeurs\u00a0\u00bb, a indiqu\u00e9 une responsable du bureau de presse du minist\u00e8re grec de la Marine marchande, sans pr\u00e9ciser l\u2019origine de ces drones. Mais, selon une source anonyme cit\u00e9e par l\u2019agence de presse russe Ria Novosti, ces drones \u00e9taient ukrainiens.<\/p>\n<p><a href=\"https:\/\/www.20minutes.fr\/monde\/ukraine\/\" class=\"c-link c-btn c-btn--primary\" target=\"_blank\" rel=\"noopener\">Notre dossier sur la guerre en Ukraine<\/a><\/p>\n<p>Les attaques russes et ukrainiennes sur des navires civils se multiplient depuis plusieurs semaines. Lundi, l\u2019Ukraine avait accus\u00e9 la Russie d\u2019avoir frapp\u00e9 avec des drones deux cargos battant pavillon du Panama et de Saint-Marin, qui se trouvaient \u00e0 proximit\u00e9 d\u2019un port ukrainien de la mer Noire, faisant un bless\u00e9.<\/p>\n","protected":false},"excerpt":{"rendered":"Vous avez rat\u00e9 les derniers \u00e9v\u00e9nements sur la guerre en Ukraine\u00a0? 20 Minutes fait le point pour vous&hellip;\n","protected":false},"author":2,"featured_media":661429,"comment_status":"","ping_status":"","sticky":false,"template":"","format":"standard","meta":{"footnotes":""},"categories":[1590],"tags":[47,11,75,73,1777,674,131,4997,3343,74,12,3521,132,220,135],"class_list":{"0":"post-661428","1":"post","2":"type-post","3":"status-publish","4":"format-standard","5":"has-post-thumbnail","7":"category-ukraine","8":"tag-actualite","9":"tag-actualites","10":"tag-donald-trump","11":"tag-etats-unis","12":"tag-eu","13":"tag-europe","14":"tag-guerre-en-ukraine","15":"tag-kiev-kyiv","16":"tag-missile","17":"tag-monde","18":"tag-news","19":"tag-onu","20":"tag-russie","21":"tag-ukraine","22":"tag-vladimir-poutine"},"share_on_mastodon":{"url":"https:\/\/pubeurope.com\/@fr\/115889787604682867","error":""},"_links":{"self":[{"href":"https:\/\/www.europesays.com\/fr\/wp-json\/wp\/v2\/posts\/661428","targetHints":{"allow":["GET"]}}],"collection":[{"href":"https:\/\/www.europesays.com\/fr\/wp-json\/wp\/v2\/posts"}],"about":[{"href":"https:\/\/www.europesays.com\/fr\/wp-json\/wp\/v2\/types\/post"}],"author":[{"embeddable":true,"href":"https:\/\/www.europesays.com\/fr\/wp-json\/wp\/v2\/users\/2"}],"replies":[{"embeddable":true,"href":"https:\/\/www.europesays.com\/fr\/wp-json\/wp\/v2\/comments?post=661428"}],"version-history":[{"count":0,"href":"https:\/\/www.europesays.com\/fr\/wp-json\/wp\/v2\/posts\/661428\/revisions"}],"wp:featuredmedia":[{"embeddable":true,"href":"https:\/\/www.europesays.com\/fr\/wp-json\/wp\/v2\/media\/661429"}],"wp:attachment":[{"href":"https:\/\/www.europesays.com\/fr\/wp-json\/wp\/v2\/media?parent=661428"}],"wp:term":[{"taxonomy":"category","embeddable":true,"href":"https:\/\/www.europesays.com\/fr\/wp-json\/wp\/v2\/categories?post=661428"},{"taxonomy":"post_tag","embeddable":true,"href":"https:\/\/www.europesays.com\/fr\/wp-json\/wp\/v2\/tags?post=661428"}],"curies":[{"name":"wp","href":"https:\/\/api.w.org\/{rel}","templated":true}]}}