{"id":66143,"date":"2025-05-01T05:22:11","date_gmt":"2025-05-01T05:22:11","guid":{"rendered":"https:\/\/www.europesays.com\/fr\/66143\/"},"modified":"2025-05-01T05:22:11","modified_gmt":"2025-05-01T05:22:11","slug":"le-festival-cinema-paradiso-fait-son-grand-retour-cet-ete-au-musee-du-louvre","status":"publish","type":"post","link":"https:\/\/www.europesays.com\/fr\/66143\/","title":{"rendered":"Le festival Cin\u00e9ma Paradiso fait son grand retour cet \u00e9t\u00e9 au mus\u00e9e du Louvre"},"content":{"rendered":"<p>Le <a href=\"https:\/\/www.vogue.fr\/culture\/article\/cinema-en-plein-air-louvre-paradiso-paris-2022\" target=\"_blank\" rel=\"noopener\"><strong>Festival Cin\u00e9ma Paradiso<\/strong><\/a> continue d&rsquo;avoir le vent en poupe ! Apr\u00e8s un an d&rsquo;absence, le cin\u00e9ma en plein air est de retour cet \u00e9t\u00e9 pour une 5\u00e8me \u00e9dition au mus\u00e9e du Louvre, le temps de quelques jours d\u00e9di\u00e9s au 7\u00e8me art, \u00e0 la musique, \u00e0 la danse et \u00e0 la <a href=\"https:\/\/www.vogue.fr\/lifestyle\/article\/les-meilleurs-bagels-a-paris\" target=\"_blank\" rel=\"noopener\">street food<\/a>. Une mani\u00e8re d&rsquo;installer le c\u00e9l\u00e8bre mus\u00e9e parisien comme un nouveau temple du cin\u00e9ma, apr\u00e8s avoir r\u00e9alis\u00e9 deux \u00e9ditions dans la Nef du <a href=\"https:\/\/www.vogue.fr\/article\/niki-de-saint-phalle-jean-tinguely-pontus-hulten-exposition-centre-pompidou-grand-palais-paris-2025\" target=\"_blank\" rel=\"noopener\"><strong>Grand Palais<\/strong><\/a> en 2013 et 2015. Du 2 au 5 juillet prochain, rendez-vous dans la cour Cour Carr\u00e9e du <a href=\"https:\/\/www.vogue.fr\/article\/musee-du-louvre-grand-diner-2025-exposition-mode-2\" target=\"_blank\" rel=\"noopener\"><strong>Louvre<\/strong><\/a>, pour s&rsquo;offrir de beaux instants cin\u00e9ma sous les \u00e9toiles.<\/p>\n<p>4 jours de projections jusqu&rsquo;au bout de la nuit<\/p>\n<p>Pendant quatre soirs, le <strong>Cin\u00e9ma Paradiso<\/strong> proposera des s\u00e9ances de cin\u00e9ma gratuites et in\u00e9dites. Mais ce n&rsquo;est pas tout. Avant et apr\u00e8s les films, des discussions avec des personnalit\u00e9s du monde du cin\u00e9ma seront organis\u00e9es, de m\u00eame que des concerts et des DJ sets \u2013 comme le veut la tradition. Lors des \u00e9ditions pr\u00e9c\u00e9dentes, on a pu y croiser des noms comme <strong>La Femme<\/strong>, <strong>Nicolas Godin<\/strong> ou le duo <strong>Breakbot &amp; Irfane<\/strong>. Du c\u00f4t\u00e9 de la programmation, en 2023, l\u2019Italie (qu&rsquo;elle soit r\u00e9elle ou fantasm\u00e9e) \u00e9tait \u00e0 l&rsquo;honneur du cin\u00e9ma \u00e9ph\u00e9m\u00e8re, avec des classiques du septi\u00e8me art tels que Les Affranchis (1990) de <strong>Martin Scorsese<\/strong>, Huit et demi (1963) de <strong>Federico Fellini<\/strong> et Plein soleil (1960) de <strong>Ren\u00e9 Cl\u00e9ment<\/strong>. L&rsquo;ann\u00e9e d&rsquo;avant, la programmation \u00e9tait plus diversifi\u00e9e, en passant de l&rsquo;avant-premi\u00e8re de Fire of Love de <strong>Sara Dosa<\/strong>, documentaire consacr\u00e9 \u00e0 Katia et Maurice Krafft, volcanologues intr\u00e9pides, le mastodonte Amadeus (1984) de <strong>Milo\u0161 Forman<\/strong> \u00e0 La Grande Bellezza (2013) de <strong>Paolo Sorrentino<\/strong>.<\/p>\n<p>Quid de la programmation 2025 ? Sur un \u00e9cran g\u00e9ant de 24m de long, d\u00e9fileront des chef-d&rsquo;\u0153uvres du 7\u00e8me art en partenariat avec le cin\u00e9ma mk2. Le festival pr\u00e9voit d\u00e9j\u00e0 une soir\u00e9e de cl\u00f4ture avec Twin Peaks : Fire Walk with Me, le pr\u00e9quel de la s\u00e9rie sign\u00e9e <a href=\"https:\/\/www.vogue.fr\/article\/david-lynch-meilleurs-films-top-classement-cinema\" target=\"_blank\" rel=\"noopener\"><strong>David Lynch<\/strong><\/a>, cin\u00e9aste embl\u00e9matique d\u00e9c\u00e9d\u00e9 en ce d\u00e9but d&rsquo;ann\u00e9e. La programmation compl\u00e8te sera d\u00e9voil\u00e9e au mois de juin. Quant \u00e0 l&rsquo;acc\u00e8s au festival, les pr\u00e9-inscriptions sont d\u00e9j\u00e0 ouvertes sur le site <a data-offer-url=\"https:\/\/www.mk2festivalparadiso.com\/louvre\" class=\"external-link\" data-event-click=\"{&quot;element&quot;:&quot;ExternalLink&quot;,&quot;outgoingURL&quot;:&quot;https:\/\/www.mk2festivalparadiso.com\/louvre&quot;}\" href=\"https:\/\/www.mk2festivalparadiso.com\/louvre\" rel=\"nofollow noopener\" target=\"_blank\">mk2festivalparadiso.com<\/a>.<\/p>\n","protected":false},"excerpt":{"rendered":"Le Festival Cin\u00e9ma Paradiso continue d&rsquo;avoir le vent en poupe ! Apr\u00e8s un an d&rsquo;absence, le cin\u00e9ma en&hellip;\n","protected":false},"author":2,"featured_media":66144,"comment_status":"","ping_status":"","sticky":false,"template":"","format":"standard","meta":{"footnotes":""},"categories":[1888],"tags":[11,650,1777,674,1011,27,11274,12,626,25],"class_list":{"0":"post-66143","1":"post","2":"type-post","3":"status-publish","4":"format-standard","5":"has-post-thumbnail","7":"category-paris","8":"tag-actualites","9":"tag-cinema","10":"tag-eu","11":"tag-europe","12":"tag-fr","13":"tag-france","14":"tag-louvre","15":"tag-news","16":"tag-paris","17":"tag-republique-francaise"},"share_on_mastodon":{"url":"https:\/\/pubeurope.com\/@fr\/114430905220534516","error":""},"_links":{"self":[{"href":"https:\/\/www.europesays.com\/fr\/wp-json\/wp\/v2\/posts\/66143","targetHints":{"allow":["GET"]}}],"collection":[{"href":"https:\/\/www.europesays.com\/fr\/wp-json\/wp\/v2\/posts"}],"about":[{"href":"https:\/\/www.europesays.com\/fr\/wp-json\/wp\/v2\/types\/post"}],"author":[{"embeddable":true,"href":"https:\/\/www.europesays.com\/fr\/wp-json\/wp\/v2\/users\/2"}],"replies":[{"embeddable":true,"href":"https:\/\/www.europesays.com\/fr\/wp-json\/wp\/v2\/comments?post=66143"}],"version-history":[{"count":0,"href":"https:\/\/www.europesays.com\/fr\/wp-json\/wp\/v2\/posts\/66143\/revisions"}],"wp:featuredmedia":[{"embeddable":true,"href":"https:\/\/www.europesays.com\/fr\/wp-json\/wp\/v2\/media\/66144"}],"wp:attachment":[{"href":"https:\/\/www.europesays.com\/fr\/wp-json\/wp\/v2\/media?parent=66143"}],"wp:term":[{"taxonomy":"category","embeddable":true,"href":"https:\/\/www.europesays.com\/fr\/wp-json\/wp\/v2\/categories?post=66143"},{"taxonomy":"post_tag","embeddable":true,"href":"https:\/\/www.europesays.com\/fr\/wp-json\/wp\/v2\/tags?post=66143"}],"curies":[{"name":"wp","href":"https:\/\/api.w.org\/{rel}","templated":true}]}}