{"id":661432,"date":"2026-01-13T20:57:21","date_gmt":"2026-01-13T20:57:21","guid":{"rendered":"https:\/\/www.europesays.com\/fr\/661432\/"},"modified":"2026-01-13T20:57:21","modified_gmt":"2026-01-13T20:57:21","slug":"meghan-markle-de-retour-au-royaume-uni-pour-la-premiere-fois-en-4-ans-pourquoi-le-timing-na-rien-danodin","status":"publish","type":"post","link":"https:\/\/www.europesays.com\/fr\/661432\/","title":{"rendered":"Meghan Markle de retour au Royaume-Uni pour la premi\u00e8re fois en 4 ans ? Pourquoi le timing n\u2019a rien d\u2019anodin"},"content":{"rendered":"<p>                             Par Sorelle Spet<\/p>\n<p>                Le 13 janvier 2026 \u00e0 20h55<\/p>\n<p>                                    <img decoding=\"async\" src=\"https:\/\/www.europesays.com\/fr\/wp-content\/uploads\/2026\/01\/f8b6235e5808b20da08e2a36865a59e4b04e3712c036554c209fa853c742e6af.jpg\" alt=\"Prince Harry: vie priv\u00e9e, famille, pouvoir\u2026 Ce qu\u2019il faut conna\u00eetre\" class=\"a11y-hidden\" fetchpriority=\"high\"\/><\/p>\n<p class=\"fig-standfirst\">\n    Le duc et la duchesse de Sussex sont au centre de l\u2019attention depuis ce d\u00e9but d\u2019ann\u00e9e. Le 10 janvier dernier, le journal The Sun a sp\u00e9cul\u00e9 sur un retour imminent du couple sur la terre natale du prince Harry\u2026 Et la p\u00e9riode choisie n\u2019est pas anodine.<\/p>\n<p class=\"fig-paragraph\">Un retour est-il r\u00e9ellement possible\u00a0? Depuis que\u00a0<a href=\"https:\/\/www.gala.fr\/l_actu\/news_de_stars\/charles-iii-et-le-prince-harry-les-coulisses-de-leur-rendez-vous-manque_529836\" data-fig-type=\"Article\" data-gtm-custom-categorie=\"navigation\" data-gtm-custom-action=\"crossclick\" data-gtm-custom-label=\"Contextuel\" data-gtm-event=\"customEventSPE\" data-fig-domain=\"GALA\" target=\"_blank\" rel=\"noopener\">le prince Harry s\u2019est entretenu avec son p\u00e8re<\/a>\u00a0en septembre 2025, les fans de la famille royale d\u2019Angleterre guettent\u00a0<a href=\"http:\/\/www.gala.fr\/royautes\/le-prince-harry-remporte-sa-bataille-pour-sa-securite-au-royaume-uni-pourquoi-un-rapprochement-avec-charles-iii-n-est-pas-acquis-pour-autant-20260110\" data-fig-type=\"Article\" data-gtm-custom-categorie=\"navigation\" data-gtm-custom-action=\"crossclick\" data-gtm-custom-label=\"Contextuel\" data-gtm-event=\"customEventSPE\" data-fig-domain=\"GALA\" target=\"_blank\" rel=\"noopener\">les moindres faits et gestes du duc de Sussex<\/a>\u00a0qui pourraient nourrir leurs espoirs. Les m\u00e9dias britanniques vont \u00e9galement en ce sens. En effet, ces derniers jours, les articles \u00e9voquant l\u2019\u00e9ventuel\u00a0<a href=\"http:\/\/www.gala.fr\/royautes\/le-prince-harry-compte-faire-une-demande-delicate-a-son-pere-charles-iii-sa-reponse-pourrait-tout-changer-entre-eux-20260111\" data-fig-type=\"Article\" data-gtm-custom-categorie=\"navigation\" data-gtm-custom-action=\"crossclick\" data-gtm-custom-label=\"Contextuel\" data-gtm-event=\"customEventSPE\" data-fig-domain=\"GALA\" target=\"_blank\" rel=\"noopener\">retour des parents d\u2019Archie et Lilibet<\/a>\u00a0au Royaume-Uni se sont multipli\u00e9s. Du Sun en passant par le Sunday Times, tous ont pr\u00e9sum\u00e9 que le prince Harry et Meghan Markle envisageaient de faire leur grand retour \u00e0 l\u2019occasion des Invictus Games qui se tiendront \u00e0 Birmingham en juillet 2027. Seul hic, le 11 janvier dernier, l\u2019un des porte-parole du fils cadet du roi Charles III a d\u00e9menti la rumeur aupr\u00e8s du m\u00e9dia\u00a0<a href=\"https:\/\/theroyalist.substack.com\/p\/why-meghans-uk-return-will-happen\" target=\"_blank\" rel=\"nofollow noopener\" data-gtm-custom-categorie=\"navigation\" data-gtm-custom-action=\"crossclick\" data-gtm-custom-label=\"Contextuel\" data-gtm-event=\"customEventSPE\">The Royalist<\/a>, en expliquant qu\u2019il ne s\u2019agissait que de \u00abpures sp\u00e9culations\u00bb. Mais cette prise de parole n\u2019a pas suffi \u00e0 calmer les ardeurs de certains.<\/p>\n<p class=\"fig-paragraph\">Le\u00a0<a href=\"https:\/\/www.thedailybeast.com\/prince-harry-and-meghan-prepare-for-move-back-to-britain\/\" target=\"_blank\" rel=\"nofollow noopener\" data-gtm-custom-categorie=\"navigation\" data-gtm-custom-action=\"crossclick\" data-gtm-custom-label=\"Contextuel\" data-gtm-event=\"customEventSPE\">Daily Beast\u00a0<\/a>est all\u00e9 plus loin que ses confr\u00e8res. Selon le m\u00e9dia, la duchesse de Sussex n\u2019attendrait pas la prochaine \u00e9dition des Invictus Games pour se rendre au Royaume-Uni avec sa famille. En effet, le relancement des discussions concernant\u00a0<a href=\"https:\/\/www.gala.fr\/royautes\/le-prince-harry-inquiet-pour-sa-securite-apres-6-ans-il-remporte-une-importante-bataille-20260105\" target=\"_blank\" data-fig-type=\"Article\" rel=\"nofollow noopener\" data-gtm-custom-categorie=\"navigation\" data-gtm-custom-action=\"crossclick\" data-gtm-custom-label=\"Contextuel\" data-gtm-event=\"customEventSPE\" data-fig-domain=\"GALA\">la prise en charge de la s\u00e9curit\u00e9 du couple\u00a0<\/a>et de leurs enfants par le gouvernement britannique ferait fortement pencher la balance en faveur du prince Harry selon certains. Une aubaine pour le duc et la duchesse, qui, comme une source l\u2019a rappel\u00e9 au Daily Beast\u00a0: \u00abIls adorent faire des choses en famille d\u00e8s qu\u2019ils le peuvent et lorsqu\u2019ils s\u2019engagent dans des actions philanthropiques, ils emm\u00e8nent souvent les enfants avec eux en priv\u00e9.\u00bb Ce m\u00eame informateur a pr\u00e9cis\u00e9 au sujet de Meghan Markle\u00a0: \u00abJe pense qu\u2019elle reviendrait avec lui et les enfants.\u00bb<\/p>\n<p>                                                                <a href=\"#slideshow-header\"><\/p>\n<p class=\"fig-slideshow__title\">\n                    Kate Middleton, Meghan Markle, Zara Tindall\u00a0: qui est qui dans la famille royale britannique\u00a0?\n                <\/p>\n<p>    <\/a><br \/>\n                                                                <a class=\"fig-a11y-skip\" href=\"#fig-a11y-skip-main-inarticle\" data-module=\"a11y-skip\" data-context=\"was @visible\"><br \/>\n    Passer la publicit\u00e9<br \/>\n<\/a>            <\/p>\n<p>                                                                Le prince William inquiet de l\u2019\u00e9ventuel retour de son fr\u00e8re\u00a0? Ce d\u00e9tail alimente la rumeur<\/p>\n<p class=\"fig-paragraph\">Une nouvelle information est venue appuyer l\u2019hypoth\u00e8se du retour du prince Harry en Angleterre. Le Mail on Sunday a r\u00e9cemment r\u00e9v\u00e9l\u00e9 qu\u2019une recrue d\u00e9cisive aurait int\u00e9gr\u00e9 l\u2019\u00e9quipe en charge des relations publiques du prince William\u00a0: Liza Ravenscroft. Cette derni\u00e8re n\u2019est autre qu\u2019une sp\u00e9cialiste de la gestion de crise. Pur hasard ou anticipation de la part du prince h\u00e9ritier\u00a0? Si le palais de Kensington a pr\u00e9cis\u00e9 que le r\u00f4le de la sp\u00e9cialiste fonctionnerait uniquement \u00abhors situation de crise\u00bb, cela n\u2019a pas suffi \u00e0 convaincre. En effet, pour certains, nul doute n\u2019est possible\u00a0: le futur roi d\u2019Angleterre verrait le retour de son fr\u00e8re et une disposition de s\u00e9curit\u00e9 lui \u00e9tant enti\u00e8rement consacr\u00e9e comme la possibilit\u00e9 d\u2019une crise imminente.<\/p>\n<p class=\"fig-paragraph\">Article \u00e9crit avec la collaboration de 6Medias.<\/p>\n","protected":false},"excerpt":{"rendered":"Par Sorelle Spet Le 13 janvier 2026 \u00e0 20h55 Le duc et la duchesse de Sussex sont au&hellip;\n","protected":false},"author":2,"featured_media":661433,"comment_status":"","ping_status":"","sticky":false,"template":"","format":"standard","meta":{"footnotes":""},"categories":[1588],"tags":[11,46337,1777,674,545,5861,9047,908,12,8133,473,1853,1851,1850,1852,5857],"class_list":{"0":"post-661432","1":"post","2":"type-post","3":"status-publish","4":"format-standard","5":"has-post-thumbnail","7":"category-royaume-uni","8":"tag-actualites","9":"tag-charles-dangleterre","10":"tag-eu","11":"tag-europe","12":"tag-famille-royale-britannique","13":"tag-gotha","14":"tag-harry-dangleterre","15":"tag-meghan-markle","16":"tag-news","17":"tag-retour","18":"tag-royaume-uni","19":"tag-royaume-uni-de-grande-bretagne-et-dirlande-du-nord","20":"tag-uk","21":"tag-united-kingdom","22":"tag-united-kingdom-of-great-britain-and-northern-ireland","23":"tag-william-dangleterre"},"share_on_mastodon":{"url":"https:\/\/pubeurope.com\/@fr\/115889795674578224","error":""},"_links":{"self":[{"href":"https:\/\/www.europesays.com\/fr\/wp-json\/wp\/v2\/posts\/661432","targetHints":{"allow":["GET"]}}],"collection":[{"href":"https:\/\/www.europesays.com\/fr\/wp-json\/wp\/v2\/posts"}],"about":[{"href":"https:\/\/www.europesays.com\/fr\/wp-json\/wp\/v2\/types\/post"}],"author":[{"embeddable":true,"href":"https:\/\/www.europesays.com\/fr\/wp-json\/wp\/v2\/users\/2"}],"replies":[{"embeddable":true,"href":"https:\/\/www.europesays.com\/fr\/wp-json\/wp\/v2\/comments?post=661432"}],"version-history":[{"count":0,"href":"https:\/\/www.europesays.com\/fr\/wp-json\/wp\/v2\/posts\/661432\/revisions"}],"wp:featuredmedia":[{"embeddable":true,"href":"https:\/\/www.europesays.com\/fr\/wp-json\/wp\/v2\/media\/661433"}],"wp:attachment":[{"href":"https:\/\/www.europesays.com\/fr\/wp-json\/wp\/v2\/media?parent=661432"}],"wp:term":[{"taxonomy":"category","embeddable":true,"href":"https:\/\/www.europesays.com\/fr\/wp-json\/wp\/v2\/categories?post=661432"},{"taxonomy":"post_tag","embeddable":true,"href":"https:\/\/www.europesays.com\/fr\/wp-json\/wp\/v2\/tags?post=661432"}],"curies":[{"name":"wp","href":"https:\/\/api.w.org\/{rel}","templated":true}]}}