{"id":661434,"date":"2026-01-13T20:58:13","date_gmt":"2026-01-13T20:58:13","guid":{"rendered":"https:\/\/www.europesays.com\/fr\/661434\/"},"modified":"2026-01-13T20:58:13","modified_gmt":"2026-01-13T20:58:13","slug":"lallemagne-a-t-elle-besoin-de-ses-propres-armes-nucleaires-comme-le-suggere-un-general-de-larmee","status":"publish","type":"post","link":"https:\/\/www.europesays.com\/fr\/661434\/","title":{"rendered":"L\u2019Allemagne a-t-elle \u00ab besoin de ses propres armes nucl\u00e9aires \u00bb, comme le sugg\u00e8re un g\u00e9n\u00e9ral de l\u2019arm\u00e9e ?"},"content":{"rendered":"<p class=\"mb-4 text-lg md:leading-8 break-words\"><strong>dissuasion &#8211; Un g\u00e9n\u00e9ral de la Bundeswehr a affirm\u00e9 il y a quelques jours sur les r\u00e9seaux sociaux que l\u2019Allemagne \u00ab\u00a0ne peut plus compter sur les Etats-Unis et leur parapluie nucl\u00e9aire\u00a0\u00bb et qu\u2019elle \u00ab\u00a0a besoin de ses propres armes nucl\u00e9aires\u00a0\u00bb<\/strong><\/p>\n<p class=\"mb-4 text-lg md:leading-8 break-words\">M\u00eame s\u2019il pr\u00e9cise bien, en lettres capitales, que c\u2019est \u00ab\u00a0absolument et exclusivement\u00a0\u00bb son opinion personnelle, la publication du g\u00e9n\u00e9ral de brigade de la Bundeswehr (arm\u00e9e de Terre allemande), Frank Pieper, n\u2019a pas manqu\u00e9 de faire r\u00e9agir. Il a affirm\u00e9 il y a quelques jours sur le r\u00e9seau LinkedIn que l\u2019Allemagne \u00ab\u00a0a besoin de ses propres <a href=\"https:\/\/www.20minutes.fr\/societe\/4185460-20251113-dissuasion-force-aeronavale-nucleaire-francaise-realise-tir-essai-nouveau-missile-asmpa?at_medium=RSS%20feed&amp;at_campaign=ynews&amp;utm_source=yahoo&amp;utm_medium=rss&amp;utm_campaign=news_feed&amp;utm_content=in_article_link\" rel=\"nofollow noopener\" target=\"_blank\" data-ylk=\"slk:armes nucl\u00e9aires;elm:context_link;itc:0;sec:content-canvas\" class=\"link \">armes nucl\u00e9aires<\/a>\u00a0\u00bb.<\/p>\n<p><img alt=\"[object Object]\" loading=\"lazy\" width=\"960\" height=\"593\" decoding=\"async\" data-nimg=\"1\" class=\"rounded-lg\" style=\"color:transparent\" src=\"https:\/\/www.europesays.com\/fr\/wp-content\/uploads\/2026\/01\/d5defc745aba7dcd4e71505767c4110e.jpeg\"\/><\/p>\n<p>[object Object]<\/p>\n<p class=\"mb-4 text-lg md:leading-8 break-words\">Comme le rel\u00e8ve href=\u00a0\u00bbhttps:\/\/www.sueddeutsche.de\/politik\/atombombe-usa-verteidigung-deutschland-bundeswehr-groenland-li.3365668?at_medium=RSS%20feed&amp;at_campaign=ynews&amp;utm_source=yahoo&amp;utm_medium=rss&amp;utm_campaign=news_feed&amp;utm_content=in_article_link\u00a0\u00bb&gt;le S\u00fcddeutsche Zeitung (SZ), le sujet serait de plus en plus discut\u00e9 en interne, les positions de <a href=\"https:\/\/www.20minutes.fr\/dossier\/donald_trump?at_medium=RSS%20feed&amp;at_campaign=ynews&amp;utm_source=yahoo&amp;utm_medium=rss&amp;utm_campaign=news_feed&amp;utm_content=in_article_link\" rel=\"nofollow noopener\" target=\"_blank\" data-ylk=\"slk:Donald Trump;elm:context_link;itc:0;sec:content-canvas\" class=\"link \">Donald Trump<\/a>, notamment \u00e0 l\u2019\u00e9gard du <a href=\"https:\/\/www.20minutes.fr\/monde\/4195750-20260113-groenland-france-va-ouvrir-consulat-ile-reponse-menaces-trump?at_medium=RSS%20feed&amp;at_campaign=ynews&amp;utm_source=yahoo&amp;utm_medium=rss&amp;utm_campaign=news_feed&amp;utm_content=in_article_link\" rel=\"nofollow noopener\" target=\"_blank\" data-ylk=\"slk:Groenland;elm:context_link;itc:0;sec:content-canvas\" class=\"link \">Groenland<\/a>, mena\u00e7ant l\u2019existence de l\u2019<a href=\"https:\/\/www.20minutes.fr\/monde\/otan\/?at_medium=RSS%20feed&amp;at_campaign=ynews&amp;utm_source=yahoo&amp;utm_medium=rss&amp;utm_campaign=news_feed&amp;utm_content=in_article_link\" rel=\"nofollow noopener\" target=\"_blank\" data-ylk=\"slk:Otan;elm:context_link;itc:0;sec:content-canvas\" class=\"link \">Otan<\/a>, et par extension celle du parapluie nucl\u00e9aire am\u00e9ricain. Un d\u00e9sengagement \u00e9tats-unien entra\u00eenerait de facto le retrait des bombes nucl\u00e9aires am\u00e9ricaines stock\u00e9es sur la base a\u00e9rienne de B\u00fcchel. Dans le cadre de la dissuasion nucl\u00e9aire de l\u2019Otan, cinq \u00c9tats membres abritent sur leur sol des bombes nucl\u00e9aires tactiques B-61 fournies par les <a href=\"https:\/\/www.20minutes.fr\/monde\/etats-unis\/?at_medium=RSS%20feed&amp;at_campaign=ynews&amp;utm_source=yahoo&amp;utm_medium=rss&amp;utm_campaign=news_feed&amp;utm_content=in_article_link\" rel=\"nofollow noopener\" target=\"_blank\" data-ylk=\"slk:\u00c9tats-Unis;elm:context_link;itc:0;sec:content-canvas\" class=\"link \">\u00c9tats-Unis<\/a>.<\/p>\n<p>Des \u00ab\u00a0armes nucl\u00e9aires tactiques et mobiles\u00a0\u00bb pour \u00ab\u00a0s\u2019opposer \u00e0 la menace de la Russie\u00a0\u00bb<\/p>\n<p class=\"mb-4 text-lg md:leading-8 break-words\">\u00ab\u00a0L\u2019Allemagne et l\u2019Europe ne peuvent plus compter sur les Etats-Unis et leur parapluie nucl\u00e9aire\u00a0\u00bb, \u00e9crit ainsi le g\u00e9n\u00e9ral Frank Pieper, qui pousse donc pour que son pays se dote \u00ab\u00a0d\u2019armes nucl\u00e9aires tactiques et mobiles\u00a0\u00bb pour \u00ab\u00a0s\u2019opposer \u00e0 la menace de la Russie\u00a0\u00bb. Interrog\u00e9 par 20 Minutes, Yannick Pinc\u00e9, sp\u00e9cialiste de l\u2019histoire du nucl\u00e9aire militaire et chercheur associ\u00e9 au Ciens (Centre interdisciplinaire sur les enjeux strat\u00e9giques), rappelle de son c\u00f4t\u00e9 que \u00ab\u00a0ce n\u2019est pas la premi\u00e8re foi(&#8230;)<\/p>\n<p class=\"mb-4 text-lg md:leading-8 break-words\"><a href=\"https:\/\/www.20minutes.fr\/monde\/allemagne\/4195859-20260113-allemagne-besoin-propres-armes-nucleaires-comme-suggere-general-armee?at_medium=RSS%20feed&amp;at_campaign=ynews&amp;utm_source=yahoo&amp;utm_medium=rss&amp;utm_campaign=news_feed&amp;utm_content=read_more_link&quot;\" rel=\"nofollow noopener\" target=\"_blank\" data-ylk=\"slk:Lire la suite sur 20minutes;elm:context_link;itc:0;sec:content-canvas\" class=\"link \">Lire la suite sur 20minutes<\/a><\/p>\n<p>\u00c0 lire aussi :<br \/><a href=\"https:\/\/www.20minutes.fr\/societe\/4190756-20251210-quoi-operation-poker-simulation-raid-aerien-nucleaire-jouee-nuit-ciel-francais?at_medium=RSS%20feed&amp;at_campaign=ynews&amp;utm_source=yahoo&amp;utm_medium=rss&amp;utm_campaign=news_feed&amp;utm_content=related_content_link\" rel=\"nofollow noopener\" target=\"_blank\" data-ylk=\"slk:C\u2019est quoi \u00ab\u00a0l\u2019op\u00e9ration Poker\u00a0\u00bb, cette simulation de raid a\u00e9rien nucl\u00e9aire qui s\u2019est jou\u00e9e dans le ciel fran\u00e7ais\u00a0?;elm:context_link;itc:0;sec:content-canvas\" class=\"link \">C\u2019est quoi \u00ab\u00a0l\u2019op\u00e9ration Poker\u00a0\u00bb, cette simulation de raid a\u00e9rien nucl\u00e9aire qui s\u2019est jou\u00e9e dans le ciel fran\u00e7ais\u00a0?<\/a><br \/><a href=\"https:\/\/www.20minutes.fr\/societe\/4172748-20250912-dissuasion-nucleaire-nouvelle-version-missile-strategique-m51-va-etre-developpee-arianegroup?at_medium=RSS%20feed&amp;at_campaign=ynews&amp;utm_source=yahoo&amp;utm_medium=rss&amp;utm_campaign=news_feed&amp;utm_content=related_content_link\" rel=\"nofollow noopener\" target=\"_blank\" data-ylk=\"slk:Dissuasion nucl\u00e9aire\u00a0: Une nouvelle version du missile strat\u00e9gique M51 va \u00eatre d\u00e9velopp\u00e9e par ArianeGroup;elm:context_link;itc:0;sec:content-canvas\" class=\"link \">Dissuasion nucl\u00e9aire\u00a0: Une nouvelle version du missile strat\u00e9gique M51 va \u00eatre d\u00e9velopp\u00e9e par ArianeGroup<\/a><\/p>\n","protected":false},"excerpt":{"rendered":"dissuasion &#8211; Un g\u00e9n\u00e9ral de la Bundeswehr a affirm\u00e9 il y a quelques jours sur les r\u00e9seaux sociaux&hellip;\n","protected":false},"author":2,"featured_media":661435,"comment_status":"","ping_status":"","sticky":false,"template":"","format":"standard","meta":{"footnotes":""},"categories":[1587],"tags":[11,672,11979,76272,1804,7694,1805,1803,20548,73,1777,674,76273,1801,12,1802],"class_list":{"0":"post-661434","1":"post","2":"type-post","3":"status-publish","4":"format-standard","5":"has-post-thumbnail","7":"category-allemagne","8":"tag-actualites","9":"tag-allemagne","10":"tag-armes-nucleaires","11":"tag-bombes-nucleaires","12":"tag-bundesrepublik-deutschland","13":"tag-bundeswehr","14":"tag-de","15":"tag-deutschland","16":"tag-dissuasion-nucleaire","17":"tag-etats-unis","18":"tag-eu","19":"tag-europe","20":"tag-frank-pieper","21":"tag-germany","22":"tag-news","23":"tag-republique-federale-dallemagne"},"share_on_mastodon":{"url":"https:\/\/pubeurope.com\/@fr\/115889799554230441","error":""},"_links":{"self":[{"href":"https:\/\/www.europesays.com\/fr\/wp-json\/wp\/v2\/posts\/661434","targetHints":{"allow":["GET"]}}],"collection":[{"href":"https:\/\/www.europesays.com\/fr\/wp-json\/wp\/v2\/posts"}],"about":[{"href":"https:\/\/www.europesays.com\/fr\/wp-json\/wp\/v2\/types\/post"}],"author":[{"embeddable":true,"href":"https:\/\/www.europesays.com\/fr\/wp-json\/wp\/v2\/users\/2"}],"replies":[{"embeddable":true,"href":"https:\/\/www.europesays.com\/fr\/wp-json\/wp\/v2\/comments?post=661434"}],"version-history":[{"count":0,"href":"https:\/\/www.europesays.com\/fr\/wp-json\/wp\/v2\/posts\/661434\/revisions"}],"wp:featuredmedia":[{"embeddable":true,"href":"https:\/\/www.europesays.com\/fr\/wp-json\/wp\/v2\/media\/661435"}],"wp:attachment":[{"href":"https:\/\/www.europesays.com\/fr\/wp-json\/wp\/v2\/media?parent=661434"}],"wp:term":[{"taxonomy":"category","embeddable":true,"href":"https:\/\/www.europesays.com\/fr\/wp-json\/wp\/v2\/categories?post=661434"},{"taxonomy":"post_tag","embeddable":true,"href":"https:\/\/www.europesays.com\/fr\/wp-json\/wp\/v2\/tags?post=661434"}],"curies":[{"name":"wp","href":"https:\/\/api.w.org\/{rel}","templated":true}]}}