{"id":661448,"date":"2026-01-13T21:07:10","date_gmt":"2026-01-13T21:07:10","guid":{"rendered":"https:\/\/www.europesays.com\/fr\/661448\/"},"modified":"2026-01-13T21:07:10","modified_gmt":"2026-01-13T21:07:10","slug":"atp-wta-barbara-schett-sur-la-bataille-des-sexes-entre-kyrgios-et-sabalenka-je-ne-suis-pas-sur-quaryna-avait-necessairement-besoin-de-cet-argent-ca-me-desole-le-tennis-feminin-est-crucifie","status":"publish","type":"post","link":"https:\/\/www.europesays.com\/fr\/661448\/","title":{"rendered":"ATP &#8211; WTA > Barbara Schett, sur la bataille des sexes entre Kyrgios et Sabalenka : \u00ab\u00a0Je ne suis pas s\u00fbr qu&rsquo;Aryna avait n\u00e9cessairement besoin de cet argent. \u00c7a me d\u00e9sole. Le tennis f\u00e9minin est crucifi\u00e9\u00a0\u00bb"},"content":{"rendered":"<p>Ancienne 7e joueuse mondiale et retrait\u00e9e depuis 2005, Barbara Schett a r\u00e9cem\u00adment accord\u00e9 une inter\u00adview \u00e0 nos confr\u00e8res de <a href=\"https:\/\/www.tennis365.com\/tennis-news\/aryna-sabalenka-criticism-barbara-schett-battle-of-the-sexes\" data-wpel-link=\"external\" target=\"_blank\" rel=\"nofollow external noopener\">Tennis 365<\/a> dans laquelle elle ne m\u00e2che pas ses mots au sujet de la bataille des sexes disput\u00e9e entre Kyrgios et Sabalenka et remport\u00e9e par l\u2019Australien.\u00a0<\/p>\n<p>Pour l\u2019Autrichienne, ce type d\u2019\u00e9v\u00e8\u00adne\u00adments ne rend vrai\u00adment pas service au tennis f\u00e9minin.<\/p>\n<p><strong>\u00ab\u202fJe ne suis pas s\u00fbr qu\u2019elle (Sabalenka) avait n\u00e9ces\u00adsai\u00adre\u00adment besoin de cet argent pour une exhi\u00adbi\u00adtion. J\u2019ai pass\u00e9 les 30 derni\u00e8res ann\u00e9es \u00e0 r\u00e9p\u00e9ter \u00e0 tout le monde que le tennis masculin et le tennis f\u00e9minin sont diff\u00e9\u00adrents. Une femme ne peut pas battre un homme \u00e0 cause de la diff\u00e9\u00adrence physique. C\u2019est tout simple\u00adment impos\u00adsible.\u00a0Ensuite, on voit les r\u00e9ac\u00adtions\u00a0: certains disent que Kyrgios n\u2019a m\u00eame pas jou\u00e9 \u00e0 100\u202f% et qu\u2019elle n\u2019a aucune chance. Le tennis f\u00e9minin est alors crucifi\u00e9. Les hommes, en parti\u00adcu\u00adlier, trouvent cela ridi\u00adcule.\u00a0Je n\u2019ai pas regard\u00e9. Je ne voulais pas regarder. Je savais ce qui allait se passer. Je savais que Nick n\u2019avait m\u00eame pas besoin de jouer \u00e0 100\u202f% pour la battre assez faci\u00adle\u00adment. Je n\u2019ai aucun int\u00e9r\u00eat \u00e0 regarder ce genre de chose. \u00c7a me d\u00e9sole, en\u00a0fait.\u202f\u00bb<\/strong><\/p>\n<p class=\"post-published-date\" style=\"color: silver; font-size: 75%; text-align: left;\">Publi\u00e9 le mardi 13 janvier 2026 \u00e0 17:17<\/p>\n","protected":false},"excerpt":{"rendered":"Ancienne 7e joueuse mondiale et retrait\u00e9e depuis 2005, Barbara Schett a r\u00e9cem\u00adment accord\u00e9 une inter\u00adview \u00e0 nos confr\u00e8res&hellip;\n","protected":false},"author":2,"featured_media":661449,"comment_status":"","ping_status":"","sticky":false,"template":"","format":"standard","meta":{"footnotes":""},"categories":[1415],"tags":[7615,1011,27,4874,60,1467],"class_list":{"0":"post-661448","1":"post","2":"type-post","3":"status-publish","4":"format-standard","5":"has-post-thumbnail","7":"category-tennis","8":"tag-aryna-sabalenka","9":"tag-fr","10":"tag-france","11":"tag-kyrgios","12":"tag-sports","13":"tag-tennis"},"share_on_mastodon":{"url":"https:\/\/pubeurope.com\/@fr\/115889834740162778","error":""},"_links":{"self":[{"href":"https:\/\/www.europesays.com\/fr\/wp-json\/wp\/v2\/posts\/661448","targetHints":{"allow":["GET"]}}],"collection":[{"href":"https:\/\/www.europesays.com\/fr\/wp-json\/wp\/v2\/posts"}],"about":[{"href":"https:\/\/www.europesays.com\/fr\/wp-json\/wp\/v2\/types\/post"}],"author":[{"embeddable":true,"href":"https:\/\/www.europesays.com\/fr\/wp-json\/wp\/v2\/users\/2"}],"replies":[{"embeddable":true,"href":"https:\/\/www.europesays.com\/fr\/wp-json\/wp\/v2\/comments?post=661448"}],"version-history":[{"count":0,"href":"https:\/\/www.europesays.com\/fr\/wp-json\/wp\/v2\/posts\/661448\/revisions"}],"wp:featuredmedia":[{"embeddable":true,"href":"https:\/\/www.europesays.com\/fr\/wp-json\/wp\/v2\/media\/661449"}],"wp:attachment":[{"href":"https:\/\/www.europesays.com\/fr\/wp-json\/wp\/v2\/media?parent=661448"}],"wp:term":[{"taxonomy":"category","embeddable":true,"href":"https:\/\/www.europesays.com\/fr\/wp-json\/wp\/v2\/categories?post=661448"},{"taxonomy":"post_tag","embeddable":true,"href":"https:\/\/www.europesays.com\/fr\/wp-json\/wp\/v2\/tags?post=661448"}],"curies":[{"name":"wp","href":"https:\/\/api.w.org\/{rel}","templated":true}]}}