{"id":66145,"date":"2025-05-01T05:23:15","date_gmt":"2025-05-01T05:23:15","guid":{"rendered":"https:\/\/www.europesays.com\/fr\/66145\/"},"modified":"2025-05-01T05:23:15","modified_gmt":"2025-05-01T05:23:15","slug":"30-degres-a-paris-le-1er-mai-est-ce-vraiment-exceptionnel","status":"publish","type":"post","link":"https:\/\/www.europesays.com\/fr\/66145\/","title":{"rendered":"30 degr\u00e9s \u00e0 Paris le 1er mai : est-ce vraiment exceptionnel ?"},"content":{"rendered":"<p class=\"article-p mdl\">La chaleur s&rsquo;accentue encore en ce 1er mai sur une partie de la moiti\u00e9 Nord de la France : si comme pr\u00e9vu, la temp\u00e9rature atteint <strong>cet apr\u00e8s-midi 30\u00b0C \u00e0 Paris<\/strong>, ou m\u00eame 29\u00b0C, ce sera dans les deux cas <strong>le 1er mai le plus chaud de l&rsquo;histoire dans la capitale, depuis 152 ans <\/strong>et<strong>\u00a0<\/strong>le d\u00e9but des mesures en 1873. Paris sera d&rsquo;ailleurs certainement, comme hier, la grande ville la plus chaude de France aujourd&rsquo;hui, mais aussi la <strong>capitale europ\u00e9enne la plus chaude<\/strong>.<\/p>\n<p class=\"article-p mdl\">30 degr\u00e9s \u00e0 Paris le 1er mai, c&rsquo;est donc <strong>exceptionnel<\/strong> : le record actuel de\u00a0<a class=\"link\" href=\"https:\/\/www.rtl.fr\/actu\/meteo\/coup-de-chaleur-en-france-pourquoi-des-temperatures-si-elevees-cette-semaine-7900499689\" title=\"Coup de chaleur en France : pourquoi les temp\u00e9ratures sont-elles si \u00e9lev\u00e9es cette semaine ?\" target=\"_blank\" rel=\"noopener\">chaleur<\/a>\u00a0pour un 1er mai \u00e0 Paris a \u00e9t\u00e9 enregistr\u00e9 il y a 20 ans, le 1er mai 2005, avec 28,7\u00b0C. G\u00e9n\u00e9ralement, selon M\u00e9t\u00e9o-France, le <strong>seuil des 30\u00b0C<\/strong>, qui correspond au seuil de forte chaleur, <strong>est atteint \u00e0 Paris autour du 16 juin, nous avons donc un mois et demi d&rsquo;avance !<\/strong><\/p>\n<p class=\"article-p mdl\">Certes, il s&rsquo;agit d&rsquo;une situation m\u00e9t\u00e9o exceptionnelle pour un\u00a0<a class=\"link\" href=\"https:\/\/www.rtl.fr\/actu\/economie-consommation\/carte-1er-mai-nantes-lyon-bordeaux-les-reseaux-de-transports-a-l-arret-pour-la-fete-du-travail-7900500004\" title=\"CARTE - 1er mai : Nantes, Lyon, Bordeaux... Les r\u00e9seaux de transports \u00e0 l&#039;arr\u00eat pour la f\u00eate du Travail\" target=\"_blank\" rel=\"noopener\">1er mai<\/a>, mais <strong>pas in\u00e9dite en cette saison<\/strong>. Il a d\u00e9j\u00e0 fait plus chaud en avril dans le pass\u00e9 : <strong>30,1\u00b0C le 16 avril 1949 \u00e0 Paris<\/strong>, et 30,2\u00b0C deux jours plus tard, le 18 avril. On a donc d\u00e9j\u00e0 eu aussi chaud plus t\u00f4t, mais on a d\u00e9j\u00e0 eu plus chaud plus tard : <strong>le record de chaleur en mai \u00e0 Paris est de 34,8\u00b0C, le 24 mai 1922<\/strong>. Nous ne battrons donc pas de record mensuel, mais simplement un record journalier.<\/p>\n<p>            Une chaleur plus pr\u00e9coce<\/p>\n<p class=\"article-p mdl\">Dans beaucoup d&rsquo;autres r\u00e9gions, vous allez aussi vivre l&rsquo;un des premiers ou le premier mai le plus chaud jamais enregistr\u00e9, avec souvent 27 \u00e0 29\u00b0C (\u00e0 Lille ou \u00e0 Rouen par exemple).\u00a0<\/p>\n<p class=\"article-p mdl\">Cette <strong>chaleur pr\u00e9coce<\/strong>, c&rsquo;est un <strong>marqueur du r\u00e9chauffement climatique en cours<\/strong> : \u00e0 Paris, selon les normales saisonni\u00e8res actuelles, on observe <strong>le premier 25\u00b0C de l&rsquo;ann\u00e9e<\/strong> (25\u00b0C \u00e9tant le seuil de chaleur) le 19 avril en moyenne, c&rsquo;\u00e9tait le 6 mai dans les ann\u00e9es 1970, <strong>17 jours plus t\u00f4t<\/strong> d\u00e9sormais. Du c\u00f4t\u00e9 de Perpignan, c&rsquo;est d\u00e9sormais 13 jours plus t\u00f4t qu&rsquo;il y a 50 ans, et 12 jours plus t\u00f4t \u00e0 Lille.<\/p>\n<p class=\"article-p mdl\">Pour la petite histoire, n&rsquo;oublions pas qu&rsquo;il y a 80 ans, <strong>le 1er mai 1945<\/strong>, 7 jours avant la fin de la Seconde Guerre mondiale,<strong> il neigeait en \u00cele-de-France, avec 6 centim\u00e8tres de neige au sol \u00e0 Paris et 0\u00b0C<\/strong> au petit matin : une autre ambiance\u2026<\/p>\n<p>    La r\u00e9daction vous recommande<\/p>\n<p class=\"s-newsletter__title\">\n                L\u2019actualit\u00e9 par la r\u00e9daction de RTL dans votre bo\u00eete mail.\n            <\/p>\n<p class=\"s-newsletter__subtitle\">\n                Gr\u00e2ce \u00e0 votre compte RTL abonnez-vous \u00e0 la newsletter RTL info pour suivre toute l&rsquo;actualit\u00e9 au quotidien\n            <\/p>\n<p>\n                                    Lire la suite\n                                <\/p>\n","protected":false},"excerpt":{"rendered":"La chaleur s&rsquo;accentue encore en ce 1er mai sur une partie de la moiti\u00e9 Nord de la France&hellip;\n","protected":false},"author":2,"featured_media":66146,"comment_status":"","ping_status":"","sticky":false,"template":"","format":"standard","meta":{"footnotes":""},"categories":[1888],"tags":[10916,11,4734,1129,1777,674,107,1011,27,2487,12,626,16659,362,25,2648],"class_list":{"0":"post-66145","1":"post","2":"type-post","3":"status-publish","4":"format-standard","5":"has-post-thumbnail","7":"category-paris","8":"tag-1er-mai","9":"tag-actualites","10":"tag-changement-climatique","11":"tag-climat","12":"tag-eu","13":"tag-europe","14":"tag-fil-info","15":"tag-fr","16":"tag-france","17":"tag-meteo","18":"tag-news","19":"tag-paris","20":"tag-records","21":"tag-replay","22":"tag-republique-francaise","23":"tag-temperature"},"share_on_mastodon":{"url":"https:\/\/pubeurope.com\/@fr\/114430909101644126","error":""},"_links":{"self":[{"href":"https:\/\/www.europesays.com\/fr\/wp-json\/wp\/v2\/posts\/66145","targetHints":{"allow":["GET"]}}],"collection":[{"href":"https:\/\/www.europesays.com\/fr\/wp-json\/wp\/v2\/posts"}],"about":[{"href":"https:\/\/www.europesays.com\/fr\/wp-json\/wp\/v2\/types\/post"}],"author":[{"embeddable":true,"href":"https:\/\/www.europesays.com\/fr\/wp-json\/wp\/v2\/users\/2"}],"replies":[{"embeddable":true,"href":"https:\/\/www.europesays.com\/fr\/wp-json\/wp\/v2\/comments?post=66145"}],"version-history":[{"count":0,"href":"https:\/\/www.europesays.com\/fr\/wp-json\/wp\/v2\/posts\/66145\/revisions"}],"wp:featuredmedia":[{"embeddable":true,"href":"https:\/\/www.europesays.com\/fr\/wp-json\/wp\/v2\/media\/66146"}],"wp:attachment":[{"href":"https:\/\/www.europesays.com\/fr\/wp-json\/wp\/v2\/media?parent=66145"}],"wp:term":[{"taxonomy":"category","embeddable":true,"href":"https:\/\/www.europesays.com\/fr\/wp-json\/wp\/v2\/categories?post=66145"},{"taxonomy":"post_tag","embeddable":true,"href":"https:\/\/www.europesays.com\/fr\/wp-json\/wp\/v2\/tags?post=66145"}],"curies":[{"name":"wp","href":"https:\/\/api.w.org\/{rel}","templated":true}]}}