{"id":661450,"date":"2026-01-13T21:11:13","date_gmt":"2026-01-13T21:11:13","guid":{"rendered":"https:\/\/www.europesays.com\/fr\/661450\/"},"modified":"2026-01-13T21:11:13","modified_gmt":"2026-01-13T21:11:13","slug":"grace-a-ca-jarrive-a-rester-motive-le-message-touchant-de-wout-van-aert-apres-sa-grosse-blessure","status":"publish","type":"post","link":"https:\/\/www.europesays.com\/fr\/661450\/","title":{"rendered":"\u00ab\u00a0Gr\u00e2ce \u00e0 \u00e7a, j\u2019arrive \u00e0 rester motiv\u00e9\u00a0\u00bb\u00a0: le message touchant de Wout van Aert apr\u00e8s sa grosse blessure"},"content":{"rendered":"<p>  \tWout van Aert a donn\u00e9 des nouvelles de sa fracture de la cheville lors de la pr\u00e9sentation de la nouvelle saison de sa formation Visma-Lease a Bike, mardi \u00e0 La Nucia, pr\u00e8s de Benidorm en Espagne. Si marcher reste difficile, la reprise du v\u00e9lo se d\u00e9roule bien.<\/p>\n<p>&#13;<br \/>\n&#13;<\/p>\n<p>Victime d\u2019une chute sur la glace du parcours du cross du Zilvermeer de Mol, le 2 janvier, le Campinois, qui a d\u00fb mettre un terme \u00e0 sa saison hivernale a expliqu\u00e9\u00a0: \u00ab\u00a0\u00c7a a l\u2019air pire que \u00e7a ne l\u2019est. \u00c7a va bien. Je dois toutefois faire attention \u00e0 ne pas trop marcher, car cela reste parfois douloureux. \u00c0 v\u00e9lo, \u00e7a va vraiment bien. Mon pied est encore assez enfl\u00e9, \u00e7a va un peu par \u00e0-coups, mais une fois que mon pied est dans ma chaussure de course, \u00e7a va bien. Et on travaille tous les jours sur ce pied pour l\u2019oublier\u00a0\u00bb.<\/p>\n<p>    \u00c0 lire aussi<\/p>\n<p>  <img decoding=\"async\" class=\"r-img\"  typeof=\"foaf:Image\" src=\"https:\/\/www.europesays.com\/fr\/wp-content\/uploads\/2026\/01\/59586313.jpeg\" alt=\"WVA.jpg\"\/><br \/>\n      <a href=\"https:\/\/www.rtl.be\/sport\/tous-les-sports\/cyclisme\/cheville-amochee-enorme-botte-les-folles-images-de-la-blessure-de-wout-van-aert\/2026-01-13\/article\/776381\" class=\"r-stories--link\" target=\"_blank\" rel=\"noopener\">Cheville amoch\u00e9e, \u00e9norme botte\u00a0: les folles images de la blessure de Wout van Aert<\/a><\/p>\n<p>La confiance de Wout van Aert ne semble pas trop affect\u00e9e par ce contretemps. \u00ab\u00a0Je suis convaincu que cela gu\u00e9rira rapidement. La fin de ma saison de cyclocross a \u00e9t\u00e9 un coup dur, mais j\u2019esp\u00e8re pouvoir dire dans quelques mois que cela n\u2019a pas g\u00e2ch\u00e9 ma saison sur route. Le temps joue en notre faveur, j\u2019esp\u00e8re \u00eatre totalement pr\u00eat\u00a0\u00bb.<\/p>\n<p>&#13;<br \/>\n&#13;<\/p>\n<p>&#13;<br \/>\n&#13;<br \/>\nUne bonne mentalit\u00e9<\/p>\n<p>Selon van Aert, la perte de condition physique est rest\u00e9e limit\u00e9e jusqu\u2019\u00e0 pr\u00e9sent. \u00ab\u00a0Le fait d\u2019avoir pu reprendre rapidement l\u2019entra\u00eenement sur home trainer m\u2019a aid\u00e9. Ne pas rester trop longtemps inactif, c\u2019est toujours b\u00e9n\u00e9fique pour un athl\u00e8te. Le fait de ne pas avoir trop perdu de forme jusqu\u2019\u00e0 pr\u00e9sent me permet d\u2019aller de l\u2019avant. Et c\u2019est toujours la meilleure chose \u00e0 faire pour un sportif\u00a0\u00bb.<\/p>\n<p>Visiblement, van Aert a bien travers\u00e9 cette \u00e9preuve. \u00ab\u00a0Je suis toujours positif. C\u2019est certain que c\u2019est de nouveau une blessure, mais l\u2019ann\u00e9e est encore tr\u00e8s longue. J\u2019esp\u00e8re que j\u2019ai d\u00e9j\u00e0 v\u00e9cu la malchance. J\u2019esp\u00e8re \u00eatre \u00e0 niveau pour le Nieuwsblad\u00a0\u00bb, a-t-il confi\u00e9, interrog\u00e9 par Gordon De Winter.<\/p>\n<p>\u00ab\u00a0Tous ces messages, \u00e7a fait toujours du bien de voir \u00e7a. C\u2019est gr\u00e2ce \u00e0 \u00e7a que j\u2019arrive \u00e0 rester motiv\u00e9. Merci\u00a0\u00bb, a conclu van Aert, remerciant ainsi le public pour son soutien incroyable.<\/p>\n<p>&#13;<br \/>\n&#13;<\/p>\n<p>&#13;<br \/>\n&#13;<br \/>\nPlace \u00e0 l\u2019entra\u00eenement<\/p>\n<p>Apr\u00e8s la journ\u00e9e m\u00e9diatique, van Aert et ses co\u00e9quipiers resteront une dizaine de jours en Espagne pour s\u2019entra\u00eener, m\u00eame si le vainqueur de 51 courses dans sa carri\u00e8re, mais seulement deux en 2025, ne pourra pas reprendre tout de suite son programme d\u2019entra\u00eenement normal.<\/p>\n<p>\u00ab\u00a0La fracture a \u00e9t\u00e9 stabilis\u00e9e avec une vis, mais les ligaments ont besoin de temps pour se r\u00e9tablir. Ce n\u2019est que lorsque je ne ressentirai plus aucune douleur que je pourrai augmenter l\u2019intensit\u00e9. Nous analyserons jour apr\u00e8s jour quand je pourrai recommencer \u00e0 m\u2019entra\u00eener davantage. J\u2019esp\u00e8re pouvoir m\u2019entra\u00eener presque normalement d\u2019ici la fin de ce stage\u00a0\u00bb.<\/p>\n<p>Van Aert est optimiste en vue du printemps, mais il admet que cette nouvelle m\u00e9saventure le rend tout de m\u00eame un peu sceptique. Il n\u2019est \u00ab\u00a0pas confiant \u00e0 100\u00a0%\u00a0\u00bb de pouvoir aborder le printemps en pleine forme. \u00ab\u00a0Je ne peux pas encore me prononcer \u00e0 ce sujet. Il s\u2019agit d\u2019une fracture compliqu\u00e9e et les ligaments sont d\u00e9chir\u00e9s. Si j\u2019avais \u00e9t\u00e9 coureur \u00e0 pied, j\u2019aurais \u00e9t\u00e9 hors jeu pendant des mois\u00a0\u00bb.<\/p>\n<p>&#13;<br \/>\n&#13;<\/p>\n<p>&#13;<br \/>\n&#13;<\/p>\n<p><a class=\"r-btn r-btn--tag\" href=\"https:\/\/www.rtl.be\/378499\/persons\/wout-van-aert\" title=\"Wout van Aert\" target=\"_blank\" rel=\"noopener\">Wout van Aert<\/a><\/p>\n","protected":false},"excerpt":{"rendered":"Wout van Aert a donn\u00e9 des nouvelles de sa fracture de la cheville lors de la pr\u00e9sentation de&hellip;\n","protected":false},"author":2,"featured_media":661451,"comment_status":"","ping_status":"","sticky":false,"template":"","format":"standard","meta":{"footnotes":""},"categories":[1411],"tags":[1154,207,1011,27,63397,60],"class_list":{"0":"post-661450","1":"post","2":"type-post","3":"status-publish","4":"format-standard","5":"has-post-thumbnail","7":"category-cyclisme","8":"tag-cycling","9":"tag-cyclisme","10":"tag-fr","11":"tag-france","12":"tag-rtl-info","13":"tag-sports"},"share_on_mastodon":{"url":"https:\/\/pubeurope.com\/@fr\/115889850624650998","error":""},"_links":{"self":[{"href":"https:\/\/www.europesays.com\/fr\/wp-json\/wp\/v2\/posts\/661450","targetHints":{"allow":["GET"]}}],"collection":[{"href":"https:\/\/www.europesays.com\/fr\/wp-json\/wp\/v2\/posts"}],"about":[{"href":"https:\/\/www.europesays.com\/fr\/wp-json\/wp\/v2\/types\/post"}],"author":[{"embeddable":true,"href":"https:\/\/www.europesays.com\/fr\/wp-json\/wp\/v2\/users\/2"}],"replies":[{"embeddable":true,"href":"https:\/\/www.europesays.com\/fr\/wp-json\/wp\/v2\/comments?post=661450"}],"version-history":[{"count":0,"href":"https:\/\/www.europesays.com\/fr\/wp-json\/wp\/v2\/posts\/661450\/revisions"}],"wp:featuredmedia":[{"embeddable":true,"href":"https:\/\/www.europesays.com\/fr\/wp-json\/wp\/v2\/media\/661451"}],"wp:attachment":[{"href":"https:\/\/www.europesays.com\/fr\/wp-json\/wp\/v2\/media?parent=661450"}],"wp:term":[{"taxonomy":"category","embeddable":true,"href":"https:\/\/www.europesays.com\/fr\/wp-json\/wp\/v2\/categories?post=661450"},{"taxonomy":"post_tag","embeddable":true,"href":"https:\/\/www.europesays.com\/fr\/wp-json\/wp\/v2\/tags?post=661450"}],"curies":[{"name":"wp","href":"https:\/\/api.w.org\/{rel}","templated":true}]}}