{"id":661452,"date":"2026-01-13T21:12:12","date_gmt":"2026-01-13T21:12:12","guid":{"rendered":"https:\/\/www.europesays.com\/fr\/661452\/"},"modified":"2026-01-13T21:12:12","modified_gmt":"2026-01-13T21:12:12","slug":"face-aux-supporters-en-colere-sylvain-kastendeuch-appelle-a-lapaisement","status":"publish","type":"post","link":"https:\/\/www.europesays.com\/fr\/661452\/","title":{"rendered":"face aux supporters en col\u00e8re, Sylvain Kastendeuch appelle \u00e0 l&rsquo;apaisement"},"content":{"rendered":"<p class=\"article__intro\">Apr\u00e8s l\u2019humiliation de dimanche en Coupe de France \u00e0 domicile contre Montpellier, rien ne va plus entre le FC Metz et ses supporters. Ils alternent entre col\u00e8re et consternation.<\/p>\n<p>\n      L\u2019actu des r\u00e9gions\n    <\/p>\n<p>\n      Chaque jour, un tour d\u2019horizon des principales infos de toutes les r\u00e9gions.\n    <\/p>\n<p>    France T\u00e9l\u00e9visions utilise votre adresse e-mail afin de vous envoyer la newsletter \u00ab\u00a0L\u2019actu des r\u00e9gions\u00a0\u00bb. Vous pouvez vous d\u00e9sinscrire \u00e0 tout moment via le lien en bas de cette newsletter. <a target=\"_blank\" href=\"https:\/\/www.francetelevisions.fr\/groupe\/confidentialite\/politique-de-confidentialite\/politique-de-confidentialite-de-france-televisions-6503\" rel=\"noopener\">Notre politique de confidentialit\u00e9<\/a><\/p>\n<p>\u00ab\u00a0Ce soir, nous avons \u00e9t\u00e9 indignes du blason que l\u2019on porte sur notre maillot. Et je tiens \u00e0 pr\u00e9senter mes excuses aupr\u00e8s de tous nos supporters qui sont venus encore nombreux \u00e0 Saint-Symphorien.\u00a0\u00bb<\/p>\n<p>C\u2019est en ces mots que s\u2019est exprim\u00e9 le capitaine Gauthier Hein sur les r\u00e9seaux sociaux apr\u00e8s la lourde d\u00e9faite de dimanche face \u00e0 Montpellier. De retour \u00e0 Saint-Symphorien, les grenats se sont fait \u00e9craser en 16\u00e8me de finale de la Coupe de France. Score final 0 \u00e0 4 face au 9\u00e8me de la Ligue 2.<\/p>\n<\/p>\n<p>\u00ab\u00a0La situation ne concerne pas uniquement les joueurs. C\u2019est tout le club, \u00e0 tous les \u00e9tages, qui doit assumer ce moment difficile\u00a0\u00bb, temp\u00e8re le capitaine.<\/p>\n<p>Ce mardi 13 janvier apr\u00e8s-midi, l\u2019entra\u00eenement de l\u2019\u00e9quipe \u00e9tait ouvert au public. Sur le bord du terrain, les passionn\u00e9s pr\u00e9sents sont d\u00e9\u00e7us, s\u2019interrogent, analysent&#8230;mais soutiennent co\u00fbte que co\u00fbte. Sandra, supportrice depuis 32 ans, explique\u00a0: \u00ab\u00a0je n\u2019ai pas vu d\u2019\u00e9quipe. Je n\u2019ai vu que l\u2019\u00e9quipe de Montpellier sur le terrain. Je n\u2019ai pas reconnu mon FC Metz\u00a0\u00bb. Ce qui ne l&#8217;emp\u00eache pas de demander d\u00e9dicaces et selfies.<\/p>\n<p><a data-article-figure=\"\" href=\"https:\/\/france3-regions.franceinfo.fr\/image\/InpS_00v1cgGWtTOhErI1Mf-ddE\/1920x1080\/regions\/2026\/01\/13\/nanc-nanc-3-04-06-01-01-1-00-20-21-06-69667c984123a401288546.jpg\" data-pswp-width=\"1920\" data-pswp-height=\"1080\" target=\"_blank\" rel=\"noopener\"><\/p>\n<p>          <img width=\"600\" height=\"400\" class=\"article-image lazy\" data-src=\"https:\/\/www.europesays.com\/fr\/wp-content\/uploads\/2026\/01\/nanc-nanc-3-04-06-01-01-1-00-20-21-06-69667c984123a401288546.jpg\" alt=\"Les inconditionnels \u00e9taient tout de m\u00eame pr\u00e9sents \u00e0 l'entra\u00eenement.\" fetchpriority=\"high\" as=\"image\"\/><\/p>\n<p>\n            Les inconditionnels \u00e9taient tout de m\u00eame pr\u00e9sents \u00e0 l&rsquo;entra\u00eenement.<br \/>\n                           \u2022<br \/>\n                                      \u00a9 Tiphaine Niederlander\/Francetv\n                      <\/p>\n<p><\/a><\/p>\n<p>Sur les r\u00e9seaux, les supporters alternent entre col\u00e8re et consternation. \u00ab\u00a0Le cirque FC Metz !\u00a0\u00bb, peut-on lire sur la page du club. Ailleurs, l&rsquo;ironie va bon train. \u00ab\u00a0Quelle belle \u00e9quipe de chevreuil\u00a0\u00bb, \u00ab\u00a0Je pensais jusqu&rsquo;ici que \u00ab\u00a0les branquignols\u00a0\u00bb \u00e9taient le titre d&rsquo;un film, mais non\u2026\u00a0\u00bb, \u00ab\u00a0Z\u00e9ro gestion, z\u00e9ro ambitions, z\u00e9ro respect, z\u00e9ro r\u00e9sultats\u00a0\u00bb.<\/p>\n<p>Certains, comme la page Facebook Le feu sacr\u00e9, r\u00e9clament une d\u00e9mission collective :<\/p>\n<\/p>\n<p>Le fondateur de cette page d&rsquo;info d\u00e9di\u00e9e au FC Metz, Gilles Marchal, explique : \u00ab\u00a0Je suis fan du FC Metz depuis les ann\u00e9es 80. Je fais partie de la g\u00e9n\u00e9ration qui a connu Molinari, 2 Coupes de France, une Coupe de la Ligue. C&rsquo;est une \u00e9quipe l\u00e9gendaire. C&rsquo;est pour \u00e7a que les supporters qui se d\u00e9placent \u00e0 chaque match sont si en col\u00e8re.\u00a0\u00bb<\/p>\n<p>\u00ab\u00a0La situation du club est telle qu&rsquo;il est condamn\u00e9 \u00e0 vendre ses p\u00e9pites\u00a0\u00bb, ajoute-t-il. Il fait r\u00e9f\u00e9rence \u00e0 l&rsquo;annonce de la vente de Brian Madjo, officialis\u00e9e ce lundi au club d&rsquo;Aston Villa pour une somme qui avoisinerait les 12 millions d&rsquo;euros.<\/p>\n<blockquote class=\"ftvi_content_quote\">\n<p class=\"ftvi_citation_quote\">On passe du pr\u00e9c\u00e9dent match contre le PSG o\u00f9 on voyait jouer des Graoully \u00e0 celui-ci avec des ch\u00e8vres.<\/p>\n<\/blockquote>\n<p>Sylvain Kastendeuch, un des joueurs mythiques des Grenats, puis des Bleus, appelle \u00e0 relativiser. \u00ab\u00a0Ce que j&rsquo;ai envie de demander c\u2019est de calmer un peu les r\u00e9actions. Il y a une grande ingratitude notamment par rapport au pr\u00e9sident. Si Bernard Serin quitte le club, je ne sais pas quel sera l&rsquo;avenir du FC Metz. Avant de demander une d\u00e9mission, il faut r\u00e9fl\u00e9chir \u00e0 une solution alternative et aujourd&rsquo;hui le club ne l&rsquo;a pas. Je trouve qu&rsquo;il y a une s\u00e9v\u00e9rit\u00e9 et une agressivit\u00e9 qu&rsquo;il faudrait relativiser, d&rsquo;autant plus que le maintien est aujourd&rsquo;hui encore possible.\u00a0\u00bb<\/p>\n<p>Tous les regards seront braqu\u00e9s sur le match de dimanche. Un derby alsaco-lorrain contre Stransbourg au stade de la Meinau. Peut-\u00eatre une derni\u00e8re occasion de se reprendre.<\/p>\n<p>Certains supporters appellent \u00e0 vider les tribunes pour cr\u00e9er un \u00e9lectrochoc. Ce n&rsquo;est pas le cas de Gilles Marchal, qui d\u00e9clare : \u00ab\u00a0Je suivrai le match et je serai derri\u00e8re le club.\u00a0\u00bb<\/p>\n","protected":false},"excerpt":{"rendered":"Apr\u00e8s l\u2019humiliation de dimanche en Coupe de France \u00e0 domicile contre Montpellier, rien ne va plus entre le&hellip;\n","protected":false},"author":2,"featured_media":661453,"comment_status":"","ping_status":"","sticky":false,"template":"","format":"standard","meta":{"footnotes":""},"categories":[1410],"tags":[63,1011,27,60],"class_list":{"0":"post-661452","1":"post","2":"type-post","3":"status-publish","4":"format-standard","5":"has-post-thumbnail","7":"category-football","8":"tag-football","9":"tag-fr","10":"tag-france","11":"tag-sports"},"share_on_mastodon":{"url":"https:\/\/pubeurope.com\/@fr\/115889854559061098","error":""},"_links":{"self":[{"href":"https:\/\/www.europesays.com\/fr\/wp-json\/wp\/v2\/posts\/661452","targetHints":{"allow":["GET"]}}],"collection":[{"href":"https:\/\/www.europesays.com\/fr\/wp-json\/wp\/v2\/posts"}],"about":[{"href":"https:\/\/www.europesays.com\/fr\/wp-json\/wp\/v2\/types\/post"}],"author":[{"embeddable":true,"href":"https:\/\/www.europesays.com\/fr\/wp-json\/wp\/v2\/users\/2"}],"replies":[{"embeddable":true,"href":"https:\/\/www.europesays.com\/fr\/wp-json\/wp\/v2\/comments?post=661452"}],"version-history":[{"count":0,"href":"https:\/\/www.europesays.com\/fr\/wp-json\/wp\/v2\/posts\/661452\/revisions"}],"wp:featuredmedia":[{"embeddable":true,"href":"https:\/\/www.europesays.com\/fr\/wp-json\/wp\/v2\/media\/661453"}],"wp:attachment":[{"href":"https:\/\/www.europesays.com\/fr\/wp-json\/wp\/v2\/media?parent=661452"}],"wp:term":[{"taxonomy":"category","embeddable":true,"href":"https:\/\/www.europesays.com\/fr\/wp-json\/wp\/v2\/categories?post=661452"},{"taxonomy":"post_tag","embeddable":true,"href":"https:\/\/www.europesays.com\/fr\/wp-json\/wp\/v2\/tags?post=661452"}],"curies":[{"name":"wp","href":"https:\/\/api.w.org\/{rel}","templated":true}]}}