{"id":661454,"date":"2026-01-13T21:13:11","date_gmt":"2026-01-13T21:13:11","guid":{"rendered":"https:\/\/www.europesays.com\/fr\/661454\/"},"modified":"2026-01-13T21:13:11","modified_gmt":"2026-01-13T21:13:11","slug":"pascal-praud-et-les-agriculteurs-blancs-tolle-politique-apres-des-propos-tenus-par-lanimateur-larcom-et-la-justice-saisies","status":"publish","type":"post","link":"https:\/\/www.europesays.com\/fr\/661454\/","title":{"rendered":"Pascal Praud et les agriculteurs \u00ab\u00a0blancs\u00a0\u00bb\u00a0: toll\u00e9 politique apr\u00e8s des propos tenus par l\u2019animateur, l\u2019Arcom et la justice saisies"},"content":{"rendered":"<p>\n                                                                Nouvelle temp\u00eate pour CNews. En direct, Pascal Praud a affirm\u00e9 qu\u2019il \u00e9tait difficile pour les policiers d\u2019intervenir face \u00e0 des agriculteurs \u00ab\u00a0blancs\u00a0\u00bb. Une sortie qualifi\u00e9e de \u00ab\u00a0raciste\u00a0\u00bb par LFI et le PCF, qui saisissent officiellement le procureur de la R\u00e9publique.\n                            <\/p>\n<p>Pascal Praud de nouveau dans la tourmente. Il est 10\u00a0h\u00a018 ce mardi 13\u00a0janvier lorsque l\u2019animateur de \u00ab\u00a0l\u2019Heure des pros\u00a0\u00bb se lance dans une analyse des manifestations d\u2019agriculteurs qui fera couler beaucoup d\u2019encre sur les r\u00e9seaux sociaux.<\/p>\n<p>\u00ab\u00a0Manifestement, les policiers font leur travail et les gens en face sont blancs. Vous voyez\u00a0? C\u2019est important de le dire parce que ce n\u2019est pas facile pour les policiers\u00a0\u00bb, commente-t-il, alors que des affrontements entre agriculteurs et forces de l\u2019ordre ont \u00e9clat\u00e9 sur l\u2019A64. \u00ab\u00a0Ils sont oblig\u00e9s de s\u2019interposer en plus avec des gens avec qui ils partagent parfois les convictions ou [\u2026] les origines. Et ils font leur job, les policiers. Et croyez-moi, ce n\u2019est pas facile pour eux.\u00a0\u00bb Un passage qui a provoqu\u00e9 un v\u00e9ritable toll\u00e9 \u00e0 gauche, notamment dans les rangs de la France insoumise et des communistes, qui ont annonc\u00e9 saisir l\u2019Arcom.<\/p>\n<p>CNews\u00a0: \u00ab\u00a0organe de propagande raciste et supr\u00e9maciste\u00a0\u00bb<\/p>\n<p>\u00ab\u00a0En France, n\u2019en d\u00e9plaise \u00e0 Pascal Praud, la police n\u2019a pas \u00e0 agir en fonction de la couleur de peau. Ces propos sont des propos racistes inacceptables. Nous saisissons l\u2019Arcom et le procureur de la R\u00e9publique\u00a0\u00bb, a r\u00e9agi Manuel Bompard, coordinateur de la France insoumise. Le d\u00e9put\u00e9 insoumis Rapha\u00ebl Arnault est m\u00eame all\u00e9 plus loin, r\u00e9clamant \u00ab\u00a0la fermeture de CNews, organe de propagande raciste et supr\u00e9maciste\u00a0\u00bb.<\/p>\n<p>M\u00eame r\u00e9action chez les communistes, o\u00f9 le s\u00e9nateur Ian Brossat d\u00e9nonce lui aussi un \u00ab\u00a0racisme \u00e0 flux continu absolument insupportable\u00a0\u00bb et une cha\u00eene devenue, selon lui, \u00ab\u00a0un d\u00e9potoir m\u00e9diatique\u00a0\u00bb. Il a annonc\u00e9 de son c\u00f4t\u00e9 saisir l\u2019Arcom et la procureure de la R\u00e9publique \u00ab\u00a0au titre de l\u2019article\u00a040 du Code de proc\u00e9dure p\u00e9nale\u00a0\u00bb. Le Premier secr\u00e9taire du PS Olivier Faure d\u00e9nonce quant \u00e0 lui \u00ab\u00a0une extr\u00eame droite totalement d\u00e9complex\u00e9e qui ne masque plus rien du fond de sa pens\u00e9e\u00a0\u00bb.<\/p>\n<p>Une s\u00e9quence \u00ab\u00a0sortie de son contexte\u00a0\u00bb<\/p>\n<p>Face au toll\u00e9, l\u2019animateur a rapidement tent\u00e9 de se justifier. Selon lui, la s\u00e9quence a \u00e9t\u00e9 \u00ab\u00a0sortie de son contexte\u00a0\u00bb\u00a0: son analyse faisait r\u00e9f\u00e9rence \u00e0 des d\u00e9clarations d\u2019Assa Traor\u00e9, tenues quelques jours plus t\u00f4t lors d\u2019un d\u00e9bat \u00e0 l\u2019Assembl\u00e9e nationale, o\u00f9 elle \u00e9voquait \u00ab\u00a0le racisme syst\u00e9mique\u00a0\u00bb au sein de la police. Selon Pascal Praud, il s\u2019agissait donc de montrer le contraste entre ces accusations et la situation v\u00e9cue par les policiers face \u00e0 des manifestants \u00ab\u00a0blancs\u00a0\u00bb. Ce qui, selon lui, contredirait les observations de la militante antiraciste.<\/p>\n<p>\u00c0 noter qu\u2019en juin dernier, la D\u00e9fenseure des droits, Claire H\u00e9don, rappelait dans <a href=\"https:\/\/www.defenseurdesdroits.fr\/enquete-sur-lacces-aux-droits-sur-les-relations-entre-police-et-population-que-retenir-896\" target=\"_self\" rel=\"noopener\">un rapport d\u00e9taill\u00e9<\/a> que \u00ab\u00a0certains groupes sociaux restent surexpos\u00e9s au risque d\u2019\u00eatre contr\u00f4l\u00e9s ou confront\u00e9s \u00e0 des comportements non professionnels\u00a0\u00bb. Elle citait notamment \u00ab\u00a0les jeunes per\u00e7us comme noirs, arabes ou maghr\u00e9bins\u00a0\u00bb et les personnes \u00ab\u00a0se d\u00e9clarant non-h\u00e9t\u00e9rosexuelles\u00a0\u00bb.<\/p>\n<p>    CNews\u00a0: une cinquantaine de saisines Arcom depuis 2017<\/p>\n<p>Depuis 2023, \u00ab\u00a0l\u2019Heure des pros\u00a0\u00bb et son animateur Pascal Praud font l\u2019objet d\u2019au moins une dizaine de saisines document\u00e9es aupr\u00e8s de l\u2019Arcom, souvent pour des propos jug\u00e9s discriminatoires ou provocateurs. Ces signalements ont conduit \u00e0 plusieurs instructions et d\u00e9cisions du r\u00e9gulateur. Quelques exemples document\u00e9s\u00a0:<\/p>\n<ul>\n<li><strong>29\u00a0septembre 2023\u00a0:<\/strong> saisine massive apr\u00e8s une question de Pascal Praud liant punaise de lit et immigration. Selon l\u2019animateur, la recrudescence des punaises de lit en France pouvait \u00eatre li\u00e9e \u00e0 l\u2019immigration. Il s\u2019agit d\u2019un \u00ab\u00a0racisme rance qu\u2019on esp\u00e9rait \u00e9radiqu\u00e9\u00a0\u00bb, se sont insurg\u00e9s des d\u00e9put\u00e9s Renaissance, annon\u00e7ant saisir le r\u00e9gulateur des m\u00e9dias.<\/li>\n<li><strong>6\u00a0janvier 2025\u00a0:<\/strong> dans un \u00e9ditorial, Pascal Praud remet en cause la solidit\u00e9 de l\u2019accusation dans l\u2019affaire de Nicolas Sarkozy, accus\u00e9 d\u2019avoir nou\u00e9 un pacte de corruption avec Mouammar Kadhafi. L\u2019Arcom avait \u00e9t\u00e9 saisie \u00e0 la suite d\u2019une s\u00e9quence pour\u00a0des propos \u00ab\u00a0d\u00e9nu\u00e9s de nuance \u00e0 l\u2019\u00e9gard du proc\u00e8s alors en cours\u00a0\u00bb.<\/li>\n<li><strong>4\u00a0avril 2025\u00a0:<\/strong> sur Cnews, Pascal Praud sugg\u00e8re que <a href=\"https:\/\/www.lindependant.fr\/2025\/04\/05\/beaucoup-de-femmes-qui-nont-pas-la-chance-detre-regardees-par-les-hommes-nourrissent-contre-eux-un-sentiment-de-revanche-pascal-praud-fait-polemique-12617530.php\" target=\"_self\" rel=\"noopener\">certaines femmes d\u00e9noncent des agressions sexuelles par vengeance<\/a>, faute d\u2019avoir \u00e9t\u00e9 d\u00e9sir\u00e9es. Des propos qui \u00ab\u00a0perp\u00e9tuent la culture du viol\u00a0\u00bb, d\u00e9non\u00e7aient LFI qui avaient saisi l\u2019Arcom.<\/li>\n<li>Le 30\u00a0d\u00e9cembre, Cnews avait \u00e9t\u00e9 mis en demeure par l\u2019Arcom pour des propos tenus sur l\u2019immigration et l\u2019islam lors de deux s\u00e9quences pouvant inciter \u00e0 la \u00ab\u00a0discrimination\u00a0\u00bb.<\/li>\n<\/ul>\n<p>Depuis son lancement en 2017 sous l\u2019impulsion de Vincent Bollor\u00e9, CNews a \u00e9cop\u00e9 d\u2019une cinquantaine de rappels \u00e0 l\u2019ordre de l\u2019Arcom. \u00c0 ce jour, huit sanctions financi\u00e8res ont \u00e9t\u00e9 prononc\u00e9es contre la cha\u00eene, la plus lourde (200\u00a0000\u00a0euros) visant des propos tenus par \u00c9ric Zemmour en mars\u00a02021 sur les mineurs isol\u00e9s, qualifi\u00e9s \u00ab\u00a0pour la plupart, de voleurs, violeurs et assassins\u00a0\u00bb.<\/p>\n","protected":false},"excerpt":{"rendered":"Nouvelle temp\u00eate pour CNews. En direct, Pascal Praud a affirm\u00e9 qu\u2019il \u00e9tait difficile pour les policiers d\u2019intervenir face&hellip;\n","protected":false},"author":2,"featured_media":661455,"comment_status":"","ping_status":"","sticky":false,"template":"","format":"standard","meta":{"footnotes":""},"categories":[1359],"tags":[58,59,1011,27,973,68925],"class_list":{"0":"post-661454","1":"post","2":"type-post","3":"status-publish","4":"format-standard","5":"has-post-thumbnail","7":"category-people","8":"tag-divertissement","9":"tag-entertainment","10":"tag-fr","11":"tag-france","12":"tag-people","13":"tag-tu00e9lu00e9-mu00e9dias"},"share_on_mastodon":{"url":"https:\/\/pubeurope.com\/@fr\/115889858352081191","error":""},"_links":{"self":[{"href":"https:\/\/www.europesays.com\/fr\/wp-json\/wp\/v2\/posts\/661454","targetHints":{"allow":["GET"]}}],"collection":[{"href":"https:\/\/www.europesays.com\/fr\/wp-json\/wp\/v2\/posts"}],"about":[{"href":"https:\/\/www.europesays.com\/fr\/wp-json\/wp\/v2\/types\/post"}],"author":[{"embeddable":true,"href":"https:\/\/www.europesays.com\/fr\/wp-json\/wp\/v2\/users\/2"}],"replies":[{"embeddable":true,"href":"https:\/\/www.europesays.com\/fr\/wp-json\/wp\/v2\/comments?post=661454"}],"version-history":[{"count":0,"href":"https:\/\/www.europesays.com\/fr\/wp-json\/wp\/v2\/posts\/661454\/revisions"}],"wp:featuredmedia":[{"embeddable":true,"href":"https:\/\/www.europesays.com\/fr\/wp-json\/wp\/v2\/media\/661455"}],"wp:attachment":[{"href":"https:\/\/www.europesays.com\/fr\/wp-json\/wp\/v2\/media?parent=661454"}],"wp:term":[{"taxonomy":"category","embeddable":true,"href":"https:\/\/www.europesays.com\/fr\/wp-json\/wp\/v2\/categories?post=661454"},{"taxonomy":"post_tag","embeddable":true,"href":"https:\/\/www.europesays.com\/fr\/wp-json\/wp\/v2\/tags?post=661454"}],"curies":[{"name":"wp","href":"https:\/\/api.w.org\/{rel}","templated":true}]}}